{"id":165654,"date":"2025-03-05T08:32:40","date_gmt":"2025-03-05T11:32:40","guid":{"rendered":"https:\/\/cdnoticias.com\/?p=165654"},"modified":"2025-03-05T12:32:38","modified_gmt":"2025-03-05T15:32:38","slug":"actividades-suspendidas-debido-a-la-lluvia","status":"publish","type":"post","link":"https:\/\/cdnoticias.com\/index.php\/2025\/03\/05\/actividades-suspendidas-debido-a-la-lluvia\/","title":{"rendered":"Actividades suspendidas debido a la lluvia"},"content":{"rendered":"<p>El Municipio confirm\u00f3 que ser\u00e1 reprogramado el Quir\u00f3fano Veterinario que iba a desarrollarse en Loma Negra y tambi\u00e9n fue suspendida la jornada de Mercados Bonaerenses.<!--more--><\/p>\n<hr \/>\n<p>Este mi\u00e9rcoles se inform\u00f3 desde el Municipio la<strong> suspensi\u00f3n de distintas actividades debido a la lluvia<\/strong> pronosticada para la ma\u00f1ana.<\/p>\n<p>La atenci\u00f3n del<strong> Quir\u00f3fano Veterinario M\u00f3vil<\/strong> programada en Loma Negra fue suspendida debido al pron\u00f3stico de precipitaciones. En los pr\u00f3ximos d\u00edas se comunicar\u00e1 la fecha de reprogramaci\u00f3n de la actividad.<\/p>\n<p>Adem\u00e1s, tambi\u00e9n fue suspendida la jornada de <strong>Mercados Bonaerenses<\/strong> que se hab\u00eda anunciado<a href=\"https:\/\/cdnoticias.com\/index.php\/2025\/03\/04\/este-miercoles-mercados-bonaerenses-en-parque-eseverri\/\" target=\"_blank\" rel=\"noopener\"> a partir de las 9 en el Parque Helios Eseverri<\/a>.<\/p>\n","protected":false},"excerpt":{"rendered":"<p>El Municipio confirm\u00f3 que ser\u00e1 reprogramado el Quir\u00f3fano Veterinario que iba a desarrollarse en Loma Negra y tambi\u00e9n fue suspendida<\/p>\n","protected":false},"author":4,"featured_media":165643,"comment_status":"closed","ping_status":"closed","sticky":false,"template":"","format":"standard","meta":{"_jetpack_memberships_contains_paid_content":false,"footnotes":""},"categories":[5,1],"tags":[],"class_list":["post-165654","post","type-post","status-publish","format-standard","has-post-thumbnail","hentry","category-informacion-general","category-portada"],"jetpack_featured_media_url":"https:\/\/i0.wp.com\/cdnoticias.com\/wp-content\/uploads\/2025\/03\/lluvia-tormenta-4-de-marzo-2025-e-plaza-central.jpg?fit=1000%2C556&ssl=1","jetpack_sharing_enabled":true,"_links":{"self":[{"href":"https:\/\/cdnoticias.com\/index.php\/wp-json\/wp\/v2\/posts\/165654","targetHints":{"allow":["GET"]}}],"collection":[{"href":"https:\/\/cdnoticias.com\/index.php\/wp-json\/wp\/v2\/posts"}],"about":[{"href":"https:\/\/cdnoticias.com\/index.php\/wp-json\/wp\/v2\/types\/post"}],"author":[{"embeddable":true,"href":"https:\/\/cdnoticias.com\/index.php\/wp-json\/wp\/v2\/users\/4"}],"replies":[{"embeddable":true,"href":"https:\/\/cdnoticias.com\/index.php\/wp-json\/wp\/v2\/comments?post=165654"}],"version-history":[{"count":0,"href":"https:\/\/cdnoticias.com\/index.php\/wp-json\/wp\/v2\/posts\/165654\/revisions"}],"wp:featuredmedia":[{"embeddable":true,"href":"https:\/\/cdnoticias.com\/index.php\/wp-json\/wp\/v2\/media\/165643"}],"wp:attachment":[{"href":"https:\/\/cdnoticias.com\/index.php\/wp-json\/wp\/v2\/media?parent=165654"}],"wp:term":[{"taxonomy":"category","embeddable":true,"href":"https:\/\/cdnoticias.com\/index.php\/wp-json\/wp\/v2\/categories?post=165654"},{"taxonomy":"post_tag","embeddable":true,"href":"https:\/\/cdnoticias.com\/index.php\/wp-json\/wp\/v2\/tags?post=165654"}],"curies":[{"name":"wp","href":"https:\/\/api.w.org\/{rel}","templated":true}]}}