{"id":165646,"date":"2025-03-05T16:10:03","date_gmt":"2025-03-05T19:10:03","guid":{"rendered":"https:\/\/cdnoticias.com\/?p=165646"},"modified":"2025-03-05T16:10:07","modified_gmt":"2025-03-05T19:10:07","slug":"oficina-de-empleo-nuevas-propuestas-laborales-vigentes","status":"publish","type":"post","link":"https:\/\/cdnoticias.com\/index.php\/2025\/03\/05\/oficina-de-empleo-nuevas-propuestas-laborales-vigentes\/","title":{"rendered":"Oficina de Empleo: nuevas propuestas laborales vigentes"},"content":{"rendered":"\n<p>Las b\u00fasquedas se encuentran publicadas en el Portal de Empleo, espacio donde las y los interesados pueden postular de manera directa. Conoc\u00e9 las propuestas.\u00a0<\/p>\n\n\n\n<hr class=\"wp-block-separator aligncenter has-alpha-channel-opacity\"\/>\n\n\n\n<p>Desde la Direcci\u00f3n de Empleo del Municipio de Olavarr\u00eda se inform\u00f3 a la comunidad la oferta laboral vigente a la fecha.<\/p>\n\n\n\n<p><\/p>\n\n\n\n<p>Las b\u00fasquedas se encuentran publicadas en el <a href=\"https:\/\/invertir.olavarria.gov.ar\/servicios\/portal-de-empleo\/\" target=\"_blank\" rel=\"noreferrer noopener\">Portal de Empleo<\/a>, espacio donde las y los interesados pueden postular de manera directa.<\/p>\n\n\n\n<p><\/p>\n\n\n\n<p class=\"has-medium-font-size\"><strong>Propuestas Laborales&nbsp;<\/strong><\/p>\n\n\n\n<p><strong>Repartidor<\/strong><\/p>\n\n\n\n<ul class=\"wp-block-list\">\n<li>\u00c1reas chofer para camiones, comercial, almac\u00e9n, dep\u00f3sito, abastecimiento,<\/li>\n<\/ul>\n\n\n\n<ul class=\"wp-block-list\">\n<li>Tipo de puesto: full time<\/li>\n<\/ul>\n\n\n\n<ul class=\"wp-block-list\">\n<li>Salario: por convenio<\/li>\n<\/ul>\n\n\n\n<ul class=\"wp-block-list\">\n<li>Vacantes: 1<\/li>\n<\/ul>\n\n\n\n<ul class=\"wp-block-list\">\n<li>Fecha de vencimiento: 06\/03\/2025<\/li>\n<\/ul>\n\n\n\n<ul class=\"wp-block-list\">\n<li>Lugar de trabajo: Olavarr\u00eda y la zona<\/li>\n<\/ul>\n\n\n\n<ul class=\"wp-block-list\">\n<li>Detalle: importante distribuidora alimenticia de la ciudad se encuentra en la b\u00fasqueda de un conductor de cami\u00f3n para realizar reparto y descarga de mercader\u00eda en Olavarr\u00eda y la zona. La jornada laboral ser\u00e1 de lunes a viernes de 7:00 horas a 17:00 horas y s\u00e1bado de 7:00 a 13:00 horas cada quince d\u00edas.<\/li>\n<\/ul>\n\n\n\n<ul class=\"wp-block-list\">\n<li>Requisitos: licencia de conducir vigente \u2013 disponibilidad horaria \u2013 se valorar\u00e1 contar con experiencia previa en puestos similares.<\/li>\n<\/ul>\n\n\n\n<p><strong>\u00a0Administrativo\/a<\/strong><\/p>\n\n\n\n<ul class=\"wp-block-list\">\n<li>\u00c1reas: facturac1i\u00f3n, compras, administraci\u00f3n de base de datos,<\/li>\n<\/ul>\n\n\n\n<ul class=\"wp-block-list\">\n<li>Tipo de puesto: full time<\/li>\n<\/ul>\n\n\n\n<ul class=\"wp-block-list\">\n<li>Salario: por convenio<\/li>\n<\/ul>\n\n\n\n<ul class=\"wp-block-list\">\n<li>Vacantes: 1<\/li>\n<\/ul>\n\n\n\n<ul class=\"wp-block-list\">\n<li>Fecha de vencimiento: 07\/03\/2025<\/li>\n<\/ul>\n\n\n\n<ul class=\"wp-block-list\">\n<li>Lugar de trabajo: Olavarr\u00eda<\/li>\n<\/ul>\n\n\n\n<ul class=\"wp-block-list\">\n<li>Detalle: importante distribuidora local se encuentra en la b\u00fasqueda de una persona para realizar tareas administrativas, manejo de proveedores, facturaci\u00f3n, etc. La jornada laboral es de lunes a viernes de 8:00 a 17:00 horas y s\u00e1bados de 8:00 a 13:00 horas.<\/li>\n<\/ul>\n\n\n\n<ul class=\"wp-block-list\">\n<li>Requisitos: se valorar\u00e1 experiencia previa en administraci\u00f3n, manejo de proveedores y facturaci\u00f3n (no excluyente). Disponibilidad horaria.<\/li>\n<\/ul>\n\n\n\n<p><strong>\u00a0Ni\u00f1era\/Dom\u00e9stica<\/strong><\/p>\n\n\n\n<ul class=\"wp-block-list\">\n<li>\u00c1reas: mantenimiento y limpieza, servicios, cuidado de ni\u00f1os.<\/li>\n<\/ul>\n\n\n\n<ul class=\"wp-block-list\">\n<li>Tipo de puesto: Part Time<\/li>\n<\/ul>\n\n\n\n<ul class=\"wp-block-list\">\n<li>Salario: por convenio<\/li>\n<\/ul>\n\n\n\n<ul class=\"wp-block-list\">\n<li>Vacantes: 1<\/li>\n<\/ul>\n\n\n\n<ul class=\"wp-block-list\">\n<li>Fecha de vencimiento: 07\/03\/2025<\/li>\n<\/ul>\n\n\n\n<ul class=\"wp-block-list\">\n<li>Lugar de trabajo: Olavarr\u00eda<\/li>\n<\/ul>\n\n\n\n<ul class=\"wp-block-list\">\n<li>Detalle: empleador particular se encuentra en la b\u00fasqueda de una persona para el cuidado de ni\u00f1os y para realizar tareas dom\u00e9sticas. La jornada laboral es de lunes a viernes de 9:00 a 14:00 horas. <\/li>\n<\/ul>\n\n\n\n<ul class=\"wp-block-list\">\n<li>Requisitos: se requiere experiencia previa en cuidado de ni\u00f1os y en tareas dom\u00e9sticas. Referencias laborales comprobables. Edad: entre 25 y 40 a\u00f1os.<\/li>\n<\/ul>\n\n\n\n<p><\/p>\n","protected":false},"excerpt":{"rendered":"<p>Las b\u00fasquedas se encuentran publicadas en el Portal de Empleo, espacio donde las y los interesados pueden postular de manera<\/p>\n","protected":false},"author":6,"featured_media":105914,"comment_status":"closed","ping_status":"closed","sticky":false,"template":"","format":"standard","meta":{"_jetpack_memberships_contains_paid_content":false,"footnotes":""},"categories":[5,1],"tags":[],"class_list":["post-165646","post","type-post","status-publish","format-standard","has-post-thumbnail","hentry","category-informacion-general","category-portada"],"jetpack_featured_media_url":"https:\/\/i0.wp.com\/cdnoticias.com\/wp-content\/uploads\/2024\/01\/busquedas-laborales-municipio.jpg?fit=1000%2C637&ssl=1","jetpack_sharing_enabled":true,"_links":{"self":[{"href":"https:\/\/cdnoticias.com\/index.php\/wp-json\/wp\/v2\/posts\/165646","targetHints":{"allow":["GET"]}}],"collection":[{"href":"https:\/\/cdnoticias.com\/index.php\/wp-json\/wp\/v2\/posts"}],"about":[{"href":"https:\/\/cdnoticias.com\/index.php\/wp-json\/wp\/v2\/types\/post"}],"author":[{"embeddable":true,"href":"https:\/\/cdnoticias.com\/index.php\/wp-json\/wp\/v2\/users\/6"}],"replies":[{"embeddable":true,"href":"https:\/\/cdnoticias.com\/index.php\/wp-json\/wp\/v2\/comments?post=165646"}],"version-history":[{"count":0,"href":"https:\/\/cdnoticias.com\/index.php\/wp-json\/wp\/v2\/posts\/165646\/revisions"}],"wp:featuredmedia":[{"embeddable":true,"href":"https:\/\/cdnoticias.com\/index.php\/wp-json\/wp\/v2\/media\/105914"}],"wp:attachment":[{"href":"https:\/\/cdnoticias.com\/index.php\/wp-json\/wp\/v2\/media?parent=165646"}],"wp:term":[{"taxonomy":"category","embeddable":true,"href":"https:\/\/cdnoticias.com\/index.php\/wp-json\/wp\/v2\/categories?post=165646"},{"taxonomy":"post_tag","embeddable":true,"href":"https:\/\/cdnoticias.com\/index.php\/wp-json\/wp\/v2\/tags?post=165646"}],"curies":[{"name":"wp","href":"https:\/\/api.w.org\/{rel}","templated":true}]}}