{"id":165629,"date":"2025-03-04T15:38:21","date_gmt":"2025-03-04T18:38:21","guid":{"rendered":"https:\/\/cdnoticias.com\/?p=165629"},"modified":"2025-03-04T15:38:25","modified_gmt":"2025-03-04T18:38:25","slug":"este-miercoles-mercados-bonaerenses-en-parque-eseverri","status":"publish","type":"post","link":"https:\/\/cdnoticias.com\/index.php\/2025\/03\/04\/este-miercoles-mercados-bonaerenses-en-parque-eseverri\/","title":{"rendered":"Este mi\u00e9rcoles, Mercados Bonaerenses en Parque Eseverri"},"content":{"rendered":"<p>De 9 a 14 horas estar\u00e1n los productores locales y los camiones del Ministerio de Desarrollo Agrario con l\u00e1cteos, pastas y pescados.<!--more--><\/p>\n<hr \/>\n<p>Desde la <strong>Secretar\u00eda de Desarrollo Econ\u00f3mico y Productivo municipal<\/strong> se informa que <strong>este mi\u00e9rcoles<\/strong> se llevar\u00e1 a cabo una nueva edici\u00f3n del programa<strong> \u201cMercados Bonaerenses\u201d.<\/strong><\/p>\n<blockquote><p>La feria se desarrollar\u00e1 de 9 a 14 horas en Parque Eseverri (Av. Trabajadores y Alsina), con la intenci\u00f3n de que todos los vecinos y vecinas de la ciudad puedan acercarse.<\/p><\/blockquote>\n<p>Esta nueva jornada contar\u00e1 la <strong>participaci\u00f3n de productores locales<\/strong> entre los cuales se podr\u00e1n encontrar elaboraciones como: panificados dulces y salados, bebidas, plantas y plantines, miel, productos sin TACC, frutas y verduras, alfajores.<\/p>\n<p>Adem\u00e1s, participar\u00e1n de la feria<strong> dos camiones del Ministerio de Desarrollo Agrario bonaerense<\/strong>, que dispondr\u00e1n productos<strong> l\u00e1cteos, pastas y pescados<\/strong>: estos \u00faltimos dos rubros 40% de descuento con Cuenta DNI (tope de reintegro $4000).<\/p>\n<p>El Programa \u201cMercados Bonaerenses\u201d -Impulsado desde el Ministerio de Desarrollo Agrario de la Provincia de Buenos Aires- promociona la producci\u00f3n y el consumo de alimentos bonaerenses acercando a productores, productoras, consumidores y consumidoras a trav\u00e9s de una red de ferias y mercados en toda la provincia de Buenos Aires.<\/p>\n<p>Asimismo tiene por objetivo fortalecer y asistir experiencias de producci\u00f3n, comercializaci\u00f3n y abastecimiento local de agroalimentos, que se desarrollen en el \u00e1mbito de la provincia de Buenos Aires; fomentar la producci\u00f3n y el consumo de \u201cAlimentos Bonaerenses\u201d a trav\u00e9s de la asistencia, formalizaci\u00f3n y capacitaci\u00f3n a productores, comercializadores y municipios, para crear, ampliar y fortalecer mercados y ferias de alimentos fijas o itinerantes.<\/p>\n<p>Por \u00faltimo se solicit\u00f3 llevar bolsa para las compras.<\/p>\n","protected":false},"excerpt":{"rendered":"<p>De 9 a 14 horas estar\u00e1n los productores locales y los camiones del Ministerio de Desarrollo Agrario con l\u00e1cteos, pastas<\/p>\n","protected":false},"author":4,"featured_media":109465,"comment_status":"closed","ping_status":"closed","sticky":false,"template":"","format":"standard","meta":{"_jetpack_memberships_contains_paid_content":false,"footnotes":""},"categories":[5,1],"tags":[],"class_list":["post-165629","post","type-post","status-publish","format-standard","has-post-thumbnail","hentry","category-informacion-general","category-portada"],"jetpack_featured_media_url":"https:\/\/i0.wp.com\/cdnoticias.com\/wp-content\/uploads\/2024\/02\/mercados-bonaerenses-primera-edicion-1.jpg?fit=1000%2C625&ssl=1","jetpack_sharing_enabled":true,"_links":{"self":[{"href":"https:\/\/cdnoticias.com\/index.php\/wp-json\/wp\/v2\/posts\/165629","targetHints":{"allow":["GET"]}}],"collection":[{"href":"https:\/\/cdnoticias.com\/index.php\/wp-json\/wp\/v2\/posts"}],"about":[{"href":"https:\/\/cdnoticias.com\/index.php\/wp-json\/wp\/v2\/types\/post"}],"author":[{"embeddable":true,"href":"https:\/\/cdnoticias.com\/index.php\/wp-json\/wp\/v2\/users\/4"}],"replies":[{"embeddable":true,"href":"https:\/\/cdnoticias.com\/index.php\/wp-json\/wp\/v2\/comments?post=165629"}],"version-history":[{"count":0,"href":"https:\/\/cdnoticias.com\/index.php\/wp-json\/wp\/v2\/posts\/165629\/revisions"}],"wp:featuredmedia":[{"embeddable":true,"href":"https:\/\/cdnoticias.com\/index.php\/wp-json\/wp\/v2\/media\/109465"}],"wp:attachment":[{"href":"https:\/\/cdnoticias.com\/index.php\/wp-json\/wp\/v2\/media?parent=165629"}],"wp:term":[{"taxonomy":"category","embeddable":true,"href":"https:\/\/cdnoticias.com\/index.php\/wp-json\/wp\/v2\/categories?post=165629"},{"taxonomy":"post_tag","embeddable":true,"href":"https:\/\/cdnoticias.com\/index.php\/wp-json\/wp\/v2\/tags?post=165629"}],"curies":[{"name":"wp","href":"https:\/\/api.w.org\/{rel}","templated":true}]}}