{"id":165624,"date":"2025-03-04T20:30:05","date_gmt":"2025-03-04T23:30:05","guid":{"rendered":"https:\/\/cdnoticias.com\/?p=165624"},"modified":"2025-03-05T12:00:54","modified_gmt":"2025-03-05T15:00:54","slug":"perro-asesinado-en-sierra-chica-doble-convocatoria-para-manifestarse-este-miercoles","status":"publish","type":"post","link":"https:\/\/cdnoticias.com\/index.php\/2025\/03\/04\/perro-asesinado-en-sierra-chica-doble-convocatoria-para-manifestarse-este-miercoles\/","title":{"rendered":"Perro asesinado en Sierra Chica: doble convocatoria para manifestarse este mi\u00e9rcoles"},"content":{"rendered":"<p>El caso que se dio la semana pasada en la localidad buscar\u00e1 visibilizarse en Olavarr\u00eda frente a la Fiscal\u00eda y a la Municipalidad.<!--more--><\/p>\n<hr \/>\n<p><strong>Vecinos de Sierra Chica y organizaciones de defensa de los derechos de los animales<\/strong> impulsan una <strong>doble actividad de protesta<\/strong> por el caso de <strong>\u201cOso&#8221;, el perro callejero asesinado en la localidad de Sierra Chica<\/strong> la semana pasada.<\/p>\n<p>Se buscar\u00e1 <strong>visibilizar el caso en Olavarr\u00eda y demandar el avance de la Justicia<\/strong> durante este mi\u00e9rcoles bajo el lema <strong>\u201cHacemos justicia por Oso\u201d<\/strong>.<\/p>\n<blockquote><p>Por la ma\u00f1ana se har\u00e1 una concentraci\u00f3n frente a la Fiscal\u00eda: desde las 10 estar\u00e1n en Rufino Fal 2943.\u00a0Por la tarde, la convocatoria ser\u00e1 frente a la Municipalidad desde las 19.<\/p><\/blockquote>\n<p>Cabe recordar que <a href=\"https:\/\/cdnoticias.com\/index.php\/2025\/02\/27\/conmocion-en-sierra-chica-asesinaron-a-un-perro-y-dejaron-la-cabeza-en-la-via-publica\/\" target=\"_blank\" rel=\"noopener\">el pasado jueves 27 de febrero<\/a> el caso gener\u00f3 conmoci\u00f3n en Sierra Chica tras la <strong>aparici\u00f3n de la cabeza de un perro callejero llamado \u201cOso\u201d en la v\u00eda p\u00fablica, en la zona del barrio Municipales<\/strong>, y horas despu\u00e9s fue <strong>hallado el resto del cuerpo en una zanja<\/strong>. Inmediatamente los vecinos organizaron una <strong>manifestaci\u00f3n espont\u00e1nea<\/strong> frente a la subcomisar\u00eda de Sierra Chica con el pedido de respuestas.<\/p>\n<p>Foto de tapa: <em>En L\u00ednea Noticias<\/em><\/p>\n<blockquote class=\"wp-embedded-content\" data-secret=\"NvSu0T8zNf\"><p><a href=\"https:\/\/cdnoticias.com\/index.php\/2025\/02\/27\/perro-decapitado-en-sierra-chica-se-esta-reuniendo-toda-la-informacion-posible\/\">Perro decapitado en Sierra Chica: \u201cse est\u00e1 reuniendo toda la informaci\u00f3n posible\u201d<\/a><\/p><\/blockquote>\n<p><iframe loading=\"lazy\" class=\"wp-embedded-content\" sandbox=\"allow-scripts\" security=\"restricted\" style=\"position: absolute; visibility: hidden;\" title=\"&#8220;Perro decapitado en Sierra Chica: \u201cse est\u00e1 reuniendo toda la informaci\u00f3n posible\u201d&#8221; &#8212; Central de Noticias | Olavarr\u00eda\" src=\"https:\/\/cdnoticias.com\/index.php\/2025\/02\/27\/perro-decapitado-en-sierra-chica-se-esta-reuniendo-toda-la-informacion-posible\/embed\/#?secret=KWbYkRHR1e#?secret=NvSu0T8zNf\" data-secret=\"NvSu0T8zNf\" width=\"600\" height=\"338\" frameborder=\"0\" marginwidth=\"0\" marginheight=\"0\" scrolling=\"no\"><\/iframe><\/p>\n","protected":false},"excerpt":{"rendered":"<p>El caso que se dio la semana pasada en la localidad buscar\u00e1 visibilizarse en Olavarr\u00eda frente a la Fiscal\u00eda y<\/p>\n","protected":false},"author":4,"featured_media":165321,"comment_status":"closed","ping_status":"closed","sticky":false,"template":"","format":"standard","meta":{"_jetpack_memberships_contains_paid_content":false,"footnotes":""},"categories":[5,1],"tags":[],"class_list":["post-165624","post","type-post","status-publish","format-standard","has-post-thumbnail","hentry","category-informacion-general","category-portada"],"jetpack_featured_media_url":"https:\/\/i0.wp.com\/cdnoticias.com\/wp-content\/uploads\/2025\/02\/WhatsApp-Image-2025-02-27-at-16.51.17.jpeg?fit=1599%2C1066&ssl=1","jetpack_sharing_enabled":true,"_links":{"self":[{"href":"https:\/\/cdnoticias.com\/index.php\/wp-json\/wp\/v2\/posts\/165624","targetHints":{"allow":["GET"]}}],"collection":[{"href":"https:\/\/cdnoticias.com\/index.php\/wp-json\/wp\/v2\/posts"}],"about":[{"href":"https:\/\/cdnoticias.com\/index.php\/wp-json\/wp\/v2\/types\/post"}],"author":[{"embeddable":true,"href":"https:\/\/cdnoticias.com\/index.php\/wp-json\/wp\/v2\/users\/4"}],"replies":[{"embeddable":true,"href":"https:\/\/cdnoticias.com\/index.php\/wp-json\/wp\/v2\/comments?post=165624"}],"version-history":[{"count":0,"href":"https:\/\/cdnoticias.com\/index.php\/wp-json\/wp\/v2\/posts\/165624\/revisions"}],"wp:featuredmedia":[{"embeddable":true,"href":"https:\/\/cdnoticias.com\/index.php\/wp-json\/wp\/v2\/media\/165321"}],"wp:attachment":[{"href":"https:\/\/cdnoticias.com\/index.php\/wp-json\/wp\/v2\/media?parent=165624"}],"wp:term":[{"taxonomy":"category","embeddable":true,"href":"https:\/\/cdnoticias.com\/index.php\/wp-json\/wp\/v2\/categories?post=165624"},{"taxonomy":"post_tag","embeddable":true,"href":"https:\/\/cdnoticias.com\/index.php\/wp-json\/wp\/v2\/tags?post=165624"}],"curies":[{"name":"wp","href":"https:\/\/api.w.org\/{rel}","templated":true}]}}