{"id":165617,"date":"2025-03-04T19:33:00","date_gmt":"2025-03-04T22:33:00","guid":{"rendered":"https:\/\/cdnoticias.com\/?p=165617"},"modified":"2025-03-04T19:33:05","modified_gmt":"2025-03-04T22:33:05","slug":"desde-que-asumio-milei-el-personal-del-sector-publico-se-redujo-casi-un-13","status":"publish","type":"post","link":"https:\/\/cdnoticias.com\/index.php\/2025\/03\/04\/desde-que-asumio-milei-el-personal-del-sector-publico-se-redujo-casi-un-13\/","title":{"rendered":"Desde que asumi\u00f3 Milei, el personal del sector p\u00fablico se redujo casi un 13%"},"content":{"rendered":"<p>Entre diciembre de 2023 y enero de 2025, el Gobierno despidi\u00f3 a m\u00e1s de 43.000 empleados de la Administraci\u00f3n P\u00fablica Nacional, seg\u00fan un informe de CEPA.<!--more--><\/p>\n<hr \/>\n<p><strong>Desde que asumi\u00f3 Javier Milei<\/strong> la presidencia en diciembre de 2023 <strong>hasta enero de 2025<\/strong>, la promocionada \u201cmotosierra\u201d del Gobierno <strong>dej\u00f3 sin trabajo a 43.778 personas en el sector p\u00fablico<\/strong>. Esa reducci\u00f3n de personal en empresas y organismos estatales represent\u00f3 un <strong>recorte del 12,8%.<\/strong><\/p>\n<p>El dato surge del<strong> informe<\/strong> que elabor\u00f3 el <strong>Centro de Econom\u00eda Pol\u00edtica Argentina (CEPA)<\/strong>, en el que analiz\u00f3 lo ocurrido en material de despidos y cesant\u00edas en el universo de la Administraci\u00f3n P\u00fablica Nacional desde el 10 de diciembre de 2023, cuando el Gobierno asumi\u00f3 la gesti\u00f3n.<\/p>\n<p>El CEPA indic\u00f3 que entre los sectores donde se registraron despidos se encuentran las<em> empresas p\u00fablicas y sociedades estatales<\/em>, seguidos por la <em>Administraci\u00f3n descentralizada<\/em>, y la <em>Administraci\u00f3n centralizada y desconcentrada<\/em>.<\/p>\n<p><img data-recalc-dims=\"1\" loading=\"lazy\" decoding=\"async\" class=\"size-full wp-image-112896 aligncenter\" src=\"https:\/\/i0.wp.com\/cdnoticias.com\/wp-content\/uploads\/2024\/04\/despidos-desarrollo-nacion-CR-ANDIS-02.jpg?resize=800%2C445&#038;ssl=1\" alt=\"\" width=\"800\" height=\"445\" srcset=\"https:\/\/i0.wp.com\/cdnoticias.com\/wp-content\/uploads\/2024\/04\/despidos-desarrollo-nacion-CR-ANDIS-02.jpg?w=800&amp;ssl=1 800w, https:\/\/i0.wp.com\/cdnoticias.com\/wp-content\/uploads\/2024\/04\/despidos-desarrollo-nacion-CR-ANDIS-02.jpg?resize=300%2C167&amp;ssl=1 300w, https:\/\/i0.wp.com\/cdnoticias.com\/wp-content\/uploads\/2024\/04\/despidos-desarrollo-nacion-CR-ANDIS-02.jpg?resize=768%2C427&amp;ssl=1 768w\" sizes=\"auto, (max-width: 800px) 100vw, 800px\" \/><\/p>\n<p>En cuanto a reducci\u00f3n de personal en relaci\u00f3n con el tama\u00f1o de su dotaci\u00f3n, es decir <strong>de manera porcentual:<\/strong><\/p>\n<ul>\n<li>Desarrollo de Capital Humano Ferroviario: 99,7%<\/li>\n<li>Agencia de Publicidad del Estado SAU (ex T\u00e9lam): 79%<\/li>\n<li>ENARSA Patagonia S.A.: 66,7%<\/li>\n<li>Consejo Nacional de Coordinaci\u00f3n de Pol\u00edticas Sociales: 60%<\/li>\n<li>Educar S.E.: 52,7%<\/li>\n<li>Hospital Bonaparte: 51,7%<\/li>\n<li>Instituto Nacional de Cine y Artes Audiovisuales (INCAA:) 47,6%<\/li>\n<li>Contenidos P\u00fablicos S.E.: 44,6%<\/li>\n<li>Polo Tecnol\u00f3gico Constituyentes S.A.: 40%<\/li>\n<li>Instituto Nacional de Promoci\u00f3n Tur\u00edstica: 39%<\/li>\n<\/ul>\n<p><img data-recalc-dims=\"1\" loading=\"lazy\" decoding=\"async\" class=\"size-full wp-image-112402 aligncenter\" src=\"https:\/\/i0.wp.com\/cdnoticias.com\/wp-content\/uploads\/2024\/03\/anses-despidos-02.jpg?resize=800%2C445&#038;ssl=1\" alt=\"\" width=\"800\" height=\"445\" srcset=\"https:\/\/i0.wp.com\/cdnoticias.com\/wp-content\/uploads\/2024\/03\/anses-despidos-02.jpg?w=800&amp;ssl=1 800w, https:\/\/i0.wp.com\/cdnoticias.com\/wp-content\/uploads\/2024\/03\/anses-despidos-02.jpg?resize=300%2C167&amp;ssl=1 300w, https:\/\/i0.wp.com\/cdnoticias.com\/wp-content\/uploads\/2024\/03\/anses-despidos-02.jpg?resize=768%2C427&amp;ssl=1 768w\" sizes=\"auto, (max-width: 800px) 100vw, 800px\" \/><\/p>\n<blockquote><p>Como conclusi\u00f3n, el CEPA afirm\u00f3 que la pol\u00edtica de desguace \u201cest\u00e1 alineada con el objetivo expl\u00edcito de la gesti\u00f3n libertaria de reducir el Estado\u201d, y aclara que \u201cno s\u00f3lo en su tama\u00f1o\u201d sino tambi\u00e9n en \u201csus capacidades regulatorias y de gesti\u00f3n\u201d.<\/p><\/blockquote>\n<p>En cuanto a <strong>empresas o sociedades con mayor recorte de personal<\/strong>, la lista est\u00e1 encabezada por el<strong> Correo Argentino (-4.705)<\/strong>, seguido por la <strong>Agencia de Recaudaci\u00f3n y Control Aduanero (-1.694)<\/strong>, Aerol\u00edneas Argentinas (-1.558), AySA (-1.463), Conicet (-1.422), Operadora Ferroviaria Sociedad del Estado (-1.333), Anses (-1.272), Desarrollo de Capital Humano Ferroviario (-1.075), Banco Naci\u00f3n (-765) y ENACOM (-719).<\/p>\n<p>Fuente: <em>Agencia DIB<\/em><\/p>\n","protected":false},"excerpt":{"rendered":"<p>Entre diciembre de 2023 y enero de 2025, el Gobierno despidi\u00f3 a m\u00e1s de 43.000 empleados de la Administraci\u00f3n P\u00fablica<\/p>\n","protected":false},"author":4,"featured_media":165618,"comment_status":"closed","ping_status":"closed","sticky":false,"template":"","format":"standard","meta":{"_jetpack_memberships_contains_paid_content":false,"footnotes":""},"categories":[6,1],"tags":[],"class_list":["post-165617","post","type-post","status-publish","format-standard","has-post-thumbnail","hentry","category-nacionales","category-portada"],"jetpack_featured_media_url":"https:\/\/i0.wp.com\/cdnoticias.com\/wp-content\/uploads\/2025\/03\/ATE-reclamo-empleados-publicos.jpg?fit=630%2C420&ssl=1","jetpack_sharing_enabled":true,"_links":{"self":[{"href":"https:\/\/cdnoticias.com\/index.php\/wp-json\/wp\/v2\/posts\/165617","targetHints":{"allow":["GET"]}}],"collection":[{"href":"https:\/\/cdnoticias.com\/index.php\/wp-json\/wp\/v2\/posts"}],"about":[{"href":"https:\/\/cdnoticias.com\/index.php\/wp-json\/wp\/v2\/types\/post"}],"author":[{"embeddable":true,"href":"https:\/\/cdnoticias.com\/index.php\/wp-json\/wp\/v2\/users\/4"}],"replies":[{"embeddable":true,"href":"https:\/\/cdnoticias.com\/index.php\/wp-json\/wp\/v2\/comments?post=165617"}],"version-history":[{"count":0,"href":"https:\/\/cdnoticias.com\/index.php\/wp-json\/wp\/v2\/posts\/165617\/revisions"}],"wp:featuredmedia":[{"embeddable":true,"href":"https:\/\/cdnoticias.com\/index.php\/wp-json\/wp\/v2\/media\/165618"}],"wp:attachment":[{"href":"https:\/\/cdnoticias.com\/index.php\/wp-json\/wp\/v2\/media?parent=165617"}],"wp:term":[{"taxonomy":"category","embeddable":true,"href":"https:\/\/cdnoticias.com\/index.php\/wp-json\/wp\/v2\/categories?post=165617"},{"taxonomy":"post_tag","embeddable":true,"href":"https:\/\/cdnoticias.com\/index.php\/wp-json\/wp\/v2\/tags?post=165617"}],"curies":[{"name":"wp","href":"https:\/\/api.w.org\/{rel}","templated":true}]}}