{"id":16561,"date":"2021-03-18T19:39:06","date_gmt":"2021-03-18T22:39:06","guid":{"rendered":"http:\/\/www.centraldenoticias.com.ar\/?p=16561"},"modified":"2021-03-18T22:03:10","modified_gmt":"2021-03-19T01:03:10","slug":"el-intendente-en-la-presentacion-del-libro-de-mauricio-macri","status":"publish","type":"post","link":"https:\/\/cdnoticias.com\/index.php\/2021\/03\/18\/el-intendente-en-la-presentacion-del-libro-de-mauricio-macri\/","title":{"rendered":"El intendente Galli en la presentaci\u00f3n del libro de Mauricio Macri"},"content":{"rendered":"<p>Ezequiel Galli viaj\u00f3 a la Capital Federal para ser parte de la presentaci\u00f3n de Primer Tiempo, el libro del ex presidente. Otros referentes regionales del espacio tambi\u00e9n concurrieron.<!--more--><\/p>\n<hr \/>\n<p>En la jornada de este jueves el ex presidente de la Naci\u00f3n <strong>Mauricio Macri llev\u00f3 adelante la presentaci\u00f3n de su libro Primer Tiempo, en un evento que se llev\u00f3 a cabo en el Centro de Convenciones de la Ciudad de Buenos Aires<\/strong>. Se pudo ver a referentes del espacio que viajaron de todo el pa\u00eds para ser parte.<\/p>\n<p>&nbsp;<\/p>\n<blockquote class=\"twitter-tweet\" data-width=\"550\" data-dnt=\"true\">\n<p lang=\"es\" dir=\"ltr\">Esperando a <a href=\"https:\/\/twitter.com\/mauriciomacri?ref_src=twsrc%5Etfw\">@mauriciomacri<\/a> <a href=\"https:\/\/twitter.com\/hashtag\/PrimerTiempo?src=hash&amp;ref_src=twsrc%5Etfw\">#PrimerTiempo<\/a> <a href=\"https:\/\/t.co\/T1EQdc4HLC\">pic.twitter.com\/T1EQdc4HLC<\/a><\/p>\n<p>&mdash; Ezequiel Galli (@ezequielgalli) <a href=\"https:\/\/twitter.com\/ezequielgalli\/status\/1372658578197258247?ref_src=twsrc%5Etfw\">March 18, 2021<\/a><\/p><\/blockquote>\n<p><script async src=\"https:\/\/platform.twitter.com\/widgets.js\" charset=\"utf-8\"><\/script><\/p>\n<p>&nbsp;<\/p>\n<p>Uno de ellos fue <strong>el intendente de nuestra ciudad, Ezequiel Galli<\/strong>, quien en la antesala del inicio del evento se sac\u00f3 una foto que public\u00f3 en sus redes sociales.<\/p>\n<p>&nbsp;<\/p>\n<blockquote class=\"twitter-tweet\" data-width=\"550\" data-dnt=\"true\">\n<p lang=\"es\" dir=\"ltr\">Con amigos en la presentaci\u00f3n de <a href=\"https:\/\/twitter.com\/hashtag\/PrimerTiempo?src=hash&amp;ref_src=twsrc%5Etfw\">#PrimerTiempo<\/a>. <a href=\"https:\/\/twitter.com\/mauriciomacri?ref_src=twsrc%5Etfw\">@mauriciomacri<\/a> \ud83d\udc4f <a href=\"https:\/\/t.co\/UavCeYz4R9\">pic.twitter.com\/UavCeYz4R9<\/a><\/p>\n<p>&mdash; Dalton J\u00e1uregui (@daltonjauregui) <a href=\"https:\/\/twitter.com\/daltonjauregui\/status\/1372672079930257415?ref_src=twsrc%5Etfw\">March 18, 2021<\/a><\/p><\/blockquote>\n<p><script async src=\"https:\/\/platform.twitter.com\/widgets.js\" charset=\"utf-8\"><\/script><\/p>\n<p>&nbsp;<\/p>\n<p>Similar fue lo hecho por el olavarriense <strong>Dalton Jauregui, quien se fotografi\u00f3 con el diputado provincial por Juntos por el Cambio Juan Carrara.<\/strong><\/p>\n","protected":false},"excerpt":{"rendered":"<p>Ezequiel Galli viaj\u00f3 a la Capital Federal para ser parte de la presentaci\u00f3n de Primer Tiempo, el libro del ex<\/p>\n","protected":false},"author":3,"featured_media":16562,"comment_status":"closed","ping_status":"closed","sticky":false,"template":"","format":"standard","meta":{"_jetpack_memberships_contains_paid_content":false,"footnotes":""},"categories":[4],"tags":[],"class_list":["post-16561","post","type-post","status-publish","format-standard","has-post-thumbnail","hentry","category-politica"],"jetpack_featured_media_url":"https:\/\/i0.wp.com\/cdnoticias.com\/wp-content\/uploads\/2021\/03\/EwypscYXAAUjh_Y.jpg?fit=2048%2C1536&ssl=1","jetpack_sharing_enabled":true,"_links":{"self":[{"href":"https:\/\/cdnoticias.com\/index.php\/wp-json\/wp\/v2\/posts\/16561","targetHints":{"allow":["GET"]}}],"collection":[{"href":"https:\/\/cdnoticias.com\/index.php\/wp-json\/wp\/v2\/posts"}],"about":[{"href":"https:\/\/cdnoticias.com\/index.php\/wp-json\/wp\/v2\/types\/post"}],"author":[{"embeddable":true,"href":"https:\/\/cdnoticias.com\/index.php\/wp-json\/wp\/v2\/users\/3"}],"replies":[{"embeddable":true,"href":"https:\/\/cdnoticias.com\/index.php\/wp-json\/wp\/v2\/comments?post=16561"}],"version-history":[{"count":0,"href":"https:\/\/cdnoticias.com\/index.php\/wp-json\/wp\/v2\/posts\/16561\/revisions"}],"wp:featuredmedia":[{"embeddable":true,"href":"https:\/\/cdnoticias.com\/index.php\/wp-json\/wp\/v2\/media\/16562"}],"wp:attachment":[{"href":"https:\/\/cdnoticias.com\/index.php\/wp-json\/wp\/v2\/media?parent=16561"}],"wp:term":[{"taxonomy":"category","embeddable":true,"href":"https:\/\/cdnoticias.com\/index.php\/wp-json\/wp\/v2\/categories?post=16561"},{"taxonomy":"post_tag","embeddable":true,"href":"https:\/\/cdnoticias.com\/index.php\/wp-json\/wp\/v2\/tags?post=16561"}],"curies":[{"name":"wp","href":"https:\/\/api.w.org\/{rel}","templated":true}]}}