{"id":165599,"date":"2025-03-04T10:55:16","date_gmt":"2025-03-04T13:55:16","guid":{"rendered":"https:\/\/cdnoticias.com\/?p=165599"},"modified":"2025-03-04T12:14:16","modified_gmt":"2025-03-04T15:14:16","slug":"la-lluvia-persistente-del-martes-en-olavarria-268-milimetros","status":"publish","type":"post","link":"https:\/\/cdnoticias.com\/index.php\/2025\/03\/04\/la-lluvia-persistente-del-martes-en-olavarria-268-milimetros\/","title":{"rendered":"La lluvia persistente del martes en Olavarr\u00eda: 26,8 mil\u00edmetros"},"content":{"rendered":"<p>El alerta amarillo se dict\u00f3 para la ma\u00f1ana y la tormenta se mantendr\u00e1 hasta la noche. Se prev\u00e9n valores de precipitaci\u00f3n acumulada entre 40 y 80 mm. El SMN pronostica tormenta para toda la semana.<!--more--><\/p>\n<hr \/>\n<p>La <strong>lluvia persistente<\/strong> marca la jornada del martes en Olavarr\u00eda: <strong>desde la madrugada la tormenta se escucha con rayos y la ca\u00edda de agua<\/strong>.<\/p>\n<blockquote><p>La Unidad Meteorol\u00f3gica ubicada en el aer\u00f3dromo indica que hasta las 6 de la ma\u00f1ana cayeron 8,9 mil\u00edmetros mientras que desde esa hora hasta las 9 el registro alcanz\u00f3 a 17,9 mil\u00edmetros.<\/p><\/blockquote>\n<p><img data-recalc-dims=\"1\" loading=\"lazy\" decoding=\"async\" class=\"size-full wp-image-165600 aligncenter\" src=\"https:\/\/i0.wp.com\/cdnoticias.com\/wp-content\/uploads\/2025\/03\/lluvia-tormenta-4-de-marzo-2025-a.jpg?resize=800%2C445&#038;ssl=1\" alt=\"\" width=\"800\" height=\"445\" srcset=\"https:\/\/i0.wp.com\/cdnoticias.com\/wp-content\/uploads\/2025\/03\/lluvia-tormenta-4-de-marzo-2025-a.jpg?w=1000&amp;ssl=1 1000w, https:\/\/i0.wp.com\/cdnoticias.com\/wp-content\/uploads\/2025\/03\/lluvia-tormenta-4-de-marzo-2025-a.jpg?resize=300%2C167&amp;ssl=1 300w, https:\/\/i0.wp.com\/cdnoticias.com\/wp-content\/uploads\/2025\/03\/lluvia-tormenta-4-de-marzo-2025-a.jpg?resize=768%2C427&amp;ssl=1 768w, https:\/\/i0.wp.com\/cdnoticias.com\/wp-content\/uploads\/2025\/03\/lluvia-tormenta-4-de-marzo-2025-a.jpg?resize=800%2C445&amp;ssl=1 800w\" sizes=\"auto, (max-width: 800px) 100vw, 800px\" \/><\/p>\n<blockquote><p>El Servicio Meteorol\u00f3gico Nacional mantiene el alerta amarillo para la ma\u00f1ana de este martes en Olavarr\u00eda. \u201cEl \u00e1rea ser\u00e1 afectada por lluvias y tormentas de variada intensidad, algunas localmente fuertes. Las mismas estar\u00e1n principalmente acompa\u00f1adas por abundante ca\u00edda de agua en cortos per\u00edodos de tiempo. En forma puntual no se descarta la ca\u00edda de granizo y\/o fuertes r\u00e1fagas. Se prev\u00e9n valores de precipitaci\u00f3n acumulada entre 40 y 80 mm\u201d se indic\u00f3.<\/p><\/blockquote>\n<p>Cabe resaltar que la advertencia por tormentas se dispuso para casi toda la franja central del pa\u00eds.<\/p>\n<p><img data-recalc-dims=\"1\" loading=\"lazy\" decoding=\"async\" class=\"size-full wp-image-165602 aligncenter\" src=\"https:\/\/i0.wp.com\/cdnoticias.com\/wp-content\/uploads\/2025\/03\/lluvia-tormenta-4-de-marzo-2025-c.jpg?resize=800%2C445&#038;ssl=1\" alt=\"\" width=\"800\" height=\"445\" srcset=\"https:\/\/i0.wp.com\/cdnoticias.com\/wp-content\/uploads\/2025\/03\/lluvia-tormenta-4-de-marzo-2025-c.jpg?w=1000&amp;ssl=1 1000w, https:\/\/i0.wp.com\/cdnoticias.com\/wp-content\/uploads\/2025\/03\/lluvia-tormenta-4-de-marzo-2025-c.jpg?resize=300%2C167&amp;ssl=1 300w, https:\/\/i0.wp.com\/cdnoticias.com\/wp-content\/uploads\/2025\/03\/lluvia-tormenta-4-de-marzo-2025-c.jpg?resize=768%2C427&amp;ssl=1 768w, https:\/\/i0.wp.com\/cdnoticias.com\/wp-content\/uploads\/2025\/03\/lluvia-tormenta-4-de-marzo-2025-c.jpg?resize=800%2C445&amp;ssl=1 800w\" sizes=\"auto, (max-width: 800px) 100vw, 800px\" \/><\/p>\n<p>El organismo inform\u00f3 que<strong> la m\u00e1xima prevista es de 28\u00ba<\/strong>. La m\u00ednima del martes se marc\u00f3 a las 5.10 y fue de 17,9\u00ba. Se espera que siga la tormenta durante la tarde de este martes y para la noche se espera cielo nublado.<\/p>\n<blockquote><p>El pron\u00f3stico extendido mantiene la previsi\u00f3n de tormentas para Olavarr\u00eda durante todos los d\u00edas hasta el viernes inclusive.<\/p><\/blockquote>\n","protected":false},"excerpt":{"rendered":"<p>El alerta amarillo se dict\u00f3 para la ma\u00f1ana y la tormenta se mantendr\u00e1 hasta la noche. Se prev\u00e9n valores de<\/p>\n","protected":false},"author":4,"featured_media":165601,"comment_status":"closed","ping_status":"closed","sticky":false,"template":"","format":"standard","meta":{"_jetpack_memberships_contains_paid_content":false,"footnotes":""},"categories":[5,1],"tags":[],"class_list":["post-165599","post","type-post","status-publish","format-standard","has-post-thumbnail","hentry","category-informacion-general","category-portada"],"jetpack_featured_media_url":"https:\/\/i0.wp.com\/cdnoticias.com\/wp-content\/uploads\/2025\/03\/lluvia-tormenta-4-de-marzo-2025-b.jpg?fit=1000%2C556&ssl=1","jetpack_sharing_enabled":true,"_links":{"self":[{"href":"https:\/\/cdnoticias.com\/index.php\/wp-json\/wp\/v2\/posts\/165599","targetHints":{"allow":["GET"]}}],"collection":[{"href":"https:\/\/cdnoticias.com\/index.php\/wp-json\/wp\/v2\/posts"}],"about":[{"href":"https:\/\/cdnoticias.com\/index.php\/wp-json\/wp\/v2\/types\/post"}],"author":[{"embeddable":true,"href":"https:\/\/cdnoticias.com\/index.php\/wp-json\/wp\/v2\/users\/4"}],"replies":[{"embeddable":true,"href":"https:\/\/cdnoticias.com\/index.php\/wp-json\/wp\/v2\/comments?post=165599"}],"version-history":[{"count":0,"href":"https:\/\/cdnoticias.com\/index.php\/wp-json\/wp\/v2\/posts\/165599\/revisions"}],"wp:featuredmedia":[{"embeddable":true,"href":"https:\/\/cdnoticias.com\/index.php\/wp-json\/wp\/v2\/media\/165601"}],"wp:attachment":[{"href":"https:\/\/cdnoticias.com\/index.php\/wp-json\/wp\/v2\/media?parent=165599"}],"wp:term":[{"taxonomy":"category","embeddable":true,"href":"https:\/\/cdnoticias.com\/index.php\/wp-json\/wp\/v2\/categories?post=165599"},{"taxonomy":"post_tag","embeddable":true,"href":"https:\/\/cdnoticias.com\/index.php\/wp-json\/wp\/v2\/tags?post=165599"}],"curies":[{"name":"wp","href":"https:\/\/api.w.org\/{rel}","templated":true}]}}