{"id":165549,"date":"2025-03-02T18:52:46","date_gmt":"2025-03-02T21:52:46","guid":{"rendered":"https:\/\/cdnoticias.com\/?p=165549"},"modified":"2025-03-03T18:59:01","modified_gmt":"2025-03-03T21:59:01","slug":"en-una-discusion-amenazaron-de-muerte-a-una-vecina-a-los-policias-y-terminaron-presos","status":"publish","type":"post","link":"https:\/\/cdnoticias.com\/index.php\/2025\/03\/02\/en-una-discusion-amenazaron-de-muerte-a-una-vecina-a-los-policias-y-terminaron-presos\/","title":{"rendered":"En una discusi\u00f3n amenazaron de muerte a una vecina, a los polic\u00edas y terminaron presos"},"content":{"rendered":"\n<p>El hecho de registr\u00f3 en Pueyrred\u00f3n al 5900. Un hombre de 51 a\u00f1os y una joven de 19 fueron aprehendidos. <\/p>\n\n\n\n<hr class=\"wp-block-separator aligncenter has-alpha-channel-opacity\"\/>\n\n\n\n<p>El \u00faltimo s\u00e1bado, <strong>personal de Comando de Patrullas aprehendi\u00f3 a un hombre de 51 a\u00f1os y una joven de 19 luego de una confrontaci\u00f3n con una vecina, amenazarla de muerte y da\u00f1ar una ventana lateral junto con un mueble.<\/strong><\/p>\n\n\n\n<p><\/p>\n\n\n\n<p>El hecho se produjo en Pueyrred\u00f3n al 5900. All\u00ed, despu\u00e9s de la situaci\u00f3n en el domicilio, <strong>personal del Comando de Patrullas arrib\u00f3 al llamado al 911.<\/strong><\/p>\n\n\n\n<p><\/p>\n\n\n\n<p>Al intentar identificar a las personas, <strong>tambi\u00e9n amenazaron al personal policial con un cuchillo que portaba el hombre de 51 a\u00f1os.<\/strong><\/p>\n\n\n\n<p><\/p>\n\n\n\n<p><strong>Los dos fueron apresados y trasladados a la Comisar\u00eda Segunda<\/strong> donde quedaron a disposici\u00f3n de la UFI n\u00famero 7 a cargo del doctor Url\u00e9zaga. <\/p>\n\n\n\n<p><\/p>\n\n\n\n<p>Enfrentan cargos por <strong>Amenazas y da\u00f1os y Amenazas agravadas.<\/strong><\/p>\n\n\n\n<p><\/p>\n","protected":false},"excerpt":{"rendered":"<p>El hecho de registr\u00f3 en Pueyrred\u00f3n al 5900. Un hombre de 51 a\u00f1os y una joven de 19 fueron aprehendidos.<\/p>\n","protected":false},"author":2,"featured_media":165552,"comment_status":"closed","ping_status":"closed","sticky":false,"template":"","format":"standard","meta":{"_jetpack_memberships_contains_paid_content":false,"footnotes":""},"categories":[14,1],"tags":[],"class_list":["post-165549","post","type-post","status-publish","format-standard","has-post-thumbnail","hentry","category-policiales","category-portada"],"jetpack_featured_media_url":"https:\/\/i0.wp.com\/cdnoticias.com\/wp-content\/uploads\/2025\/03\/WhatsApp-Image-2025-03-02-at-17.22.33.jpeg?fit=1170%2C696&ssl=1","jetpack_sharing_enabled":true,"_links":{"self":[{"href":"https:\/\/cdnoticias.com\/index.php\/wp-json\/wp\/v2\/posts\/165549","targetHints":{"allow":["GET"]}}],"collection":[{"href":"https:\/\/cdnoticias.com\/index.php\/wp-json\/wp\/v2\/posts"}],"about":[{"href":"https:\/\/cdnoticias.com\/index.php\/wp-json\/wp\/v2\/types\/post"}],"author":[{"embeddable":true,"href":"https:\/\/cdnoticias.com\/index.php\/wp-json\/wp\/v2\/users\/2"}],"replies":[{"embeddable":true,"href":"https:\/\/cdnoticias.com\/index.php\/wp-json\/wp\/v2\/comments?post=165549"}],"version-history":[{"count":0,"href":"https:\/\/cdnoticias.com\/index.php\/wp-json\/wp\/v2\/posts\/165549\/revisions"}],"wp:featuredmedia":[{"embeddable":true,"href":"https:\/\/cdnoticias.com\/index.php\/wp-json\/wp\/v2\/media\/165552"}],"wp:attachment":[{"href":"https:\/\/cdnoticias.com\/index.php\/wp-json\/wp\/v2\/media?parent=165549"}],"wp:term":[{"taxonomy":"category","embeddable":true,"href":"https:\/\/cdnoticias.com\/index.php\/wp-json\/wp\/v2\/categories?post=165549"},{"taxonomy":"post_tag","embeddable":true,"href":"https:\/\/cdnoticias.com\/index.php\/wp-json\/wp\/v2\/tags?post=165549"}],"curies":[{"name":"wp","href":"https:\/\/api.w.org\/{rel}","templated":true}]}}