{"id":165542,"date":"2025-03-02T16:56:45","date_gmt":"2025-03-02T19:56:45","guid":{"rendered":"https:\/\/cdnoticias.com\/?p=165542"},"modified":"2025-03-02T19:14:35","modified_gmt":"2025-03-02T22:14:35","slug":"alertas-amarillas-y-naranjas-en-la-politica","status":"publish","type":"post","link":"https:\/\/cdnoticias.com\/index.php\/2025\/03\/02\/alertas-amarillas-y-naranjas-en-la-politica\/","title":{"rendered":"Alertas amarillas y naranjas en la pol\u00edtica"},"content":{"rendered":"\n<p>La inseguridad, la falta de respuestas y un tema que explica la coyuntura actual: un tejido social destruido. El temporal y la respuesta del Municipio. La protesta de los enfermeros y la b\u00fasqueda de contenci\u00f3n. \u00bfQu\u00e9 pasa con las elecciones en las facultades de UNICEN?<\/p>\n\n\n\n<hr class=\"wp-block-separator aligncenter has-alpha-channel-opacity\"\/>\n\n\n\n<p><em>Por Volver a las Fuentes, de Josefina Bargas y Alexis Grierson<\/em><\/p>\n\n\n\n<p class=\"has-large-font-size\"><strong>La inseguridad y la crisis<\/strong><\/p>\n\n\n\n<figure class=\"wp-block-image size-full\"><img data-recalc-dims=\"1\" loading=\"lazy\" decoding=\"async\" width=\"800\" height=\"444\" src=\"https:\/\/i0.wp.com\/cdnoticias.com\/wp-content\/uploads\/2025\/03\/Screenshot-2025-03-02-15.53.00.png?resize=800%2C444&#038;ssl=1\" alt=\"\" class=\"wp-image-165543\" srcset=\"https:\/\/i0.wp.com\/cdnoticias.com\/wp-content\/uploads\/2025\/03\/Screenshot-2025-03-02-15.53.00.png?w=993&amp;ssl=1 993w, https:\/\/i0.wp.com\/cdnoticias.com\/wp-content\/uploads\/2025\/03\/Screenshot-2025-03-02-15.53.00.png?resize=300%2C166&amp;ssl=1 300w, https:\/\/i0.wp.com\/cdnoticias.com\/wp-content\/uploads\/2025\/03\/Screenshot-2025-03-02-15.53.00.png?resize=768%2C426&amp;ssl=1 768w, https:\/\/i0.wp.com\/cdnoticias.com\/wp-content\/uploads\/2025\/03\/Screenshot-2025-03-02-15.53.00.png?resize=800%2C445&amp;ssl=1 800w\" sizes=\"auto, (max-width: 800px) 100vw, 800px\" \/><\/figure>\n\n\n\n<p>Es, hoy por hoy, uno de los grandes inconvenientes en la ciudad, en la Provincia y en todo el pa\u00eds. <strong>Tanto la gesti\u00f3n Kicillof como el gobierno de Wesner no logran, por ahora, orientar el discurso hacia una de las verdaderas causas de la inseguridad general: la droga y la pobreza.<\/strong><\/p>\n\n\n\n<p>Y no hablamos de pobreza como aumento de pobres: <strong>en realidad lo que se vislumbra, seg\u00fan los distintos actores barriales con los que este newsletter dialoga de forma permanente, es el aumento grosero de la brecha de ingresos entre los que m\u00e1s tienen y los que menos tienen.<\/strong><\/p>\n\n\n\n<p><strong>Hoy por hoy, la situaci\u00f3n en Olavarr\u00eda es m\u00e1s que compleja:<\/strong> no s\u00f3lo por los robos y los hechos de inseguridad sino tambi\u00e9n por la cruda realidad en distintos barrios: <strong>\u201cla gente no llega a fin de mes, se endeuda, al otro mes tampoco llega, se endeuda m\u00e1s \u2026 estamos entrando en el c\u00edrculo del pago del m\u00ednimo de la tarjeta sostenido, con las consecuencias que eso acarrea\u201d <\/strong>indic\u00f3 un dirigente social en di\u00e1logo con VaF. <strong>Se\u00f1alemos a todo esto que la compra de alimentos y art\u00edculos de primera necesidad a cr\u00e9dito es ya toda una se\u00f1al de alarma, socialmente en general y en las finanzas en particular.\u00a0<\/strong><\/p>\n\n\n\n<p>Adem\u00e1s, la inseguridad gener\u00f3 un \u201chueco\u201d para que la oposici\u00f3n salga con los tapones de punta no s\u00f3lo en reclamo de mayor seguridad, sino de hacerse cargo desde los lugares que correspondan. <strong>Ac\u00e1 hay dos caminos bien marcados: que efectivamente las complicaciones econ\u00f3micas de los Estados hacen todo muy cuesta arriba a la hora de sostener una infraestructura monumental de la Seguridad (y casi sin ayuda de Naci\u00f3n) y que la situaci\u00f3n social recrudeci\u00f3 a niveles casi insoportables.<\/strong><\/p>\n\n\n\n<p>Ejemplo de ello es el caso de Kim G\u00f3mez, la ni\u00f1a asesinada por dos adolescentes en La Plata. <strong>El hecho es, lamentablemente, el s\u00edmbolo perfecto de un sistema roto por donde se lo mire, incluso en lo pol\u00edtico. Menores de edad, uno de ellos que estaba preso y fue excarcelado d\u00edas antes, una ni\u00f1a asesinada de una crueldad inusitada, un Presidente que amag\u00f3 a \u00a1intervenir! la Provincia de Buenos Aires y que se neg\u00f3 no una, dos veces al llamado del Gobernador para trabajar en conjunto.<\/strong><\/p>\n\n\n\n<p><strong>No se puede estar peor. <\/strong>En lo social, en lo econ\u00f3mico y tambi\u00e9n en lo pol\u00edtico. Y lo que se vio en la inauguraci\u00f3n de sesiones de este \u00faltimo s\u00e1bado dista y mucho de acercar las partes. Todo lo contrario. Pareciera que a m\u00e1s roto el entramado social, mejor para algunos.\u00a0<\/p>\n\n\n\n<p class=\"has-large-font-size\">Discurso y lineamiento<\/p>\n\n\n\n<figure class=\"wp-block-image size-full\"><img data-recalc-dims=\"1\" loading=\"lazy\" decoding=\"async\" width=\"800\" height=\"470\" src=\"https:\/\/i0.wp.com\/cdnoticias.com\/wp-content\/uploads\/2024\/03\/WESNER-SESIONES-ORDINARIAS-11.jpg?resize=800%2C470&#038;ssl=1\" alt=\"\" class=\"wp-image-110442\" srcset=\"https:\/\/i0.wp.com\/cdnoticias.com\/wp-content\/uploads\/2024\/03\/WESNER-SESIONES-ORDINARIAS-11.jpg?w=1000&amp;ssl=1 1000w, https:\/\/i0.wp.com\/cdnoticias.com\/wp-content\/uploads\/2024\/03\/WESNER-SESIONES-ORDINARIAS-11.jpg?resize=300%2C176&amp;ssl=1 300w, https:\/\/i0.wp.com\/cdnoticias.com\/wp-content\/uploads\/2024\/03\/WESNER-SESIONES-ORDINARIAS-11.jpg?resize=768%2C452&amp;ssl=1 768w\" sizes=\"auto, (max-width: 800px) 100vw, 800px\" \/><\/figure>\n\n\n\n<p>Luego del estruendoso discurso presidencial y del que emita el gobernador Kicillof el mi\u00e9rcoles,<strong> le tocar\u00e1 el turno al intendente Wesner. Ser\u00e1 a las 19:00 horas del jueves en el Centro de Convenciones Municipal, lo que podr\u00edamos decir ya como el recinto del Concejo Deliberante.\u00a0<\/strong><\/p>\n\n\n\n<p>\u00bfPor d\u00f3nde ir\u00e1 el asunto? Seg\u00fan averigu\u00f3 Volver a las Fuentes, <strong>el discurso tendr\u00e1 lineamientos similares al del a\u00f1o anterior. Es decir, se centrar\u00e1 en la gesti\u00f3n y en un repaso, \u00e1rea por \u00e1rea, de lo realizado pero sobre todo por lo realizar.\u00a0<\/strong><\/p>\n\n\n\n<p>Tengamos en cuenta que, m\u00e1s all\u00e1 del discurso de marzo de 2024, <strong>Wesner tuvo una especie de \u201crepaso de gesti\u00f3n\u201d cuando reinaugur\u00f3 el Sal\u00f3n Rivadavia, el 4 de junio del a\u00f1o pasado.<\/strong><\/p>\n\n\n\n<figure class=\"wp-block-image size-large\"><img data-recalc-dims=\"1\" loading=\"lazy\" decoding=\"async\" width=\"800\" height=\"445\" src=\"https:\/\/i0.wp.com\/cdnoticias.com\/wp-content\/uploads\/2024\/10\/plan-integral-wesner1.jpg?resize=800%2C445&#038;ssl=1\" alt=\"\" class=\"wp-image-129084\" srcset=\"https:\/\/i0.wp.com\/cdnoticias.com\/wp-content\/uploads\/2024\/10\/plan-integral-wesner1.jpg?resize=1024%2C569&amp;ssl=1 1024w, https:\/\/i0.wp.com\/cdnoticias.com\/wp-content\/uploads\/2024\/10\/plan-integral-wesner1.jpg?resize=300%2C167&amp;ssl=1 300w, https:\/\/i0.wp.com\/cdnoticias.com\/wp-content\/uploads\/2024\/10\/plan-integral-wesner1.jpg?resize=768%2C427&amp;ssl=1 768w, https:\/\/i0.wp.com\/cdnoticias.com\/wp-content\/uploads\/2024\/10\/plan-integral-wesner1.jpg?resize=800%2C445&amp;ssl=1 800w, https:\/\/i0.wp.com\/cdnoticias.com\/wp-content\/uploads\/2024\/10\/plan-integral-wesner1.jpg?w=1072&amp;ssl=1 1072w\" sizes=\"auto, (max-width: 800px) 100vw, 800px\" \/><\/figure>\n\n\n\n<p>All\u00ed, realiz\u00f3 sus primeros anuncios fuertes en materia de obras para la ciudad, <strong>centralizado en la llegada de la UTOI y el Centro Deportivo del Barrio Matadero.<\/strong><\/p>\n\n\n\n<p><strong>\u00bfSer\u00e1 una buena ocasi\u00f3n para anunciar obras? Seg\u00fan fuentes que trabajan en los lineamientos del discurso del jueves, s\u00ed. <\/strong>Pero adem\u00e1s se realizar\u00e1n m\u00e1s anuncios puntuales de obras que no han sido informadas p\u00fablicamente al momento. Es decir, habr\u00e1 novedades en un \u00edtem que la oposici\u00f3n critic\u00f3 mucho en las \u00faltimas semanas.<\/p>\n\n\n\n<p><strong>\u00bfHabr\u00e1 espacio para lo pol\u00edtico? Si bien no suele ser el estilo del jefe comunal local, se prev\u00e9 que de m\u00ednima haya un posicionamiento con todo lo ocurrido en los \u00faltimas d\u00edas:<\/strong> el aviso de Javier Milei de que podr\u00eda intervenir la Provincia de Buenos Aires gener\u00f3 un alineamiento de las tribus del peronismo que ya posicion\u00f3 a Wesner -al menos en un mensaje en las redes sociales- que podr\u00eda ratificar en su discurso anual al Concejo Deliberante.<strong> \u201cLa lamentable utilizaci\u00f3n de hechos de inseguridad para sacar ventaja electoral es un mecanismo totalmente repudiable\u201d dijo el Intendente.<\/strong><\/p>\n\n\n\n<figure class=\"wp-block-image size-large\"><img data-recalc-dims=\"1\" loading=\"lazy\" decoding=\"async\" width=\"800\" height=\"600\" src=\"https:\/\/i0.wp.com\/cdnoticias.com\/wp-content\/uploads\/2025\/03\/WhatsApp-Image-2025-02-28-at-11.23.07.jpeg?resize=800%2C600&#038;ssl=1\" alt=\"\" class=\"wp-image-165420\" srcset=\"https:\/\/i0.wp.com\/cdnoticias.com\/wp-content\/uploads\/2025\/03\/WhatsApp-Image-2025-02-28-at-11.23.07.jpeg?resize=1024%2C768&amp;ssl=1 1024w, https:\/\/i0.wp.com\/cdnoticias.com\/wp-content\/uploads\/2025\/03\/WhatsApp-Image-2025-02-28-at-11.23.07.jpeg?resize=300%2C225&amp;ssl=1 300w, https:\/\/i0.wp.com\/cdnoticias.com\/wp-content\/uploads\/2025\/03\/WhatsApp-Image-2025-02-28-at-11.23.07.jpeg?resize=768%2C576&amp;ssl=1 768w, https:\/\/i0.wp.com\/cdnoticias.com\/wp-content\/uploads\/2025\/03\/WhatsApp-Image-2025-02-28-at-11.23.07.jpeg?resize=1536%2C1152&amp;ssl=1 1536w, https:\/\/i0.wp.com\/cdnoticias.com\/wp-content\/uploads\/2025\/03\/WhatsApp-Image-2025-02-28-at-11.23.07.jpeg?w=1600&amp;ssl=1 1600w\" sizes=\"auto, (max-width: 800px) 100vw, 800px\" \/><\/figure>\n\n\n\n<p>Wesner se encontrar\u00e1, adem\u00e1s, con un <strong>Concejo con bastantes modificaciones respecto no s\u00f3lo de la \u00faltima vez que se dirigi\u00f3 al cuerpo sino del mismo cierre de 2024: har\u00e1n su estreno los bloques Juntos por Olavarr\u00eda y el bloque PRO, que confluyen en una misma l\u00ednea pol\u00edtica -eso creemos- pero que recorren caminos separados, el del vecinalismo y el partido pol\u00edtico m\u00e1s tradicional. \u00bfOtra novedad? Ser\u00e1 la primera sesi\u00f3n de esta nueva etapa para Javier Fr\u00edas<\/strong>, que reemplazar\u00e1 a Bruno Cenizo quien este \u00faltimo s\u00e1bado mostr\u00f3 que tendr\u00e1 un \u201cviaje influencer\u201d con su familia, raz\u00f3n por la que dej\u00f3 su banca en el HCD.<\/p>\n\n\n\n<p class=\"has-large-font-size\">La Guardia en rojo y los enfermeros en lucha<\/p>\n\n\n\n<figure class=\"wp-block-image size-full\"><img data-recalc-dims=\"1\" loading=\"lazy\" decoding=\"async\" width=\"800\" height=\"445\" src=\"https:\/\/i0.wp.com\/cdnoticias.com\/wp-content\/uploads\/2025\/02\/enfermeros-asamblea-hospital-05.jpg?resize=800%2C445&#038;ssl=1\" alt=\"\" class=\"wp-image-165371\" srcset=\"https:\/\/i0.wp.com\/cdnoticias.com\/wp-content\/uploads\/2025\/02\/enfermeros-asamblea-hospital-05.jpg?w=1000&amp;ssl=1 1000w, https:\/\/i0.wp.com\/cdnoticias.com\/wp-content\/uploads\/2025\/02\/enfermeros-asamblea-hospital-05.jpg?resize=300%2C167&amp;ssl=1 300w, https:\/\/i0.wp.com\/cdnoticias.com\/wp-content\/uploads\/2025\/02\/enfermeros-asamblea-hospital-05.jpg?resize=768%2C427&amp;ssl=1 768w, https:\/\/i0.wp.com\/cdnoticias.com\/wp-content\/uploads\/2025\/02\/enfermeros-asamblea-hospital-05.jpg?resize=800%2C445&amp;ssl=1 800w\" sizes=\"auto, (max-width: 800px) 100vw, 800px\" \/><\/figure>\n\n\n\n<p>El viernes por la ma\u00f1ana una asamblea en <strong>la Guardia del Hospital expuso dos pedidos del personal: seguridad y bajar la carga horaria de la jornada laboral de 8 a 6 horas. Hay que resaltar que fueron los enfermeros los que hicieron la convocatoria y definieron la medida: unos veinte trabajadores se dieron cita en la puerta de acceso y all\u00ed tambi\u00e9n se presentaron autoridades del Sindicato de Trabajadores Municipales, Jos\u00e9 Stuppia entre ellos.<\/strong><\/p>\n\n\n\n<p>Sumaron el apoyo de los camilleros y del personal de limpieza, todos expuestos a la misma problem\u00e1tica.<strong> El d\u00eda anterior, durante la atenci\u00f3n de una paciente, una enfermera hab\u00eda sido golpeada y eso gener\u00f3 el clima de reclamo que segu\u00eda encendido y con demanda de respuestas efectivas y urgentes.<\/strong><\/p>\n\n\n\n<p>En la versi\u00f3n que dieron los trabajadores <strong>ninguno de los reclamos era nuevo, y por ello definieron hacer la asamblea y exponer p\u00fablicamente lo que sucede.<\/strong> Enmarcaron todo en el aumento constante de la demanda sobre el sistema p\u00fablico: \u201ccantidad extrema de pacientes por turno\u201d lo definieron. Durante la asamblea hablaron de que en esos d\u00edas hab\u00edan llegado a atender 130 pacientes por turno. En referencia a los hechos de violencia aseguraron que son reiterados, que pasan en muchos servicios de salud y que \u201clos jefes\u201d suelen ocultarlos.<strong> Se\u00f1alaron a los familiares de los pacientes como los atacantes en general y tambi\u00e9n comentaron que quienes llegan con problemas de salud mental suelen agredirlos. En cuanto a la reducci\u00f3n de la jornada laboral contaron que formalmente elevaron el pedido hace seis meses y a\u00fan no les respondieron.<\/strong><\/p>\n\n\n\n<p>La asamblea de los trabajadores comenz\u00f3 hacia las 10 de la ma\u00f1ana. Un rato despu\u00e9s fueron recibidos por directivos del Hospital, entre ellos <strong>el subsecretario de salud y director, Fernando Al\u00ed, y las jefas de Emergencia y de Enfermer\u00eda, Jorgelina Montenegro y Gabriela Piccart, respectivamente. La reuni\u00f3n dur\u00f3 poco m\u00e1s de una hora, aunque hay que decir que unos 20 minutos despu\u00e9s de iniciada algunos trabajadores comenzaron a retirarse con frustraci\u00f3n y enojo.<\/strong><\/p>\n\n\n\n<p>\u00bfQu\u00e9 pasaba? El primer tema planteado fue el de la violencia y pidieron mejorar las condiciones de seguridad. Expusieron que los que m\u00e1s lo padecen son \u201clos que dan la cara\u201d con los pacientes y sus familiares en la Guardia: enfermeros, camilleros y personal de limpieza.<strong> Pidieron \u201ccambio de puertas\u201d y que haya \u201cun personal de seguridad en la Guardia\u201d ya que actualmente los efectivos policiales se ubican en el \u00e1rea de acceso al servicio. Quedaron en tener una nueva reuni\u00f3n en una semana para evaluar el avance de esas acciones.<\/strong><\/p>\n\n\n\n<figure class=\"wp-block-image size-full\"><img data-recalc-dims=\"1\" loading=\"lazy\" decoding=\"async\" width=\"800\" height=\"445\" src=\"https:\/\/i0.wp.com\/cdnoticias.com\/wp-content\/uploads\/2025\/02\/hospital-guardia-ambulancia-00-samak.jpg?resize=800%2C445&#038;ssl=1\" alt=\"\" class=\"wp-image-165390\" srcset=\"https:\/\/i0.wp.com\/cdnoticias.com\/wp-content\/uploads\/2025\/02\/hospital-guardia-ambulancia-00-samak.jpg?w=1000&amp;ssl=1 1000w, https:\/\/i0.wp.com\/cdnoticias.com\/wp-content\/uploads\/2025\/02\/hospital-guardia-ambulancia-00-samak.jpg?resize=300%2C167&amp;ssl=1 300w, https:\/\/i0.wp.com\/cdnoticias.com\/wp-content\/uploads\/2025\/02\/hospital-guardia-ambulancia-00-samak.jpg?resize=768%2C427&amp;ssl=1 768w, https:\/\/i0.wp.com\/cdnoticias.com\/wp-content\/uploads\/2025\/02\/hospital-guardia-ambulancia-00-samak.jpg?resize=800%2C445&amp;ssl=1 800w\" sizes=\"auto, (max-width: 800px) 100vw, 800px\" \/><\/figure>\n\n\n\n<p>Cabe recordar que hace una semana <strong>el Ejecutivo dio a conocer que, a fin de mejorar las condiciones de seguridad, se sumaron 48 c\u00e1maras de monitoreo dentro del Hospital. Se destac\u00f3 que r\u00e1pidamente pudieron esclarecerse algunos \u201cintentos de hurtos de tecnolog\u00eda\u201d cometidos en \u201cpasillos y sectores comunes\u201d.<\/strong><\/p>\n\n\n\n<p><strong>El segundo tema planteado fue el de reducci\u00f3n de la jornada laboral. <\/strong>Dicen que la primera respuesta de Al\u00ed fue que \u201cse iba a evaluar el tema\u201d, algo que para los trabajadores ya estaba en evaluaci\u00f3n desde hac\u00eda meses, cuando lo hab\u00edan pedido. En ese punto algunos comenzaron a retirarse porque consideraron agotado el di\u00e1logo. A medida que sal\u00edan expon\u00edan cr\u00edticas a las intervenciones de los directivos, aunque la reuni\u00f3n segu\u00eda. <strong>\u201cSon temas que ya venimos tratando de hace meses\u201d remarcaban todos. Sumaron que otra parte de la respuesta de las autoridades del Hospital fue pedirle al personal \u201cuna recolecci\u00f3n de datos\u201d para tomar una decisi\u00f3n, datos que ellos aseguran que ya existen en el sistema.<\/strong><\/p>\n\n\n\n<p>Otro de los que sali\u00f3 antes fue Jos\u00e9 Stuppia, quien habl\u00f3 con los trabajadores y se fue del lugar sin hacer declaraciones a los medios. <strong>En un breve contacto en off cont\u00f3 sobre los hechos de violencia que hab\u00eda padecido una enfermera el d\u00eda anterior.<\/strong><\/p>\n\n\n\n<p>En esa l\u00ednea se\u00f1alemos que<strong> el STMO ven\u00eda de anotarse un poroto: hubo reuni\u00f3n paritaria con el Ejecutivo para negociar el pago de la ayuda escolar. Se defini\u00f3 el aporte en 180 mil pesos,\u201dm\u00e1s del doble que lo que paga Anses\u201d <\/strong>lo destac\u00f3 el sindicato en un comunicado en el que inform\u00f3 que \u201clas partes contin\u00faan con el resto de los puntos previstos en las negociaciones paritarias\u201d.<\/p>\n\n\n\n<p>La base del problema para los enfermeros es econ\u00f3mica: los sueldos son bajos y en todos los casos trabajan doble turno -algunos varias veces a la semana- para alcanzar una suma salarial que les alcance. De ah\u00ed explicaron el pedido de reducir en dos horas el turno laboral, algo que ya hacen otras \u00e1reas del Hospital. \u201cCon el tema econ\u00f3mico estamos mal, hacemos doble turno, y no es lo mismo hacer 16 que hacer 12 horas. El personal est\u00e1 cansado, ya no damos m\u00e1s, hay una diferencia terrible de sueldos. Los aumentos no son significativos en relaci\u00f3n a la inflaci\u00f3n\u201d relataron<strong>. \u201cEstamos cansados porque tenemos que hacer doble turno, porque no nos alcanza el sueldo, y venimos haciendo 16. Hay gente que hace 16 horas por tres o cuatro d\u00edas seguidos. No es salud, no es vida\u201d agregaron.<\/strong><\/p>\n\n\n\n<p>El pedido reiterado fue de acciones concretas de las autoridades: \u201cvenimos con muchas reuniones que no vemos respuestas. O sea, no vemos cambios, no vemos resultados. <strong>Capaz que lo est\u00e1n laburando, pero nosotros no nos enteramos\u201d.<\/strong><\/p>\n\n\n\n<p>El conflicto marc\u00f3 un punto importante: otra vez el Hospital es sede de un conflicto laboral, pero esta vez claramente planteado y ejecutado por los trabajadores, al menos un grupo de ellos. <strong>No hubo lugar protag\u00f3nico para el STMO, se\u00f1alado y cuestionado p\u00fablicamente por esto, sino solo de acompa\u00f1amiento.<\/strong><\/p>\n\n\n\n<p>Los problemas de base son dos. La atenci\u00f3n de los pacientes con adicciones y con problemas de salud mental en general desborda la capacidad de atenci\u00f3n del sistema p\u00fablico y la Guardia es un punto clave de la demanda. El segundo aspecto es el econ\u00f3mico y evidencia el nivel salarial de los trabajadores.<strong> Lo planteamos m\u00e1s arriba y lo decimos de nuevo: la l\u00ednea de pobreza ya no es una franja, se convierte en un abismo que separa -y polariza- cada vez con m\u00e1s claridad a las clases sociales. El proceso de salida de la clase media de los asalariados comenz\u00f3 hace casi dos a\u00f1os y en 2024 no hizo m\u00e1s que profundizarse.<\/strong><\/p>\n\n\n\n<p>A la Municipalidad -como a cualquier gobierno local- se le exigen respuestas ante estas situaciones. <strong>Hay aspectos operativos que est\u00e1n en las manos de la gesti\u00f3n local, pero las problem\u00e1ticas de fondo requieren el trabajo articulado de los distintos niveles estatales y una cuota grande de acci\u00f3n de la sociedad.<\/strong><\/p>\n\n\n\n<p class=\"has-large-font-size\">Salidas de urgencia<\/p>\n\n\n\n<figure class=\"wp-block-image size-full\"><img data-recalc-dims=\"1\" loading=\"lazy\" decoding=\"async\" width=\"800\" height=\"445\" src=\"https:\/\/i0.wp.com\/cdnoticias.com\/wp-content\/uploads\/2025\/02\/tormenta-febrero-2025-02.jpg?resize=800%2C445&#038;ssl=1\" alt=\"\" class=\"wp-image-165071\" srcset=\"https:\/\/i0.wp.com\/cdnoticias.com\/wp-content\/uploads\/2025\/02\/tormenta-febrero-2025-02.jpg?w=1000&amp;ssl=1 1000w, https:\/\/i0.wp.com\/cdnoticias.com\/wp-content\/uploads\/2025\/02\/tormenta-febrero-2025-02.jpg?resize=300%2C167&amp;ssl=1 300w, https:\/\/i0.wp.com\/cdnoticias.com\/wp-content\/uploads\/2025\/02\/tormenta-febrero-2025-02.jpg?resize=768%2C427&amp;ssl=1 768w, https:\/\/i0.wp.com\/cdnoticias.com\/wp-content\/uploads\/2025\/02\/tormenta-febrero-2025-02.jpg?resize=800%2C445&amp;ssl=1 800w\" sizes=\"auto, (max-width: 800px) 100vw, 800px\" \/><\/figure>\n\n\n\n<p>Durante la semana vimos dos intervenciones express del Ejecutivo. <strong>Por un lado, el domingo por la ma\u00f1ana y por la tarde con los temporales de viento y lluvia. El sector sudeste de la ciudad fue el alcanzado por el clima adverso. El intendente y los equipos de Defensa Civil y Obras P\u00fablicas tuvieron jornada extendida para relevar y contener a los afectados.<\/strong><\/p>\n\n\n\n<p><strong>El saldo oficial fueron 59 familias asistidas y 31 techos volados. <\/strong>Numerosos \u00e1rboles y ramas ca\u00eddos que hubo que retirar. A ello se suman decenas de postes ca\u00eddos y los tendidos de media y baja tensi\u00f3n afectados que debi\u00f3 afrontar Coopelectric. La Provincia sum\u00f3 materiales para brindar contenci\u00f3n en los distritos donde se dio el fen\u00f3meno clim\u00e1tico entre el s\u00e1bado a la madrugada y el domingo, Olavarr\u00eda uno de ellos.<\/p>\n\n\n\n<p>El Municipio complement\u00f3 la asistencia con el programa <strong>\u201cBarrio por barrio\u201d que durante la semana perfeccion\u00f3 el relevamiento de afectados y ampli\u00f3 la respuesta en la zona de Villa Mail\u00edn.<\/strong><\/p>\n\n\n\n<p>El jueves por la tarde otro escenario, pero que tambi\u00e9n convoc\u00f3 al Municipio: <strong>esta vez fue la subsecretar\u00eda de Seguridad que concurri\u00f3 a Sierra Chica donde apareci\u00f3 la cabeza de un perro. Horas despu\u00e9s se hall\u00f3 el resto del cuerpo.<\/strong><\/p>\n\n\n\n<figure class=\"wp-block-image size-large\"><img data-recalc-dims=\"1\" loading=\"lazy\" decoding=\"async\" width=\"800\" height=\"405\" src=\"https:\/\/i0.wp.com\/cdnoticias.com\/wp-content\/uploads\/2025\/02\/WhatsApp-Image-2025-02-27-at-18.11.40.jpg?resize=800%2C405&#038;ssl=1\" alt=\"\" class=\"wp-image-165327\" srcset=\"https:\/\/i0.wp.com\/cdnoticias.com\/wp-content\/uploads\/2025\/02\/WhatsApp-Image-2025-02-27-at-18.11.40.jpg?resize=1024%2C519&amp;ssl=1 1024w, https:\/\/i0.wp.com\/cdnoticias.com\/wp-content\/uploads\/2025\/02\/WhatsApp-Image-2025-02-27-at-18.11.40.jpg?resize=300%2C152&amp;ssl=1 300w, https:\/\/i0.wp.com\/cdnoticias.com\/wp-content\/uploads\/2025\/02\/WhatsApp-Image-2025-02-27-at-18.11.40.jpg?resize=768%2C389&amp;ssl=1 768w, https:\/\/i0.wp.com\/cdnoticias.com\/wp-content\/uploads\/2025\/02\/WhatsApp-Image-2025-02-27-at-18.11.40.jpg?w=1280&amp;ssl=1 1280w\" sizes=\"auto, (max-width: 800px) 100vw, 800px\" \/><\/figure>\n\n\n\n<p>Hubo protesta vecinal y demanda de respuesta de la Polic\u00eda y de la Justicia. Muchos recordaron el caso que se dio el a\u00f1o pasado, con la detecci\u00f3n de animales envenenados en la v\u00eda p\u00fablica. Un caso sobre el que no se han mostrado avances.<\/p>\n\n\n\n<p>Con el subsecretario <strong>El\u00edas Quintas al frente, la dependencia colabor\u00f3 con la Polic\u00eda para la consecuci\u00f3n de informaci\u00f3n mediante la toma de testimonios y el relevamiento de lugares. Los vecinos se\u00f1alan a un joven como el responsable del caso y aseguran que hay testigos. Ayer hubo allanamientos en la localidad y se aguardan prontas novedades.<\/strong><\/p>\n\n\n\n<p>M\u00e1s all\u00e1 del hecho puntual, el Ejecutivo eligi\u00f3 la v\u00eda de la contenci\u00f3n r\u00e1pida a diferencia del caso del a\u00f1o pasado en la misma localidad.<\/p>\n\n\n\n<p class=\"has-large-font-size\">Las facultades se siguen moviendo<\/p>\n\n\n\n<p>En este newsletter somos sinceros: no cre\u00edmos que nuestro apartado de la semana pasada sobre la situaci\u00f3n en las facultades de Olavarr\u00eda con la elecci\u00f3n de decanos iba a generar tanto ruido. <strong>No \u00edbamos a escribir m\u00e1s sobre el tema hasta m\u00e1s cercano a la fecha \u2026 pero han hecho m\u00e9ritos. Vamos a apretar F5 a un tema que est\u00e1 bastante caldeado.<\/strong><\/p>\n\n\n\n<p>Primero<strong>, \u00bfVolver a las Fuentes miente? Obvio.<\/strong> Primero porque en Sociales no son 12 a\u00f1os de f\u00f3rmulas de integrantes de las carreras de Educaci\u00f3n y Arqueolog\u00eda en decanato. Son 24. Segundo, porque si bien forma parte de la f\u00f3rmula \u201coficial\u201d para renovar autoridades, el actual secretario de Extensi\u00f3n, Nicol\u00e1s Casado, no ser\u00eda n\u00famero puesto para ser decano. Se inform\u00f3 que ser\u00eda el candidato a vicedecano del arque\u00f3logo Gustavo Flensborg, de una important\u00edsima trayectoria acad\u00e9mica dentro de su \u00e1rea, con grandes logros y avances en la materia. <strong>Pasando en limpio, la f\u00f3rmula \u201coficialista\u201d de la Facultad de Ciencias Sociales es Flensborg-Casado.<\/strong><\/p>\n\n\n\n<p>Dicho esto: que sea la f\u00f3rmula del actual oficialismo no significa que tengan n\u00famero seguro para ser el pr\u00f3ximo decano y vicedecano de la Facultad. <strong>Todo lo contrario, sobre todo con los movimientos que se vieron en la \u00faltima semana de reuniones, charlas, di\u00e1logos donde se trata de llegar a un acuerdo de unidad, pero dicen que desde el sector oficialista no hay ni vistas de intentar generar un consenso con el sector \u201cd\u00edscolo\u201d, encabezado por la carrera de Comunicaci\u00f3n y Periodismo.<\/strong> \u00bfNombres? Hay uno sobrevolando, pero por ahora est\u00e1 en las \u201ctratativas\u201d de abrirse a escuchar y buscar la <strong>generaci\u00f3n de un proyecto m\u00e1s colectivo que s\u00f3lo los nombres. <\/strong>Al menos, eso fue lo que pudo saber Volver a las Fuentes en el recogimiento de datos de esta semana.<\/p>\n\n\n\n<p>Ahora, \u00bfhay un efecto domin\u00f3 en las casas de estudio? <strong>La sorpresa por la complejidad electoral de Sociales deriv\u00f3 en que se expresen por lo bajo -pero ganando fuerza con el correr de las horas- serias posibilidades de que en Ingenier\u00eda suceda algo similar.<\/strong><\/p>\n\n\n\n<p>Es que la noticia de que <strong>Marcelo Spina vaya por un nuevo mandato (seg\u00fan lo comentado, el quinto) como decano gener\u00f3 malestar. <\/strong>No tanto por la repitencia en el cargo, sino por las caracter\u00edsticas de las decisiones, algo que cont\u00e1bamos hace una semana atr\u00e1s. \u201c<strong>Deciden dos o tres y el Consejo Acad\u00e9mico no est\u00e1 tan de acuerdo con dichas decisiones\u201d.<\/strong><\/p>\n\n\n\n<p>\u00bfCu\u00e1l es el sector que empuja fuerte? El de los estudiantes, que aportan -y mucho- al debate. No s\u00f3lo con contenido \u2026 con votos.<strong> \u00bfY si por primera vez en la historia de la Facultad de Ingenier\u00eda hay elecci\u00f3n a decano entre dos listas?<\/strong><\/p>\n\n\n\n<p>De todas maneras, el esp\u00edritu de lo que contamos hace siete d\u00edas est\u00e1 intacto: <strong>la molestia pasa por el manejo de poder en las casas de estudio. En los nombres, en la fuerza pol\u00edtica y en el \u00faltimo antecedente, para nada menor, de a qui\u00e9n acompa\u00f1aron en las elecciones de 2023. Hoy es Ministra de Seguridad de la Naci\u00f3n, del mismo gobierno que gener\u00f3 un fuerte ajuste en las universidades, que deriv\u00f3 en masivas movilizaciones e incluso una toma en la Facultad de Sociales.<\/strong><\/p>\n\n\n\n<p>Lo que sorprende, y es m\u00e1s que bienvenido, <strong>es que los liderazgos de pocos dirigentes para tama\u00f1as instituciones est\u00e1n puestos en cuesti\u00f3n como nunca antes. <\/strong>\u00bfPueden derivar en cambios bruscos, en casas de estudio que aportan decenas de profesionales a la ciudad y toda la regi\u00f3n? Esta historia, obviamente, continuar\u00e1.<\/p>\n\n\n\n<p class=\"has-large-font-size\">Cortitas<\/p>\n\n\n\n<p><strong>\u201cLa peor crisis de la historia de la miner\u00eda\u201d. <\/strong>As\u00ed defini\u00f3 el presidente de la C\u00e1mara de la Piedra, Jos\u00e9 Pizzone, <a href=\"https:\/\/lu32.com.ar\/nota\/118595\/estamos-ante-la-peor-crisis-de-la-historia-de-la-mineria-nuestra\" target=\"_blank\" rel=\"noreferrer noopener\">la actualidad de sector en una entrevista en Radio Olavarr\u00eda.<\/a> Se\u00f1al\u00f3 que la capacidad de producci\u00f3n est\u00e1 en \u201c20 o 30%\u201d con lo que adelant\u00f3 que los despidos de personal continuar\u00e1n. <strong>Dijo que los funcionarios del gobierno nacional \u201cno terminan de entender las consecuencias de la falta de intervenci\u00f3n del Estado en algunas cosas\u201d. (\u00bfLo confirm\u00f3 Javier Milei anoche con lo que dijo de la obra p\u00fablica y la generaci\u00f3n de empleo?)<\/strong><\/p>\n\n\n\n<p><strong>Fondos para obras en escuelas.<\/strong> El jueves, Maximiliano Wesner habl\u00f3 ante m\u00e1s de 250 autoridades educativas para repasar las obras realizadas en 2024: hubo m\u00e1s de 1800 intervenciones. All\u00ed anunci\u00f3 que Olavarr\u00eda recibir\u00e1 500 millones de pesos del Programa de Emergencia Educativa Edilicia de la Provincia para destinar durante este a\u00f1o.<\/p>\n\n\n\n<p><strong>\u00bfY la comisi\u00f3n de seguimiento? <\/strong>Es lo que preguntaron los concejales de los bloques Pro y Juntos por Olavarr\u00eda. Presentaron en el HCD un pedido al Ejecutivo para que se conforme la \u201cComisi\u00f3n de Control y Seguimiento de los recursos afectados y Control de da\u00f1o\u201d <a href=\"https:\/\/cdnoticias.com\/index.php\/2025\/02\/24\/venta-de-calle-a-loma-negra-el-pro-y-juntos-por-olavarria-piden-una-comision-de-seguimiento\/\" target=\"_blank\" rel=\"noreferrer noopener\">prevista al momento de la aprobaci\u00f3n de la venta de la calle a la empresa Loma Negra. <\/a><\/p>\n\n\n\n<p><strong>Se encamina el AMCO. <\/strong>El viernes 21 de febrero hubo una reuni\u00f3n de Gustavo Tolosa con el intendente Maximiliano Wesner y ex dirigentes del club. El tema planteado \u201cde urgencia\u201d fue la habilitaci\u00f3n del aut\u00f3dromo (para competencias que ya est\u00e1n previstas en marzo) y de fondo se habl\u00f3 de la constituci\u00f3n de una nueva conducci\u00f3n para uno de los clubes m\u00e1s importantes de la ciudad despu\u00e9s de la renuncia masiva de autoridades. Entre este mes y el pr\u00f3ximo habr\u00e1 elecciones. \u201cLos exdirigentes me est\u00e1n apretando como para que agarre el barco y lo conduzca\u201d dijo Tolosa en una entrevista en Recta Final.\u00a0<\/p>\n\n\n\n<figure class=\"wp-block-embed is-type-wp-embed is-provider-central-de-noticias-olavarr-a wp-block-embed-central-de-noticias-olavarr-a\"><div class=\"wp-block-embed__wrapper\">\n<blockquote class=\"wp-embedded-content\" data-secret=\"oVbsCEqtUK\"><a href=\"https:\/\/cdnoticias.com\/index.php\/2025\/02\/25\/gustavo-tolosa-y-el-amco-de-acuerdo-a-la-respuesta-que-tengamos-esta-la-posibilidad-esta-de-armar-algo\/\">Gustavo Tolosa y el AMCO: \u201cde acuerdo a la respuesta que tengamos, est\u00e1 la posibilidad de armar algo\u201d<\/a><\/blockquote><iframe loading=\"lazy\" class=\"wp-embedded-content\" sandbox=\"allow-scripts\" security=\"restricted\" style=\"position: absolute; visibility: hidden;\" title=\"&#8220;Gustavo Tolosa y el AMCO: \u201cde acuerdo a la respuesta que tengamos, est\u00e1 la posibilidad de armar algo\u201d&#8221; &#8212; Central de Noticias | Olavarr\u00eda\" src=\"https:\/\/cdnoticias.com\/index.php\/2025\/02\/25\/gustavo-tolosa-y-el-amco-de-acuerdo-a-la-respuesta-que-tengamos-esta-la-posibilidad-esta-de-armar-algo\/embed\/#?secret=jowAfS3tTk#?secret=oVbsCEqtUK\" data-secret=\"oVbsCEqtUK\" width=\"600\" height=\"338\" frameborder=\"0\" marginwidth=\"0\" marginheight=\"0\" scrolling=\"no\"><\/iframe>\n<\/div><\/figure>\n\n\n\n<p class=\"has-large-font-size\"><strong>El newsletter<\/strong><\/p>\n\n\n\n<p>Esta publicaci\u00f3n es la edici\u00f3n de este domingo del newsletter Volver a las Fuentes que escriben Alexis Grierson y Josefina Bargas. <a href=\"https:\/\/linktr.ee\/volveralasfuentes\">Tiene un sistema de suscripci\u00f3n econ\u00f3mica y aportes \u00fanicos al que se puede acceder aqu\u00ed.<\/a><\/p>\n","protected":false},"excerpt":{"rendered":"<p>La inseguridad, la falta de respuestas y un tema que explica la coyuntura actual: un tejido social destruido. El temporal<\/p>\n","protected":false},"author":2,"featured_media":164890,"comment_status":"closed","ping_status":"closed","sticky":false,"template":"","format":"standard","meta":{"_jetpack_memberships_contains_paid_content":false,"footnotes":""},"categories":[4,1],"tags":[],"class_list":["post-165542","post","type-post","status-publish","format-standard","has-post-thumbnail","hentry","category-politica","category-portada"],"jetpack_featured_media_url":"https:\/\/i0.wp.com\/cdnoticias.com\/wp-content\/uploads\/2025\/02\/tormenta-danos-wesner-sociedad-de-fomento-villa-mailin.jpg?fit=1000%2C556&ssl=1","jetpack_sharing_enabled":true,"_links":{"self":[{"href":"https:\/\/cdnoticias.com\/index.php\/wp-json\/wp\/v2\/posts\/165542","targetHints":{"allow":["GET"]}}],"collection":[{"href":"https:\/\/cdnoticias.com\/index.php\/wp-json\/wp\/v2\/posts"}],"about":[{"href":"https:\/\/cdnoticias.com\/index.php\/wp-json\/wp\/v2\/types\/post"}],"author":[{"embeddable":true,"href":"https:\/\/cdnoticias.com\/index.php\/wp-json\/wp\/v2\/users\/2"}],"replies":[{"embeddable":true,"href":"https:\/\/cdnoticias.com\/index.php\/wp-json\/wp\/v2\/comments?post=165542"}],"version-history":[{"count":0,"href":"https:\/\/cdnoticias.com\/index.php\/wp-json\/wp\/v2\/posts\/165542\/revisions"}],"wp:featuredmedia":[{"embeddable":true,"href":"https:\/\/cdnoticias.com\/index.php\/wp-json\/wp\/v2\/media\/164890"}],"wp:attachment":[{"href":"https:\/\/cdnoticias.com\/index.php\/wp-json\/wp\/v2\/media?parent=165542"}],"wp:term":[{"taxonomy":"category","embeddable":true,"href":"https:\/\/cdnoticias.com\/index.php\/wp-json\/wp\/v2\/categories?post=165542"},{"taxonomy":"post_tag","embeddable":true,"href":"https:\/\/cdnoticias.com\/index.php\/wp-json\/wp\/v2\/tags?post=165542"}],"curies":[{"name":"wp","href":"https:\/\/api.w.org\/{rel}","templated":true}]}}