{"id":16554,"date":"2021-03-18T20:37:53","date_gmt":"2021-03-18T23:37:53","guid":{"rendered":"http:\/\/www.centraldenoticias.com.ar\/?p=16554"},"modified":"2021-03-19T08:45:46","modified_gmt":"2021-03-19T11:45:46","slug":"la-gente-esta-esperando-radicalismo","status":"publish","type":"post","link":"https:\/\/cdnoticias.com\/index.php\/2021\/03\/18\/la-gente-esta-esperando-radicalismo\/","title":{"rendered":"\u201cLa gente est\u00e1 esperando radicalismo\u201d"},"content":{"rendered":"<p>Gonzalo Dolagaray y Bel\u00e9n Vergel, referentes de la Lista 114, a solas con Central de Noticias. El \u201cfen\u00f3meno radical\u201d de la interna ante el contexto del pa\u00eds, el llamado a participar y una campa\u00f1a \u201cpropositiva\u201d: \u201cvamos a trabajar para que estemos unidos\u201d dijeron.<!--more--><\/p>\n<hr \/>\n<p><strong>Alexis Grierson<\/strong> \/ <a href=\"https:\/\/twitter.com\/alexisdechillar\" target=\"_blank\" rel=\"noopener\">@alexisdechillar<\/a><\/p>\n<p><strong>Ignacio Cerdera<\/strong> \/ <a href=\"https:\/\/twitter.com\/nachocerdera\" target=\"_blank\" rel=\"noopener\">@nachocerdera<\/a><\/p>\n<p><em>(del staff de Central de Noticias)<\/em><\/p>\n<p>&nbsp;<\/p>\n<p><strong>\u201cAc\u00e1 tenemos mucha uni\u00f3n, hemos trabajado tanto tiempo juntos y con una idea tan clara que hay mucha armon\u00eda en el grupo\u201d<\/strong> dice Bel\u00e9n Vergel, integrante de la Lista 114 de la interna del radicalismo. Junto a Gonzalo Dolagaray buscan renovar, tras las dos gestiones de Francisco Gonz\u00e1lez, al oficialismo de la UCR.<\/p>\n<p>&nbsp;<\/p>\n<p>Con desaf\u00edos importantes pero con una impronta m\u00e1s que novedosa, la Lista 114 se ancla mucho en el candidato por el Comit\u00e9 Provincia, Gustavo Posse. Tanto, que el candidato a secretario general es el olavarriense Franco Cominotto.<\/p>\n<p>&nbsp;<\/p>\n<p>A pocas horas de la veda, y en un distendido di\u00e1logo, <strong>Dolagaray y Vergel dialogaron a solas con <em>Central de Noticias<\/em>.<\/strong><\/p>\n<p>&nbsp;<\/p>\n<p><em><strong>-\u00bfC\u00f3mo han vivido este sprint final de la interna?<\/strong><\/em><\/p>\n<p>&nbsp;<\/p>\n<p>-Dolagaray: La estamos viviendo con alegr\u00eda, porque ha sido muy bueno el recibimiento que tenemos de los afiliados, hemos tenido la gracia de asociar mucha gente durante la campa\u00f1a. Cosa que no se hab\u00eda dado en otras oportunidades, yo le dec\u00eda a los chicos que <strong>me recordaba un poco la interna que tuvimos en su momento con Helios, en el 2005, por la cantidad de personas que estamos trabajando en el grupo y la recepci\u00f3n que tenemos de los vecinos en general, m\u00e1s all\u00e1 de los afiliados.<\/strong><\/p>\n<p>&nbsp;<\/p>\n<p><img data-recalc-dims=\"1\" loading=\"lazy\" decoding=\"async\" class=\"alignnone size-large wp-image-16559\" src=\"https:\/\/i0.wp.com\/cdnoticias.com\/wp-content\/uploads\/2021\/03\/vergel-ucr-1.jpg?resize=800%2C534&#038;ssl=1\" alt=\"\" width=\"800\" height=\"534\" srcset=\"https:\/\/i0.wp.com\/cdnoticias.com\/wp-content\/uploads\/2021\/03\/vergel-ucr-1.jpg?resize=1024%2C683&amp;ssl=1 1024w, https:\/\/i0.wp.com\/cdnoticias.com\/wp-content\/uploads\/2021\/03\/vergel-ucr-1.jpg?resize=300%2C200&amp;ssl=1 300w, https:\/\/i0.wp.com\/cdnoticias.com\/wp-content\/uploads\/2021\/03\/vergel-ucr-1.jpg?resize=768%2C512&amp;ssl=1 768w, https:\/\/i0.wp.com\/cdnoticias.com\/wp-content\/uploads\/2021\/03\/vergel-ucr-1.jpg?resize=272%2C182&amp;ssl=1 272w, https:\/\/i0.wp.com\/cdnoticias.com\/wp-content\/uploads\/2021\/03\/vergel-ucr-1.jpg?w=1600&amp;ssl=1 1600w, https:\/\/i0.wp.com\/cdnoticias.com\/wp-content\/uploads\/2021\/03\/vergel-ucr-1.jpg?w=2400&amp;ssl=1 2400w\" sizes=\"auto, (max-width: 800px) 100vw, 800px\" \/><\/p>\n<p>&nbsp;<\/p>\n<p>-Vergel: Hemos estado recorriendo las localidades, visitando hasta el \u00faltimo rinc\u00f3n de los barrios y la verdad que en todos lados nos reciben muy bien, <strong>la gente est\u00e1 esperando radicalismo, est\u00e1 esperando que nosotros lleguemos<\/strong>. En otros momentos era muy dif\u00edcil entrar, llegarle al vecino, y en estos momentos no, la recepci\u00f3n es excelente.<\/p>\n<p>&nbsp;<\/p>\n<p><em><strong>-\u00bfPor qu\u00e9 creen que se da ese fen\u00f3meno? Incluso otras listas han admitido buen recibimiento en general\u2026<\/strong><\/em><\/p>\n<p>&nbsp;<\/p>\n<p>B.V: <strong>Estuvo muy callado el radicalismo, muy aplacado y este nuevo radicalismo que viene, protagonista, actor de un nuevo proyecto a nivel nacional despierta a todo el afiliado. Creo que no solo al afiliado, a la comunidad. Este proyecto va m\u00e1s all\u00e1 del radicalismo<\/strong>. El resultado de esta interna no es para los radicales, sino para toda la comunidad. Estamos trabajando para m\u00e1s all\u00e1 de este 21, y por eso estamos convocando a todos, aquel que se sinti\u00f3 desencantado en su momento, que no se sinti\u00f3 representado, que qued\u00f3 enojado por algo, todos est\u00e1n volviendo a participar en este espacio, por eso es tan amplio, todos los d\u00edas se sigue sumando gente a trabajar, a querer colaborar. Eso es muy esperanzador.<\/p>\n<p>&nbsp;<\/p>\n<p><em><strong>-\u00bfSe puede explicar por la crisis econ\u00f3mica, por ejemplo? Venimos de cuatro a\u00f1os de Macri, m\u00e1s la pandemia en la gesti\u00f3n Fern\u00e1ndez\u2026<\/strong><\/em><\/p>\n<p>&nbsp;<\/p>\n<p>-G.D: Creo que puede haber una explicaci\u00f3n por ese lado. <strong>Hoy la realidad que nos toca a los argentinos es muy dura, y creo que la gente en general est\u00e1 buscando el radicalismo<\/strong>. Sabe de nuestra forma de trabajo, conoce nuestros principios y creo que esos valores hoy en la Argentina hacen mucha falta. Creo que puede venir de ah\u00ed la recepci\u00f3n y las ganas de que el radicalismo sea protagonista.<\/p>\n<p>&nbsp;<\/p>\n<p><em><strong>-Bueno, tambi\u00e9n la figura de Martin Lousteau irrumpi\u00f3 como \u201crenovaci\u00f3n\u201d dentro de la UCR y el panorama pol\u00edtico general\u2026<\/strong><\/em><\/p>\n<p>&nbsp;<\/p>\n<p>-B.V: Trajo nuevos aires, y eso s\u00ed es lo que genera esta esperanza de la que habl\u00e1bamos. <strong>Estamos trabajando y viendo un proyecto a nivel nacional, hac\u00eda rato que el radicalismo no trabajaba en este sentido<\/strong>, esta situaci\u00f3n de un nuevo candidato como Mart\u00edn ilumina el horizonte y en eso estamos caminando.<\/p>\n<p>&nbsp;<\/p>\n<p><img data-recalc-dims=\"1\" loading=\"lazy\" decoding=\"async\" class=\"alignnone size-large wp-image-16558\" src=\"https:\/\/i0.wp.com\/cdnoticias.com\/wp-content\/uploads\/2021\/03\/vergel-dolagaray-4.jpg?resize=800%2C534&#038;ssl=1\" alt=\"\" width=\"800\" height=\"534\" \/><\/p>\n<p>&nbsp;<\/p>\n<p>-G.D: Hay una generaci\u00f3n que estaba como aplacada, por la estructura que ten\u00edamos dentro del partido. Es la generaci\u00f3n nuestra. Esto se est\u00e1 dando en todo el pa\u00eds, pas\u00f3 en C\u00f3rdoba, estamos en Santa Fe, lo de Formosa. Celeste Ruiz D\u00edaz es parte de nuestro grupo, <strong>hay un despertar de nuestra generaci\u00f3n que me parece que en los pr\u00f3ximos a\u00f1os vamos a tener que tener la conducci\u00f3n del partido.<\/strong><\/p>\n<p>&nbsp;<\/p>\n<p><em><strong>-Justamente, \u00bfc\u00f3mo ha sido trabajar en las problem\u00e1ticas de esta generaci\u00f3n que ganaron la agenda, como lo que sucede en G\u00e9nero?<\/strong><\/em><\/p>\n<p>&nbsp;<\/p>\n<p>-B.V: Desde este espacio siempre hemos trabajado con la comunidad y hemos estado trabajando cerca de las instituciones, es una agenda que desde el grupo de mujeres lo venimos planteando. No queremos que sea una agenda de g\u00e9nero, sino una agenda que las mujeres preparen para el espacio y no que aquellos temas o cuestiones que el hombre no quiera tratar van a ser tratados por las mujeres. Y esa agenda, si bien va a ser propuesta desde nuestro grupo de mujeres, va a ser trabajada de manera conjunta. <strong>Ac\u00e1 hay que pensar en una integraci\u00f3n y en estos momentos, como lo charl\u00e1bamos mucho el D\u00eda de la Mujer, hoy se habla de grupos de mujeres, el grupo general, esa una cuesti\u00f3n circunstancial, ya la sociedad va a crecer, va a dejar de tener estos pensamientos de dinosaurio, de machismo, de estructuras patriarcales, y vamos a poder trabajar todos juntos.<\/strong><\/p>\n<p>&nbsp;<\/p>\n<p><em><strong>-Volviendo al tema internas, tambi\u00e9n se vio en los espacios una campa\u00f1a muy propositiva, no tan confrontativa, y eso hizo unas internas m\u00e1s \u201ctranquilas\u201d, \u00bfcreen lo mismo?<\/strong><\/em><\/p>\n<p>&nbsp;<\/p>\n<p>-G.D: Si, de hecho fue una de las primeras premisas que tuvimos cuando arrancamos con todo esto. <strong>No hablar mal del otro, porque el 22 queremos que estar todos juntos. Hay una carta org\u00e1nica donde el que gana va a llevar la mesa directiva y despu\u00e9s los cargos se van a repartir<\/strong>. Esperemos que sean ocupados por el que no gane, y no vamos a estar mat\u00e1ndonos por una interna por los medios cuando luego la intenci\u00f3n es trabajar todos juntos.<\/p>\n<p>&nbsp;<\/p>\n<p>B.V: Aparte no le hace bien al radicalismo. <strong>Creo que una discusi\u00f3n dentro del radicalismo favorece al afuera, no al radical y no lo vamos a permitir, no le vamos a dar de comer a otros espacios.<\/strong><\/p>\n<p>&nbsp;<\/p>\n<p><em><strong>-\u00bfEsta intenci\u00f3n muestra la chance de participar de las PASO en agosto, de generar una alternativa 100% radical en las Legislativas?<\/strong><\/em><\/p>\n<p>&nbsp;<\/p>\n<p>-G.D: S\u00ed, totalmente. Tenemos tambi\u00e9n como premisa (es m\u00e1s, a los afiliados es uno de los discursos que le bajamos),<strong> para la Legislativa que viene presentar nuestros propios candidatos y la misma intenci\u00f3n para el 2023, nuestro candidato a Intendente<\/strong>. Si dios quiere lo vamos a poder lograr, con la participaci\u00f3n que tenemos creo que mucho m\u00e1s.<\/p>\n<p>&nbsp;<\/p>\n<p><img data-recalc-dims=\"1\" loading=\"lazy\" decoding=\"async\" class=\"alignnone size-large wp-image-16557\" src=\"https:\/\/i0.wp.com\/cdnoticias.com\/wp-content\/uploads\/2021\/03\/vergel-dolagaray-3.jpg?resize=800%2C534&#038;ssl=1\" alt=\"\" width=\"800\" height=\"534\" srcset=\"https:\/\/i0.wp.com\/cdnoticias.com\/wp-content\/uploads\/2021\/03\/vergel-dolagaray-3.jpg?resize=1024%2C683&amp;ssl=1 1024w, https:\/\/i0.wp.com\/cdnoticias.com\/wp-content\/uploads\/2021\/03\/vergel-dolagaray-3.jpg?resize=300%2C200&amp;ssl=1 300w, https:\/\/i0.wp.com\/cdnoticias.com\/wp-content\/uploads\/2021\/03\/vergel-dolagaray-3.jpg?resize=768%2C512&amp;ssl=1 768w, https:\/\/i0.wp.com\/cdnoticias.com\/wp-content\/uploads\/2021\/03\/vergel-dolagaray-3.jpg?resize=272%2C182&amp;ssl=1 272w, https:\/\/i0.wp.com\/cdnoticias.com\/wp-content\/uploads\/2021\/03\/vergel-dolagaray-3.jpg?w=1600&amp;ssl=1 1600w, https:\/\/i0.wp.com\/cdnoticias.com\/wp-content\/uploads\/2021\/03\/vergel-dolagaray-3.jpg?w=2400&amp;ssl=1 2400w\" sizes=\"auto, (max-width: 800px) 100vw, 800px\" \/><\/p>\n<p>&nbsp;<\/p>\n<p>-B.V: <strong>Si en esta elecci\u00f3n, la del 2021, participa gran cantidad de afiliados y logramos un radicalismo fuerte vamos a estar fortalecidos para las PASO, llevando candidatos propios<\/strong>. Que es lo que est\u00e1 necesitando el espacio el cual integramos y que pretendemos seguir integrando, lo que s\u00ed con democracia interna.<\/p>\n<p>&nbsp;<\/p>\n<p><em><strong>-\u00bfQu\u00e9 significa que haya peque\u00f1os comit\u00e9s en los barrios?<\/strong><\/em><\/p>\n<p>&nbsp;<\/p>\n<p>-B.V: Dentro de la conformaci\u00f3n de las listas \u00e9ramos tantos los que est\u00e1bamos participando que vimos la posibilidad de hacer algo hist\u00f3rico como son los comit\u00e9 de circuito. Los comit\u00e9s de circuito nos van a permitir tener territorialidad y tener el reflejo en el Comit\u00e9 Central de lo que pasa en cada uno de los barrios de las localidades, eso tambi\u00e9n es democracia. Fortalecer las instituciones, fortalecer el trabajo en los barrios, eso es radical y eso lo vamos a trabajar muy fuerte. <strong>No es una promesa, es una realidad que ya estamos en todos los barrios y tenemos representantes de todos los barrios para llevar adelante este proyecto.<\/strong><\/p>\n<p>&nbsp;<\/p>\n<p><em><strong>-\u00bfC\u00f3mo ven el trabajo de Mart\u00edn Lastape en el HCD?<\/strong><\/em><\/p>\n<p>&nbsp;<\/p>\n<p>-B.V: Mart\u00edn ha sido la voz del radicalismo en el Concejo. Siempre ha sido muy org\u00e1nico y ha trabajado dentro de este espacio. <strong>Ha sido muy respetuoso de todo este grupo y ha llevado nuestra voz<\/strong>, as\u00ed que desde el trabajo diario es el que Mart\u00edn mejor lo representa.<\/p>\n<p>&nbsp;<\/p>\n<p>-G.D: En las localidades hemos trabajado mucho con lo que present\u00f3 Mart\u00edn, que se aprob\u00f3, no fue f\u00e1cil aprobarlo, porque siempre hay ego\u00edsmos adentro del concejo, y gracias a Dios hoy los vecinos de las localidades van a recibir ese 30% de la Tasa de Servicios Urbanos para que los recursos le lleguen a los delegados. Hoy los delegados no tienen ni para cortar el pasto, hemos estado con la mayor\u00eda de ellos y la verdad que es lastimoso lo que est\u00e1 sucediendo. Cuando presentamos en su momento el proyecto para que sea votado por el pueblo el delegado no era esa la intenci\u00f3n, seguimos trabajando en esta situaci\u00f3n y vemos que el delegado iba a poder llegar a generar recursos.<\/p>\n<p>&nbsp;<\/p>\n<p><em><strong>-\u00bfQu\u00e9 mensaje le dejan al afiliado de cara al domingo?<\/strong><\/em><\/p>\n<p>&nbsp;<\/p>\n<p>-G.D: <strong>pedirle la participaci\u00f3n, que vaya a votar el domingo es muy necesario para el partido a futuro<\/strong>. Creemos que va a ser la forma de fortalecer el partido: cuanta m\u00e1s participaci\u00f3n tengamos del afiliado, se va a fortalecer el partido.<\/p>\n<p>&nbsp;<\/p>\n<p>-B.V: El 21 van a haber varios lugares para votar, va a estar la Escuela Normal, la Escuela 32, la Escuela 4, las escuelas en las localidades, va a estar accesible para que todos puedan participar.<strong> Los vamos a cuidar porque tenemos todos los protocolos puestos para que eso sea, vamos a tratar que sea todo en el transcurso del d\u00eda, prolijo, para cuidarlos y cuidarnos<\/strong>.<\/p>\n","protected":false},"excerpt":{"rendered":"<p>Gonzalo Dolagaray y Bel\u00e9n Vergel, referentes de la Lista 114, a solas con Central de Noticias. El \u201cfen\u00f3meno radical\u201d de<\/p>\n","protected":false},"author":2,"featured_media":16556,"comment_status":"closed","ping_status":"closed","sticky":false,"template":"","format":"standard","meta":{"_jetpack_memberships_contains_paid_content":false,"footnotes":""},"categories":[4,1],"tags":[],"class_list":["post-16554","post","type-post","status-publish","format-standard","has-post-thumbnail","hentry","category-politica","category-portada"],"jetpack_featured_media_url":"https:\/\/i0.wp.com\/cdnoticias.com\/wp-content\/uploads\/2021\/03\/vergel-dolagaray-2.jpg?fit=4608%2C3072&ssl=1","jetpack_sharing_enabled":true,"_links":{"self":[{"href":"https:\/\/cdnoticias.com\/index.php\/wp-json\/wp\/v2\/posts\/16554","targetHints":{"allow":["GET"]}}],"collection":[{"href":"https:\/\/cdnoticias.com\/index.php\/wp-json\/wp\/v2\/posts"}],"about":[{"href":"https:\/\/cdnoticias.com\/index.php\/wp-json\/wp\/v2\/types\/post"}],"author":[{"embeddable":true,"href":"https:\/\/cdnoticias.com\/index.php\/wp-json\/wp\/v2\/users\/2"}],"replies":[{"embeddable":true,"href":"https:\/\/cdnoticias.com\/index.php\/wp-json\/wp\/v2\/comments?post=16554"}],"version-history":[{"count":0,"href":"https:\/\/cdnoticias.com\/index.php\/wp-json\/wp\/v2\/posts\/16554\/revisions"}],"wp:featuredmedia":[{"embeddable":true,"href":"https:\/\/cdnoticias.com\/index.php\/wp-json\/wp\/v2\/media\/16556"}],"wp:attachment":[{"href":"https:\/\/cdnoticias.com\/index.php\/wp-json\/wp\/v2\/media?parent=16554"}],"wp:term":[{"taxonomy":"category","embeddable":true,"href":"https:\/\/cdnoticias.com\/index.php\/wp-json\/wp\/v2\/categories?post=16554"},{"taxonomy":"post_tag","embeddable":true,"href":"https:\/\/cdnoticias.com\/index.php\/wp-json\/wp\/v2\/tags?post=16554"}],"curies":[{"name":"wp","href":"https:\/\/api.w.org\/{rel}","templated":true}]}}