{"id":165521,"date":"2025-03-02T08:48:53","date_gmt":"2025-03-02T11:48:53","guid":{"rendered":"https:\/\/cdnoticias.com\/?p=165521"},"modified":"2025-03-02T16:23:29","modified_gmt":"2025-03-02T19:23:29","slug":"alerta-amarilla-por-tormentas-para-este-domingo","status":"publish","type":"post","link":"https:\/\/cdnoticias.com\/index.php\/2025\/03\/02\/alerta-amarilla-por-tormentas-para-este-domingo\/","title":{"rendered":"Alerta amarilla por tormentas para este domingo"},"content":{"rendered":"\n<p>Rige para la noche y estar\u00e1n acompa\u00f1adas por abundante ca\u00edda de agua. <strong>La lluvia ser\u00e1 la protagonista de la semana.<\/strong><\/p>\n\n\n\n<hr class=\"wp-block-separator has-alpha-channel-opacity\"\/>\n\n\n\n<p>El Servicio Meteorol\u00f3gico Nacional (SMN) lanz\u00f3 una alerta por tormentas para Olavarr\u00eda, Laprida y General La Madrid.<\/p>\n\n\n\n<p><\/p>\n\n\n\n<p>La advertencia nivel amarillo se\u00f1ala que el \u00e1rea ser\u00e1 afectada por <strong>tormentas fuertes, algunas localmente severas. <\/strong>Las mismas estar\u00e1n principalmente acompa\u00f1adas por <strong>abundante ca\u00edda de agua en cortos per\u00edodos de tiempo.<\/strong><\/p>\n\n\n\n<p><\/p>\n\n\n\n<p>Adem\u00e1s, indica que se prev\u00e9n<strong> valores de precipitaci\u00f3n acumulada entre 30 y 60 mm,<\/strong> pudiendo ser superados en forma puntual.<\/p>\n\n\n\n<p><\/p>\n\n\n\n<p><strong>Parag\u00fcas en mano<\/strong><\/p>\n\n\n\n<p><\/p>\n\n\n\n<p>La lluvia ser\u00e1 la protagonista de toda la semana, seg\u00fan anticipa el SMN.<\/p>\n\n\n\n<p><\/p>\n\n\n\n<p>Tal es as\u00ed, que si miramos el pron\u00f3stico <strong>las probabilidades de lluvias y tormentas se extiende desde este domingo hasta la madrugada del pr\u00f3ximo viernes.<\/strong><\/p>\n\n\n\n<p><\/p>\n\n\n\n<p>En tanto, las <strong>temperaturas m\u00e1ximas oscilar\u00e1n entre los 24\u00b0 y 29\u00b0.<\/strong><\/p>\n","protected":false},"excerpt":{"rendered":"<p>Rige para la noche y estar\u00e1n acompa\u00f1adas por abundante ca\u00edda de agua. La lluvia ser\u00e1 la protagonista de la semana.<\/p>\n","protected":false},"author":5,"featured_media":122302,"comment_status":"closed","ping_status":"closed","sticky":false,"template":"","format":"standard","meta":{"_jetpack_memberships_contains_paid_content":false,"footnotes":""},"categories":[5,1],"tags":[],"class_list":["post-165521","post","type-post","status-publish","format-standard","has-post-thumbnail","hentry","category-informacion-general","category-portada"],"jetpack_featured_media_url":"https:\/\/i0.wp.com\/cdnoticias.com\/wp-content\/uploads\/2024\/08\/nublado-arroyo-lluvia-parque-01.jpg?fit=1000%2C556&ssl=1","jetpack_sharing_enabled":true,"_links":{"self":[{"href":"https:\/\/cdnoticias.com\/index.php\/wp-json\/wp\/v2\/posts\/165521","targetHints":{"allow":["GET"]}}],"collection":[{"href":"https:\/\/cdnoticias.com\/index.php\/wp-json\/wp\/v2\/posts"}],"about":[{"href":"https:\/\/cdnoticias.com\/index.php\/wp-json\/wp\/v2\/types\/post"}],"author":[{"embeddable":true,"href":"https:\/\/cdnoticias.com\/index.php\/wp-json\/wp\/v2\/users\/5"}],"replies":[{"embeddable":true,"href":"https:\/\/cdnoticias.com\/index.php\/wp-json\/wp\/v2\/comments?post=165521"}],"version-history":[{"count":0,"href":"https:\/\/cdnoticias.com\/index.php\/wp-json\/wp\/v2\/posts\/165521\/revisions"}],"wp:featuredmedia":[{"embeddable":true,"href":"https:\/\/cdnoticias.com\/index.php\/wp-json\/wp\/v2\/media\/122302"}],"wp:attachment":[{"href":"https:\/\/cdnoticias.com\/index.php\/wp-json\/wp\/v2\/media?parent=165521"}],"wp:term":[{"taxonomy":"category","embeddable":true,"href":"https:\/\/cdnoticias.com\/index.php\/wp-json\/wp\/v2\/categories?post=165521"},{"taxonomy":"post_tag","embeddable":true,"href":"https:\/\/cdnoticias.com\/index.php\/wp-json\/wp\/v2\/tags?post=165521"}],"curies":[{"name":"wp","href":"https:\/\/api.w.org\/{rel}","templated":true}]}}