{"id":16551,"date":"2021-03-18T17:39:56","date_gmt":"2021-03-18T20:39:56","guid":{"rendered":"http:\/\/www.centraldenoticias.com.ar\/?p=16551"},"modified":"2021-03-18T17:39:56","modified_gmt":"2021-03-18T20:39:56","slug":"elsa-raquel-aldasoro-viuda-de-aitala-q-e-p-d","status":"publish","type":"post","link":"https:\/\/cdnoticias.com\/index.php\/2021\/03\/18\/elsa-raquel-aldasoro-viuda-de-aitala-q-e-p-d\/","title":{"rendered":"Elsa Raquel Aldasoro viuda de Aitala (Q.E.P.D.)"},"content":{"rendered":"<p>Falleci\u00f3 en Olavarr\u00eda el d\u00eda 18 de Marzo de 2021 a los 84 a\u00f1os de edad. Su hija Ercilia Aitala, su hijo pol\u00edtico Olivier Bioul y dem\u00e1s deudos participan su fallecimiento.<\/p>\n<p>&nbsp;<\/p>\n<p>No se realiza velatorio. Sus restos ser\u00e1n inhumados este viernes desde las 9.30 en el cementerio Loma de Paz. Servicio adherido a Coopelectric.<\/p>\n<p>&nbsp;<\/p>\n","protected":false},"excerpt":{"rendered":"<p>Falleci\u00f3 en Olavarr\u00eda el d\u00eda 18 de Marzo de 2021 a los 84 a\u00f1os de edad. Su hija Ercilia Aitala,<\/p>\n","protected":false},"author":3,"featured_media":0,"comment_status":"closed","ping_status":"closed","sticky":false,"template":"","format":"standard","meta":{"_jetpack_memberships_contains_paid_content":false,"footnotes":""},"categories":[10],"tags":[],"class_list":["post-16551","post","type-post","status-publish","format-standard","hentry","category-necrologicas"],"jetpack_featured_media_url":"","jetpack_sharing_enabled":true,"_links":{"self":[{"href":"https:\/\/cdnoticias.com\/index.php\/wp-json\/wp\/v2\/posts\/16551","targetHints":{"allow":["GET"]}}],"collection":[{"href":"https:\/\/cdnoticias.com\/index.php\/wp-json\/wp\/v2\/posts"}],"about":[{"href":"https:\/\/cdnoticias.com\/index.php\/wp-json\/wp\/v2\/types\/post"}],"author":[{"embeddable":true,"href":"https:\/\/cdnoticias.com\/index.php\/wp-json\/wp\/v2\/users\/3"}],"replies":[{"embeddable":true,"href":"https:\/\/cdnoticias.com\/index.php\/wp-json\/wp\/v2\/comments?post=16551"}],"version-history":[{"count":0,"href":"https:\/\/cdnoticias.com\/index.php\/wp-json\/wp\/v2\/posts\/16551\/revisions"}],"wp:attachment":[{"href":"https:\/\/cdnoticias.com\/index.php\/wp-json\/wp\/v2\/media?parent=16551"}],"wp:term":[{"taxonomy":"category","embeddable":true,"href":"https:\/\/cdnoticias.com\/index.php\/wp-json\/wp\/v2\/categories?post=16551"},{"taxonomy":"post_tag","embeddable":true,"href":"https:\/\/cdnoticias.com\/index.php\/wp-json\/wp\/v2\/tags?post=16551"}],"curies":[{"name":"wp","href":"https:\/\/api.w.org\/{rel}","templated":true}]}}