{"id":16548,"date":"2021-03-18T17:28:24","date_gmt":"2021-03-18T20:28:24","guid":{"rendered":"http:\/\/www.centraldenoticias.com.ar\/?p=16548"},"modified":"2021-03-18T20:23:31","modified_gmt":"2021-03-18T23:23:31","slug":"volvio-a-subir-el-numero-de-pacientes-activos-de-coronavirus-en-olavarria","status":"publish","type":"post","link":"https:\/\/cdnoticias.com\/index.php\/2021\/03\/18\/volvio-a-subir-el-numero-de-pacientes-activos-de-coronavirus-en-olavarria\/","title":{"rendered":"Volvi\u00f3 a subir el n\u00famero de pacientes activos de coronavirus en Olavarr\u00eda"},"content":{"rendered":"<p>Se detectaron 33 positivos, tras la realizaci\u00f3n de m\u00e1s de un centenar de testeos.<!--more--><\/p>\n<hr \/>\n<p>En la jornada de este jueves volvi\u00f3 a incrementarse el n\u00famero de pacientes activos de coronavirus en el partido de Olavarr\u00eda, que <strong>trep\u00f3 a 164, de las cuales el 82% es menor a 60 a\u00f1os. <\/strong><\/p>\n<p>&nbsp;<\/p>\n<blockquote><p>La edad promedio de las personas con Coronavirus actualmente es de 41 a\u00f1os<\/p><\/blockquote>\n<p>&nbsp;<\/p>\n<p>La situaci\u00f3n se debe a que,<strong> tras la realizaci\u00f3n de 129 hisopados fueron detectados 33 positivos. A la par, 19 personas recibieron el alta m\u00e9dica.<\/strong><\/p>\n<p>&nbsp;<\/p>\n<p><img data-recalc-dims=\"1\" loading=\"lazy\" decoding=\"async\" class=\"alignnone size-large wp-image-16549\" src=\"https:\/\/i0.wp.com\/cdnoticias.com\/wp-content\/uploads\/2021\/03\/parte-12.jpg?resize=800%2C408&#038;ssl=1\" alt=\"\" width=\"800\" height=\"408\" srcset=\"https:\/\/i0.wp.com\/cdnoticias.com\/wp-content\/uploads\/2021\/03\/parte-12.jpg?resize=1024%2C522&amp;ssl=1 1024w, https:\/\/i0.wp.com\/cdnoticias.com\/wp-content\/uploads\/2021\/03\/parte-12.jpg?resize=300%2C153&amp;ssl=1 300w, https:\/\/i0.wp.com\/cdnoticias.com\/wp-content\/uploads\/2021\/03\/parte-12.jpg?resize=768%2C391&amp;ssl=1 768w, https:\/\/i0.wp.com\/cdnoticias.com\/wp-content\/uploads\/2021\/03\/parte-12.jpg?w=1207&amp;ssl=1 1207w\" sizes=\"auto, (max-width: 800px) 100vw, 800px\" \/><\/p>\n<p>&nbsp;<\/p>\n<p>Por \u00faltimo se expres\u00f3 que en el Hospital Municipal \u201cDr. H\u00e9ctor M. Cura\u201d, se indic\u00f3 que <strong>una persona est\u00e1 internada en la Unidad de Terapia Intensiva y cinco lo hacen en Cl\u00ednica Covid.<\/strong><\/p>\n","protected":false},"excerpt":{"rendered":"<p>Se detectaron 33 positivos, tras la realizaci\u00f3n de m\u00e1s de un centenar de testeos.<\/p>\n","protected":false},"author":3,"featured_media":13800,"comment_status":"closed","ping_status":"closed","sticky":false,"template":"","format":"standard","meta":{"_jetpack_memberships_contains_paid_content":false,"footnotes":""},"categories":[5,1],"tags":[],"class_list":["post-16548","post","type-post","status-publish","format-standard","has-post-thumbnail","hentry","category-informacion-general","category-portada"],"jetpack_featured_media_url":"https:\/\/i0.wp.com\/cdnoticias.com\/wp-content\/uploads\/2021\/02\/RTA-covid-Salud-Modulo-testeos-Hospital-1-1024x682.jpg?fit=1024%2C682&ssl=1","jetpack_sharing_enabled":true,"_links":{"self":[{"href":"https:\/\/cdnoticias.com\/index.php\/wp-json\/wp\/v2\/posts\/16548","targetHints":{"allow":["GET"]}}],"collection":[{"href":"https:\/\/cdnoticias.com\/index.php\/wp-json\/wp\/v2\/posts"}],"about":[{"href":"https:\/\/cdnoticias.com\/index.php\/wp-json\/wp\/v2\/types\/post"}],"author":[{"embeddable":true,"href":"https:\/\/cdnoticias.com\/index.php\/wp-json\/wp\/v2\/users\/3"}],"replies":[{"embeddable":true,"href":"https:\/\/cdnoticias.com\/index.php\/wp-json\/wp\/v2\/comments?post=16548"}],"version-history":[{"count":0,"href":"https:\/\/cdnoticias.com\/index.php\/wp-json\/wp\/v2\/posts\/16548\/revisions"}],"wp:featuredmedia":[{"embeddable":true,"href":"https:\/\/cdnoticias.com\/index.php\/wp-json\/wp\/v2\/media\/13800"}],"wp:attachment":[{"href":"https:\/\/cdnoticias.com\/index.php\/wp-json\/wp\/v2\/media?parent=16548"}],"wp:term":[{"taxonomy":"category","embeddable":true,"href":"https:\/\/cdnoticias.com\/index.php\/wp-json\/wp\/v2\/categories?post=16548"},{"taxonomy":"post_tag","embeddable":true,"href":"https:\/\/cdnoticias.com\/index.php\/wp-json\/wp\/v2\/tags?post=16548"}],"curies":[{"name":"wp","href":"https:\/\/api.w.org\/{rel}","templated":true}]}}