{"id":165431,"date":"2025-03-01T11:21:32","date_gmt":"2025-03-01T14:21:32","guid":{"rendered":"https:\/\/cdnoticias.com\/?p=165431"},"modified":"2025-03-01T11:21:36","modified_gmt":"2025-03-01T14:21:36","slug":"la-cooperadora-del-hospital-municipal-ya-cuenta-con-personeria-juridica","status":"publish","type":"post","link":"https:\/\/cdnoticias.com\/index.php\/2025\/03\/01\/la-cooperadora-del-hospital-municipal-ya-cuenta-con-personeria-juridica\/","title":{"rendered":"La Cooperadora del Hospital Municipal ya cuenta con personer\u00eda jur\u00eddica"},"content":{"rendered":"\n<p>Sus directivos destacaron que fue por la \u201cr\u00e1pida gesti\u00f3n interna\u201d de sus miembros y el trabajo de distintos sectores administrativos y gubernamentales.<\/p>\n\n\n\n<hr class=\"wp-block-separator aligncenter has-alpha-channel-opacity\"\/>\n\n\n\n<p>La<strong> Cooperadora del Hospital Municipal H\u00e9ctor Cura<\/strong>, conformada hace solamente cuatro meses y que ya cuenta con el decreto municipal que le permite funcionar como Entidad de Bien P\u00fablico, <strong>inform\u00f3 el \u00faltimo viernes que logr\u00f3 obtener su Personer\u00eda Jur\u00eddica.<\/strong><\/p>\n\n\n\n<p>Sus directivos indicaron mediante un comunicado que ello ha sido posible<em><strong> \u201cgracias a una r\u00e1pida gesti\u00f3n interna de sus miembros y la colaboraci\u00f3n de distintos sectores administrativos y gubernamentales a los que agradece en forma muy especial\u201d.<\/strong><\/em><\/p>\n\n\n\n<p>La categor\u00eda de la flamante Cooperadora, a partir de este importante logro, permitir\u00e1<em> \u201cuna acci\u00f3n mucho m\u00e1s eficaz en sus objetivos para la captaci\u00f3n de recursos en beneficio del centro de salud municipal\u201d.<\/em><\/p>\n","protected":false},"excerpt":{"rendered":"<p>Sus directivos destacaron que fue por la \u201cr\u00e1pida gesti\u00f3n interna\u201d de sus miembros y el trabajo de distintos sectores administrativos<\/p>\n","protected":false},"author":2,"featured_media":129007,"comment_status":"closed","ping_status":"closed","sticky":false,"template":"","format":"standard","meta":{"_jetpack_memberships_contains_paid_content":false,"footnotes":""},"categories":[4,1],"tags":[],"class_list":["post-165431","post","type-post","status-publish","format-standard","has-post-thumbnail","hentry","category-politica","category-portada"],"jetpack_featured_media_url":"https:\/\/i0.wp.com\/cdnoticias.com\/wp-content\/uploads\/2024\/10\/cooperadora-hospital-01.jpeg?fit=1248%2C694&ssl=1","jetpack_sharing_enabled":true,"_links":{"self":[{"href":"https:\/\/cdnoticias.com\/index.php\/wp-json\/wp\/v2\/posts\/165431","targetHints":{"allow":["GET"]}}],"collection":[{"href":"https:\/\/cdnoticias.com\/index.php\/wp-json\/wp\/v2\/posts"}],"about":[{"href":"https:\/\/cdnoticias.com\/index.php\/wp-json\/wp\/v2\/types\/post"}],"author":[{"embeddable":true,"href":"https:\/\/cdnoticias.com\/index.php\/wp-json\/wp\/v2\/users\/2"}],"replies":[{"embeddable":true,"href":"https:\/\/cdnoticias.com\/index.php\/wp-json\/wp\/v2\/comments?post=165431"}],"version-history":[{"count":0,"href":"https:\/\/cdnoticias.com\/index.php\/wp-json\/wp\/v2\/posts\/165431\/revisions"}],"wp:featuredmedia":[{"embeddable":true,"href":"https:\/\/cdnoticias.com\/index.php\/wp-json\/wp\/v2\/media\/129007"}],"wp:attachment":[{"href":"https:\/\/cdnoticias.com\/index.php\/wp-json\/wp\/v2\/media?parent=165431"}],"wp:term":[{"taxonomy":"category","embeddable":true,"href":"https:\/\/cdnoticias.com\/index.php\/wp-json\/wp\/v2\/categories?post=165431"},{"taxonomy":"post_tag","embeddable":true,"href":"https:\/\/cdnoticias.com\/index.php\/wp-json\/wp\/v2\/tags?post=165431"}],"curies":[{"name":"wp","href":"https:\/\/api.w.org\/{rel}","templated":true}]}}