{"id":165427,"date":"2025-03-01T11:07:15","date_gmt":"2025-03-01T14:07:15","guid":{"rendered":"https:\/\/cdnoticias.com\/?p=165427"},"modified":"2025-03-01T11:07:19","modified_gmt":"2025-03-01T14:07:19","slug":"kicillof-le-pido-al-presidente-que-se-reuna-a-trabajar-con-seriedad-por-la-seguridad-de-los-bonaerenses","status":"publish","type":"post","link":"https:\/\/cdnoticias.com\/index.php\/2025\/03\/01\/kicillof-le-pido-al-presidente-que-se-reuna-a-trabajar-con-seriedad-por-la-seguridad-de-los-bonaerenses\/","title":{"rendered":"Kicillof: &#8220;Le pido al presidente que se re\u00fana a trabajar con seriedad por la seguridad de los bonaerenses&#8221;"},"content":{"rendered":"\n<p>El Gobernador volvi\u00f3 a convocar al Presidente luego de conocerse graves hechos de inseguridad en la Provincia. Milei le hab\u00eda pedido la renuncia e incluso, amenaz\u00f3 con intervenir la Provincia.<\/p>\n\n\n\n<hr class=\"wp-block-separator aligncenter has-alpha-channel-opacity\"\/>\n\n\n\n<p><em><strong>\u201cEn el d\u00eda de ayer le propuse p\u00fablicamente al presidente reunirnos para trabajar en conjunto, coordinar esfuerzos y abordar el tema tan complejo de la seguridad con seriedad: su respuesta fue por Twitter y con la amenaza con intervenir la Provincia\u201d<\/strong><\/em>, sostuvo este viernes el gobernador de la provincia de Buenos Aires, Axel Kicillof, al encabezar una conferencia de prensa en el Sal\u00f3n Dorado de la Casa de Gobierno, junto a la vicegobernadora Ver\u00f3nica Magario.<\/p>\n\n\n\n<p>En ese sentido, Kicillof afirm\u00f3: <em>\u201cAlgunos asocian este virulento mensaje con un intento de tapar el esc\u00e1ndalo de la estafa de corrupci\u00f3n internacional de la que es protagonista, otros sostienen que es para ocultar el nombramiento por decreto de dos jueces en la Corte Suprema, y hay quienes afirman que lo hace simplemente para ocultar el enorme da\u00f1o que est\u00e1 haciendo con sus pol\u00edticas\u201d<\/em>.<em><strong> \u201cYo no s\u00e9 cu\u00e1l es el motivo, pero s\u00ed s\u00e9 la enorme gravedad que tiene amenazar con una intervenci\u00f3n a una provincia argentina, cuyas autoridades fueron electas democr\u00e1ticamente\u201d<\/strong><\/em>, remarc\u00f3.<\/p>\n\n\n\n<figure class=\"wp-block-image size-large\"><img data-recalc-dims=\"1\" loading=\"lazy\" decoding=\"async\" width=\"800\" height=\"534\" src=\"https:\/\/i0.wp.com\/cdnoticias.com\/wp-content\/uploads\/2025\/03\/1000377141-01.jpeg?resize=800%2C534&#038;ssl=1\" alt=\"\" class=\"wp-image-165428\" srcset=\"https:\/\/i0.wp.com\/cdnoticias.com\/wp-content\/uploads\/2025\/03\/1000377141-01-scaled.jpeg?resize=1024%2C683&amp;ssl=1 1024w, https:\/\/i0.wp.com\/cdnoticias.com\/wp-content\/uploads\/2025\/03\/1000377141-01-scaled.jpeg?resize=300%2C200&amp;ssl=1 300w, https:\/\/i0.wp.com\/cdnoticias.com\/wp-content\/uploads\/2025\/03\/1000377141-01-scaled.jpeg?resize=768%2C512&amp;ssl=1 768w, https:\/\/i0.wp.com\/cdnoticias.com\/wp-content\/uploads\/2025\/03\/1000377141-01-scaled.jpeg?resize=1536%2C1024&amp;ssl=1 1536w, https:\/\/i0.wp.com\/cdnoticias.com\/wp-content\/uploads\/2025\/03\/1000377141-01-scaled.jpeg?resize=2048%2C1366&amp;ssl=1 2048w, https:\/\/i0.wp.com\/cdnoticias.com\/wp-content\/uploads\/2025\/03\/1000377141-01-scaled.jpeg?resize=272%2C182&amp;ssl=1 272w, https:\/\/i0.wp.com\/cdnoticias.com\/wp-content\/uploads\/2025\/03\/1000377141-01-scaled.jpeg?w=1600&amp;ssl=1 1600w, https:\/\/i0.wp.com\/cdnoticias.com\/wp-content\/uploads\/2025\/03\/1000377141-01-scaled.jpeg?w=2400&amp;ssl=1 2400w\" sizes=\"auto, (max-width: 800px) 100vw, 800px\" \/><\/figure>\n\n\n\n<p><em><strong>\u201cLos gobernadores e intendentes no son empleados del presidente, fueron elegidos por sus pueblos, tienen el mandato y la obligaci\u00f3n de defender los intereses de sus provincias o municipios\u201d,<\/strong><\/em> destac\u00f3 el Gobernador.<em> \u201cQuiero agradecer las expresiones de repudio al mensaje del presidente, tanto desde nuestro espacio como desde otros signos pol\u00edticos: estamos ac\u00e1 para defender los derechos que quieren aplastar, va a hacer falta la unidad para defender la democracia\u201d, <\/em>afirm\u00f3 Kicillof y agreg\u00f3:<em><strong> \u201cM\u00e1s all\u00e1 de las diferencias, hay consensos que no se tocan: democracia, federalismo y constituci\u00f3n.\u201d<\/strong><\/em><\/p>\n\n\n\n<blockquote class=\"wp-block-quote is-layout-flow wp-block-quote-is-layout-flow\">\n<p>Asimismo, el mandatario bonaerense sostuvo: \u201cEl incremento de la violencia y el crimen est\u00e1 hoy asociado al narcotr\u00e1fico y, como sabemos, la Provincia no produce droga\u201d. \u201cPara llegar a nuestros barrios tiene que recorrer m\u00e1s de mil kil\u00f3metros atravesando fronteras, eso es responsabilidad del Gobierno nacional: el presidente es el principal responsable del narcotr\u00e1fico\u201d, a\u00f1adi\u00f3.<\/p>\n<\/blockquote>\n\n\n\n<p><em><strong>\u201cLa Provincia no tiene un c\u00f3digo penal, ni juvenil bonaerense, son leyes nacionales que determina el Congreso y que, adem\u00e1s, ata\u00f1en a las decisiones de fiscales y jueces: poner presos a personas o darles la libertad no lo resuelve un gobernador\u201d,<\/strong><\/em> sostuvo Kicillof y agreg\u00f3:<em> \u201cDe todas formas, y trat\u00e1ndose de cuestiones nacionales, si hay discusiones sobre el C\u00f3digo Penal de menores, juveniles, estamos dispuestos a abordarlas\u201d<\/em>. En ese sentido, el Gobernador subray\u00f3: <em><strong>\u201cEl problema no es de las leyes, sino de la Justicia y de c\u00f3mo se aplican esas leyes. Nuestra polic\u00eda hab\u00eda apresado al responsable: quien ya ten\u00eda que estar preso, pero estaba libre y asesin\u00f3. Eso es lo que tenemos que discutir\u201d.<\/strong><\/em><\/p>\n\n\n\n<p>Por \u00faltimo, Kicillof detall\u00f3 que instruy\u00f3 al Asesor General de Gobierno <em>&#8220;para que, junto al fiscal de Estado de la provincia de Buenos Aires, formulen una denuncia penal para que se investigue la posible comisi\u00f3n de delito contra el orden constitucional y los poderes p\u00fablicos de la Provincia\u201d.<strong> \u201cLe reitero al Presidente la invitaci\u00f3n: le pido que no sea cobarde, que deje el Twitter, los delirios autoritarios, y se re\u00fana a trabajar con seriedad en un tema tan importante y complejo\u201d, <\/strong><\/em>concluy\u00f3.<\/p>\n\n\n\n<p>Estuvieron presentes miembros del gabinete provincial, intendentes e intendentas bonaerenses, diputados y diputadas nacionales, legisladores y legisladoras provinciales, referentes sindicales, y representantes de movimientos sociales.<\/p>\n\n\n\n<p><\/p>\n","protected":false},"excerpt":{"rendered":"<p>El Gobernador volvi\u00f3 a convocar al Presidente luego de conocerse graves hechos de inseguridad en la Provincia. Milei le hab\u00eda<\/p>\n","protected":false},"author":2,"featured_media":165429,"comment_status":"closed","ping_status":"closed","sticky":false,"template":"","format":"standard","meta":{"_jetpack_memberships_contains_paid_content":false,"footnotes":""},"categories":[6,1],"tags":[],"class_list":["post-165427","post","type-post","status-publish","format-standard","has-post-thumbnail","hentry","category-nacionales","category-portada"],"jetpack_featured_media_url":"https:\/\/i0.wp.com\/cdnoticias.com\/wp-content\/uploads\/2025\/03\/DSC1962-scaled.jpg?fit=2560%2C1707&ssl=1","jetpack_sharing_enabled":true,"_links":{"self":[{"href":"https:\/\/cdnoticias.com\/index.php\/wp-json\/wp\/v2\/posts\/165427","targetHints":{"allow":["GET"]}}],"collection":[{"href":"https:\/\/cdnoticias.com\/index.php\/wp-json\/wp\/v2\/posts"}],"about":[{"href":"https:\/\/cdnoticias.com\/index.php\/wp-json\/wp\/v2\/types\/post"}],"author":[{"embeddable":true,"href":"https:\/\/cdnoticias.com\/index.php\/wp-json\/wp\/v2\/users\/2"}],"replies":[{"embeddable":true,"href":"https:\/\/cdnoticias.com\/index.php\/wp-json\/wp\/v2\/comments?post=165427"}],"version-history":[{"count":0,"href":"https:\/\/cdnoticias.com\/index.php\/wp-json\/wp\/v2\/posts\/165427\/revisions"}],"wp:featuredmedia":[{"embeddable":true,"href":"https:\/\/cdnoticias.com\/index.php\/wp-json\/wp\/v2\/media\/165429"}],"wp:attachment":[{"href":"https:\/\/cdnoticias.com\/index.php\/wp-json\/wp\/v2\/media?parent=165427"}],"wp:term":[{"taxonomy":"category","embeddable":true,"href":"https:\/\/cdnoticias.com\/index.php\/wp-json\/wp\/v2\/categories?post=165427"},{"taxonomy":"post_tag","embeddable":true,"href":"https:\/\/cdnoticias.com\/index.php\/wp-json\/wp\/v2\/tags?post=165427"}],"curies":[{"name":"wp","href":"https:\/\/api.w.org\/{rel}","templated":true}]}}