{"id":165424,"date":"2025-03-01T10:52:31","date_gmt":"2025-03-01T13:52:31","guid":{"rendered":"https:\/\/cdnoticias.com\/?p=165424"},"modified":"2025-03-01T18:15:32","modified_gmt":"2025-03-01T21:15:32","slug":"el-corazon-de-patricio-rey-vuelve-a-olavarria-este-sabado","status":"publish","type":"post","link":"https:\/\/cdnoticias.com\/index.php\/2025\/03\/01\/el-corazon-de-patricio-rey-vuelve-a-olavarria-este-sabado\/","title":{"rendered":"\u201cEl coraz\u00f3n de Patricio Rey\u201d vuelve a Olavarr\u00eda este s\u00e1bado"},"content":{"rendered":"\n<p>Ser\u00e1 en el CEMO desde las 21:00 horas. Fac\u00f3n ser\u00e1 la banda telonera de Skay y Los Fakires, que se presentar\u00e1n por tercera vez en nuestra ciudad. A\u00fan quedan entradas.<\/p>\n\n\n\n<hr class=\"wp-block-separator aligncenter has-alpha-channel-opacity\"\/>\n\n\n\n<p>Desde su regreso a la ciudad en 2022 tras el fallido recital de 1997 de Patricio Rey y sus Redonditos de Ricota, <strong>Skay gener\u00f3 un cari\u00f1o muy especial por Olavarr\u00eda. Y este s\u00e1bado no ser\u00e1 la excepci\u00f3n: en su tercera visita a la ciudad, tocar\u00e1 junto a Los Fakires en el CEMO desde las 21:00 horas.<\/strong><\/p>\n\n\n\n<p><strong>En un escenario novedoso para este tipo de recitales<\/strong>, p\u00fablico de toda la regi\u00f3n, la provincia y el pa\u00eds llegar\u00e1 para disfrutar de un show que promete un repaso por la carrera del guitarrista, sumado a los cl\u00e1sicos ricoteros que Skay regala a sus fan\u00e1ticos.<\/p>\n\n\n\n<p><strong>Las puertas del lugar abrir\u00e1n desde las 19:00 horas y tendr\u00e1 una novedad con respecto a las presentaciones anteriores: tendr\u00e1 banda telonera, Fac\u00f3n, <\/strong>que seis meses despu\u00e9s de su regreso tuvo una importante convocatoria en sus shows e incluso, se encuentra preparando nuevo material de estudio.<\/p>\n\n\n\n<p>Vale recordar que<strong> a\u00fan quedan entradas: <a href=\"https:\/\/articket.com.ar\/SKAY-Y-LOS-FAKIRES-EN-OLAVARRIA\/\" target=\"_blank\" rel=\"noreferrer noopener\">tienen un costo de 35 mil pesos y se pueden adquirir en el siguiente enlace.<\/a><\/strong> Se podr\u00e1n pagar con d\u00e9bito y cr\u00e9dito, con la opci\u00f3n de pagar en 4 cuotas sin inter\u00e9s con Banco Provincia, con Visa y Mastercard con 12 cuotas fijas. Amex se podr\u00e1 pagar hasta 6 cuotas, con Mercado Pago y Naranja X.<\/p>\n\n\n\n<p><strong>Los puntos de venta f\u00edsicos ser\u00e1n los siguientes:<\/strong><\/p>\n\n\n\n<p>Olavarr\u00eda \u2013 Tecnocentro (Rivadavia 3065)<\/p>\n\n\n\n<p>Azul \u2013 Disquer\u00eda Liverpool (Moreno 626)<\/p>\n\n\n\n<p>Bol\u00edvar \u2013 PC Cell (Roca 402)<\/p>\n\n\n\n<p>Tandil \u2013 Fix up Tatto (Alsina 933)<\/p>\n\n\n\n<p>Caba Rivadavia Rock (Av. Rivadavia 8705)<\/p>\n","protected":false},"excerpt":{"rendered":"<p>Ser\u00e1 en el CEMO desde las 21:00 horas. Fac\u00f3n ser\u00e1 la banda telonera de Skay y Los Fakires, que se<\/p>\n","protected":false},"author":2,"featured_media":93746,"comment_status":"closed","ping_status":"closed","sticky":false,"template":"","format":"standard","meta":{"_jetpack_memberships_contains_paid_content":false,"footnotes":""},"categories":[9,1],"tags":[],"class_list":["post-165424","post","type-post","status-publish","format-standard","has-post-thumbnail","hentry","category-cultura","category-portada"],"jetpack_featured_media_url":"https:\/\/i0.wp.com\/cdnoticias.com\/wp-content\/uploads\/2023\/08\/skay00.jpg?fit=1500%2C835&ssl=1","jetpack_sharing_enabled":true,"_links":{"self":[{"href":"https:\/\/cdnoticias.com\/index.php\/wp-json\/wp\/v2\/posts\/165424","targetHints":{"allow":["GET"]}}],"collection":[{"href":"https:\/\/cdnoticias.com\/index.php\/wp-json\/wp\/v2\/posts"}],"about":[{"href":"https:\/\/cdnoticias.com\/index.php\/wp-json\/wp\/v2\/types\/post"}],"author":[{"embeddable":true,"href":"https:\/\/cdnoticias.com\/index.php\/wp-json\/wp\/v2\/users\/2"}],"replies":[{"embeddable":true,"href":"https:\/\/cdnoticias.com\/index.php\/wp-json\/wp\/v2\/comments?post=165424"}],"version-history":[{"count":0,"href":"https:\/\/cdnoticias.com\/index.php\/wp-json\/wp\/v2\/posts\/165424\/revisions"}],"wp:featuredmedia":[{"embeddable":true,"href":"https:\/\/cdnoticias.com\/index.php\/wp-json\/wp\/v2\/media\/93746"}],"wp:attachment":[{"href":"https:\/\/cdnoticias.com\/index.php\/wp-json\/wp\/v2\/media?parent=165424"}],"wp:term":[{"taxonomy":"category","embeddable":true,"href":"https:\/\/cdnoticias.com\/index.php\/wp-json\/wp\/v2\/categories?post=165424"},{"taxonomy":"post_tag","embeddable":true,"href":"https:\/\/cdnoticias.com\/index.php\/wp-json\/wp\/v2\/tags?post=165424"}],"curies":[{"name":"wp","href":"https:\/\/api.w.org\/{rel}","templated":true}]}}