{"id":165422,"date":"2025-03-01T10:32:56","date_gmt":"2025-03-01T13:32:56","guid":{"rendered":"https:\/\/cdnoticias.com\/?p=165422"},"modified":"2025-03-01T16:32:17","modified_gmt":"2025-03-01T19:32:17","slug":"estacionamiento-medido-desde-este-sabado-rige-un-cambio-de-horario","status":"publish","type":"post","link":"https:\/\/cdnoticias.com\/index.php\/2025\/03\/01\/estacionamiento-medido-desde-este-sabado-rige-un-cambio-de-horario\/","title":{"rendered":"Estacionamiento Medido: desde este s\u00e1bado rige un cambio de horario"},"content":{"rendered":"\n<p>Este \u00faltimo viernes finaliz\u00f3 el \u201chorario de verano\u201d que se suma a los cambios aplicados en enero. Conoc\u00e9 el nuevo detalle.<\/p>\n\n\n\n<hr class=\"wp-block-separator aligncenter has-alpha-channel-opacity\"\/>\n\n\n\n<p>Luego de los cambios realizados en enero, <strong>desde este s\u00e1bado regir\u00e1 un nuevo horario de funcionamiento del Estacionamiento Medido en Olavarr\u00eda que tendr\u00e1n implicancia, sobretodo, para la Zona 1.<\/strong><\/p>\n\n\n\n<blockquote class=\"wp-block-quote is-layout-flow wp-block-quote-is-layout-flow\">\n<p>Con vigencia hasta el 29 de noviembre de 2025, en la Zona 1 el SEMO ser\u00e1 de lunes a viernes de 9 a 18 horas, y s\u00e1bado de 9 a 13 horas. Para la Zona 2 ser\u00e1 de lunes a viernes 9 a 13 horas.<\/p>\n<\/blockquote>\n\n\n\n<p class=\"has-large-font-size\">Los cambios ya aplicados<\/p>\n\n\n\n<p>Entre los cambios aplicados desde mediados de enero <strong>se ampli\u00f3 el tiempo de \u201cTolerancia\/Cortes\u00eda\u201d. Era de 10 minutos y ahora es de 15 minutos.<\/strong><\/p>\n\n\n\n<p><strong>La segunda modificaci\u00f3n se traduce en que aquellos usuarios que tengan activado el estacionamiento en \u201cZona 1\u201d y se trasladan hacia la Zona 2: no deber\u00e1n iniciar uno nuevo<\/strong>. De esta manera, el estacionamiento de Zona 1 cubrir\u00e1 para poder estacionar en ambos sectores por el tiempo que est\u00e9 abonando a partir de este viernes.<\/p>\n\n\n\n<p>Se aclar\u00f3 adem\u00e1s que<strong> el abono de la Zona 1 contempla tambi\u00e9n el estacionamiento en Zona 2.<\/strong><\/p>\n","protected":false},"excerpt":{"rendered":"<p>Este \u00faltimo viernes finaliz\u00f3 el \u201chorario de verano\u201d que se suma a los cambios aplicados en enero. Conoc\u00e9 el nuevo<\/p>\n","protected":false},"author":2,"featured_media":164734,"comment_status":"closed","ping_status":"closed","sticky":false,"template":"","format":"standard","meta":{"_jetpack_memberships_contains_paid_content":false,"footnotes":""},"categories":[5,1],"tags":[],"class_list":["post-165422","post","type-post","status-publish","format-standard","has-post-thumbnail","hentry","category-informacion-general","category-portada"],"jetpack_featured_media_url":"https:\/\/i0.wp.com\/cdnoticias.com\/wp-content\/uploads\/2025\/02\/SEMO-Estacionamiento-Medido-b.jpg?fit=800%2C445&ssl=1","jetpack_sharing_enabled":true,"_links":{"self":[{"href":"https:\/\/cdnoticias.com\/index.php\/wp-json\/wp\/v2\/posts\/165422","targetHints":{"allow":["GET"]}}],"collection":[{"href":"https:\/\/cdnoticias.com\/index.php\/wp-json\/wp\/v2\/posts"}],"about":[{"href":"https:\/\/cdnoticias.com\/index.php\/wp-json\/wp\/v2\/types\/post"}],"author":[{"embeddable":true,"href":"https:\/\/cdnoticias.com\/index.php\/wp-json\/wp\/v2\/users\/2"}],"replies":[{"embeddable":true,"href":"https:\/\/cdnoticias.com\/index.php\/wp-json\/wp\/v2\/comments?post=165422"}],"version-history":[{"count":0,"href":"https:\/\/cdnoticias.com\/index.php\/wp-json\/wp\/v2\/posts\/165422\/revisions"}],"wp:featuredmedia":[{"embeddable":true,"href":"https:\/\/cdnoticias.com\/index.php\/wp-json\/wp\/v2\/media\/164734"}],"wp:attachment":[{"href":"https:\/\/cdnoticias.com\/index.php\/wp-json\/wp\/v2\/media?parent=165422"}],"wp:term":[{"taxonomy":"category","embeddable":true,"href":"https:\/\/cdnoticias.com\/index.php\/wp-json\/wp\/v2\/categories?post=165422"},{"taxonomy":"post_tag","embeddable":true,"href":"https:\/\/cdnoticias.com\/index.php\/wp-json\/wp\/v2\/tags?post=165422"}],"curies":[{"name":"wp","href":"https:\/\/api.w.org\/{rel}","templated":true}]}}