{"id":165343,"date":"2025-02-28T09:35:09","date_gmt":"2025-02-28T12:35:09","guid":{"rendered":"https:\/\/cdnoticias.com\/?p=165343"},"modified":"2025-02-28T11:36:01","modified_gmt":"2025-02-28T14:36:01","slug":"aprehendido-por-violacion-de-domicilio","status":"publish","type":"post","link":"https:\/\/cdnoticias.com\/index.php\/2025\/02\/28\/aprehendido-por-violacion-de-domicilio\/","title":{"rendered":"Aprehendido por violaci\u00f3n de domicilio"},"content":{"rendered":"<p>En Coronel Su\u00e1rez al 4300 fue aprehendido un hombre de 25 a\u00f1os. Intervino personal del Comando de Patrullas.<!--more--><\/p>\n<hr \/>\n<p>Un <strong>hecho caratulado \u201cviolaci\u00f3n de domicilio\u201d<\/strong> se produjo<strong> este jueves<\/strong> y ya se dio intervenci\u00f3n a la <strong>UFI N\u00ba 4<\/strong>.<\/p>\n<p>Seg\u00fan se pudo saber, personal del <strong>Comando de Patrullas<\/strong> fue convocado a trav\u00e9s del 911 a<strong> Coronel Su\u00e1rez al 4300<\/strong>.<\/p>\n<blockquote><p>En ese punto de la ciudad de Olavarr\u00eda, sobre los techos de una vivienda, fue hallado un hombre de 25 a\u00f1os quien no pudo \u201cjustificar motivo\u201d para tal accionar ni tampoco contaba con la autorizaci\u00f3n del propietario.<\/p><\/blockquote>\n<p>De esa manera <strong>qued\u00f3 aprehendido<\/strong> y fue trasladado a la dependencia policial.<\/p>\n","protected":false},"excerpt":{"rendered":"<p>En Coronel Su\u00e1rez al 4300 fue aprehendido un hombre de 25 a\u00f1os. Intervino personal del Comando de Patrullas.<\/p>\n","protected":false},"author":4,"featured_media":165344,"comment_status":"closed","ping_status":"closed","sticky":false,"template":"","format":"standard","meta":{"_jetpack_memberships_contains_paid_content":false,"footnotes":""},"categories":[14,1],"tags":[],"class_list":["post-165343","post","type-post","status-publish","format-standard","has-post-thumbnail","hentry","category-policiales","category-portada"],"jetpack_featured_media_url":"https:\/\/i0.wp.com\/cdnoticias.com\/wp-content\/uploads\/2025\/02\/coronel-suarez-4300-a.jpg?fit=800%2C445&ssl=1","jetpack_sharing_enabled":true,"_links":{"self":[{"href":"https:\/\/cdnoticias.com\/index.php\/wp-json\/wp\/v2\/posts\/165343","targetHints":{"allow":["GET"]}}],"collection":[{"href":"https:\/\/cdnoticias.com\/index.php\/wp-json\/wp\/v2\/posts"}],"about":[{"href":"https:\/\/cdnoticias.com\/index.php\/wp-json\/wp\/v2\/types\/post"}],"author":[{"embeddable":true,"href":"https:\/\/cdnoticias.com\/index.php\/wp-json\/wp\/v2\/users\/4"}],"replies":[{"embeddable":true,"href":"https:\/\/cdnoticias.com\/index.php\/wp-json\/wp\/v2\/comments?post=165343"}],"version-history":[{"count":0,"href":"https:\/\/cdnoticias.com\/index.php\/wp-json\/wp\/v2\/posts\/165343\/revisions"}],"wp:featuredmedia":[{"embeddable":true,"href":"https:\/\/cdnoticias.com\/index.php\/wp-json\/wp\/v2\/media\/165344"}],"wp:attachment":[{"href":"https:\/\/cdnoticias.com\/index.php\/wp-json\/wp\/v2\/media?parent=165343"}],"wp:term":[{"taxonomy":"category","embeddable":true,"href":"https:\/\/cdnoticias.com\/index.php\/wp-json\/wp\/v2\/categories?post=165343"},{"taxonomy":"post_tag","embeddable":true,"href":"https:\/\/cdnoticias.com\/index.php\/wp-json\/wp\/v2\/tags?post=165343"}],"curies":[{"name":"wp","href":"https:\/\/api.w.org\/{rel}","templated":true}]}}