{"id":165324,"date":"2025-02-27T18:33:30","date_gmt":"2025-02-27T21:33:30","guid":{"rendered":"https:\/\/cdnoticias.com\/?p=165324"},"modified":"2025-02-28T09:19:13","modified_gmt":"2025-02-28T12:19:13","slug":"perro-decapitado-en-sierra-chica-se-esta-reuniendo-toda-la-informacion-posible","status":"publish","type":"post","link":"https:\/\/cdnoticias.com\/index.php\/2025\/02\/27\/perro-decapitado-en-sierra-chica-se-esta-reuniendo-toda-la-informacion-posible\/","title":{"rendered":"Perro decapitado en Sierra Chica: \u201cse est\u00e1 reuniendo toda la informaci\u00f3n posible\u201d"},"content":{"rendered":"\n<p>El\u00edas Quintas, desde la subsecretar\u00eda de Protecci\u00f3n Ciudadana, brind\u00f3 detalles del trabajo tras el macabro hallazgo en la vecina localidad. Hubo un relevamiento puerta a puerta en la zona donde fue encontrada la cabeza del animal.<\/p>\n\n\n\n<hr class=\"wp-block-separator aligncenter has-alpha-channel-opacity\"\/>\n\n\n\n<p>Luego del macabro hallazgo de la cabeza de un perro callejero en Sierra Chica, <strong>el subsecretario de Protecci\u00f3n Ciudadana, El\u00edas Quintas, brind\u00f3 detalles a Central de Noticias sobre el trabajo de investigaci\u00f3n y relevamiento para esclarecer el hecho lo antes posible.<\/strong><\/p>\n\n\n\n<figure class=\"wp-block-embed is-type-wp-embed is-provider-central-de-noticias-olavarr-a wp-block-embed-central-de-noticias-olavarr-a\"><div class=\"wp-block-embed__wrapper\">\n<blockquote class=\"wp-embedded-content\" data-secret=\"CZTeesqcjG\"><a href=\"https:\/\/cdnoticias.com\/index.php\/2025\/02\/27\/conmocion-en-sierra-chica-asesinaron-a-un-perro-y-dejaron-la-cabeza-en-la-via-publica\/\">Conmoci\u00f3n en Sierra Chica: asesinaron a un perro y dejaron la cabeza en la v\u00eda p\u00fablica<\/a><\/blockquote><iframe loading=\"lazy\" class=\"wp-embedded-content\" sandbox=\"allow-scripts\" security=\"restricted\" style=\"position: absolute; visibility: hidden;\" title=\"&#8220;Conmoci\u00f3n en Sierra Chica: asesinaron a un perro y dejaron la cabeza en la v\u00eda p\u00fablica&#8221; &#8212; Central de Noticias | Olavarr\u00eda\" src=\"https:\/\/cdnoticias.com\/index.php\/2025\/02\/27\/conmocion-en-sierra-chica-asesinaron-a-un-perro-y-dejaron-la-cabeza-en-la-via-publica\/embed\/#?secret=XKklMro6Vc#?secret=CZTeesqcjG\" data-secret=\"CZTeesqcjG\" width=\"600\" height=\"338\" frameborder=\"0\" marginwidth=\"0\" marginheight=\"0\" scrolling=\"no\"><\/iframe>\n<\/div><\/figure>\n\n\n\n<p>Indic\u00f3 que<strong> para iniciar la investigaci\u00f3n se necesitaba una denuncia y aportes de testigos y que <em>\u201cnadie quer\u00eda tomar dicha responsabilidad\u201d<\/em> por lo que desde la propia Subsecretar\u00eda municipal se aportaron testimonios para iniciar las acciones judiciales.<\/strong><em> \u201cEs importante que los vecinos denuncien cualquier hecho para poder realizar una investigaci\u00f3n y esclarecer los hechos\u201d <\/em>destac\u00f3.<\/p>\n\n\n\n<p>Tras iniciadas las actuaciones, personal de la subcomisar\u00eda de Sierra Chica como personal de la Comisar\u00eda Primera en la cabeza de su titular, el subcomisario Juan Garc\u00eda, se pusieron a reunir <em><strong>\u201celementos para la investigaci\u00f3n\u201d.<\/strong><\/em><\/p>\n\n\n\n<figure class=\"wp-block-image size-full\"><img data-recalc-dims=\"1\" loading=\"lazy\" decoding=\"async\" width=\"800\" height=\"453\" src=\"https:\/\/i0.wp.com\/cdnoticias.com\/wp-content\/uploads\/2025\/02\/WhatsApp-Image-2025-02-27-at-18.11.40-2.jpg?resize=800%2C453&#038;ssl=1\" alt=\"\" class=\"wp-image-165326\" srcset=\"https:\/\/i0.wp.com\/cdnoticias.com\/wp-content\/uploads\/2025\/02\/WhatsApp-Image-2025-02-27-at-18.11.40-2.jpg?w=960&amp;ssl=1 960w, https:\/\/i0.wp.com\/cdnoticias.com\/wp-content\/uploads\/2025\/02\/WhatsApp-Image-2025-02-27-at-18.11.40-2.jpg?resize=300%2C170&amp;ssl=1 300w, https:\/\/i0.wp.com\/cdnoticias.com\/wp-content\/uploads\/2025\/02\/WhatsApp-Image-2025-02-27-at-18.11.40-2.jpg?resize=768%2C434&amp;ssl=1 768w\" sizes=\"auto, (max-width: 800px) 100vw, 800px\" \/><\/figure>\n\n\n\n<p>En paralelo,<strong> se realiz\u00f3 una fuerte tarea territorial de relevamiento casa por casa en las zonas donde pudo haber ocurrido el hecho: no s\u00f3lo en la zona donde apareci\u00f3 la cabeza de \u201cOso\u201d sino donde fue encontrado el resto del cuerpo, en una alcantarilla en el camino de desv\u00edo de camiones de la localidad. <\/strong>All\u00ed, particip\u00f3 Defensa Civil, Monitoreo, Control Urbano y personal Policial, todos de la \u00f3rbita de la Subsecretar\u00eda de Protecci\u00f3n Ciudadana.<\/p>\n\n\n\n<p>Tambi\u00e9n, vale decir, <strong>intervino personal de Polic\u00eda Cient\u00edfica para realizar un informe t\u00e9cnico-descriptivo de c\u00f3mo estaba el perro al momento de ser encontrado y para buscar indicios que pudieran dar con el autor del hecho.<\/strong><\/p>\n\n\n\n<p>Se espera que en las pr\u00f3ximas horas haya novedades al respecto, pero<strong> desde el \u00e1rea municipal se solicit\u00f3 \u201cprudencia\u201d dado que \u201ccontin\u00faan las tareas de recolecci\u00f3n de pruebas del hecho\u201d.<\/strong><\/p>\n","protected":false},"excerpt":{"rendered":"<p>El\u00edas Quintas, desde la subsecretar\u00eda de Protecci\u00f3n Ciudadana, brind\u00f3 detalles del trabajo tras el macabro hallazgo en la vecina localidad.<\/p>\n","protected":false},"author":2,"featured_media":165327,"comment_status":"closed","ping_status":"closed","sticky":false,"template":"","format":"standard","meta":{"_jetpack_memberships_contains_paid_content":false,"footnotes":""},"categories":[14,1],"tags":[],"class_list":["post-165324","post","type-post","status-publish","format-standard","has-post-thumbnail","hentry","category-policiales","category-portada"],"jetpack_featured_media_url":"https:\/\/i0.wp.com\/cdnoticias.com\/wp-content\/uploads\/2025\/02\/WhatsApp-Image-2025-02-27-at-18.11.40.jpg?fit=1280%2C649&ssl=1","jetpack_sharing_enabled":true,"_links":{"self":[{"href":"https:\/\/cdnoticias.com\/index.php\/wp-json\/wp\/v2\/posts\/165324","targetHints":{"allow":["GET"]}}],"collection":[{"href":"https:\/\/cdnoticias.com\/index.php\/wp-json\/wp\/v2\/posts"}],"about":[{"href":"https:\/\/cdnoticias.com\/index.php\/wp-json\/wp\/v2\/types\/post"}],"author":[{"embeddable":true,"href":"https:\/\/cdnoticias.com\/index.php\/wp-json\/wp\/v2\/users\/2"}],"replies":[{"embeddable":true,"href":"https:\/\/cdnoticias.com\/index.php\/wp-json\/wp\/v2\/comments?post=165324"}],"version-history":[{"count":0,"href":"https:\/\/cdnoticias.com\/index.php\/wp-json\/wp\/v2\/posts\/165324\/revisions"}],"wp:featuredmedia":[{"embeddable":true,"href":"https:\/\/cdnoticias.com\/index.php\/wp-json\/wp\/v2\/media\/165327"}],"wp:attachment":[{"href":"https:\/\/cdnoticias.com\/index.php\/wp-json\/wp\/v2\/media?parent=165324"}],"wp:term":[{"taxonomy":"category","embeddable":true,"href":"https:\/\/cdnoticias.com\/index.php\/wp-json\/wp\/v2\/categories?post=165324"},{"taxonomy":"post_tag","embeddable":true,"href":"https:\/\/cdnoticias.com\/index.php\/wp-json\/wp\/v2\/tags?post=165324"}],"curies":[{"name":"wp","href":"https:\/\/api.w.org\/{rel}","templated":true}]}}