{"id":165305,"date":"2025-02-27T13:05:19","date_gmt":"2025-02-27T16:05:19","guid":{"rendered":"https:\/\/cdnoticias.com\/?p=165305"},"modified":"2025-02-27T17:56:20","modified_gmt":"2025-02-27T20:56:20","slug":"el-hcd-fijo-fecha-para-la-apertura-de-sesiones","status":"publish","type":"post","link":"https:\/\/cdnoticias.com\/index.php\/2025\/02\/27\/el-hcd-fijo-fecha-para-la-apertura-de-sesiones\/","title":{"rendered":"El HCD fij\u00f3 fecha para la Apertura de Sesiones"},"content":{"rendered":"<p>El acto se har\u00e1 el jueves 6 de marzo a las 19. El intendente Maximiliano Wesner brindar\u00e1 su discurso a la asamblea legislativa.<!--more--><\/p>\n<hr \/>\n<p>El <strong>presidente del Honorable Concejo Deliberante, Guillermo Santell\u00e1n<\/strong>, convoc\u00f3 a trav\u00e9s del <strong>Decreto 010\/25<\/strong> a la <strong>Sesi\u00f3n de Apertura del Per\u00edodo Ordinario de Sesiones 2025<\/strong> que tendr\u00e1 lugar el <strong>jueves 6 de marzo a las 19 horas<\/strong> y que contar\u00e1 con el <strong>discurso del Intendente Municipal, Maximiliano Wesner<\/strong>.<\/p>\n<p>El acto de apertura de las sesiones ordinarias del cuerpo deliberativo tendr\u00e1 lugar en el<strong> Centro de Convenciones de Olavarr\u00eda (CCO)<\/strong>, ubicado en Avenida Eva Per\u00f3n (ex Av. Circunvalaci\u00f3n) N\u00b0 1545.<\/p>\n<blockquote><p>\u201cLa sesi\u00f3n es p\u00fablica y abierta a todos los ciudadanos y contar\u00e1 con la asistencia de invitados y autoridades\u201d se destac\u00f3 desde el HCD.<\/p><\/blockquote>\n<p>Adem\u00e1s, el decreto fij\u00f3 que <strong>las Sesiones Ordinarias<\/strong> del Per\u00edodo Deliberativo 2025 se desarrollar\u00e1n los <strong>segundos y cuartos jueves de cada mes<\/strong> a las 9 horas. La primera se celebrar\u00e1 el d\u00eda 13 de marzo de 2025.<\/p>\n","protected":false},"excerpt":{"rendered":"<p>El acto se har\u00e1 el jueves 6 de marzo a las 19. El intendente Maximiliano Wesner brindar\u00e1 su discurso a<\/p>\n","protected":false},"author":4,"featured_media":110423,"comment_status":"closed","ping_status":"closed","sticky":false,"template":"","format":"standard","meta":{"_jetpack_memberships_contains_paid_content":false,"footnotes":""},"categories":[4,1],"tags":[],"class_list":["post-165305","post","type-post","status-publish","format-standard","has-post-thumbnail","hentry","category-politica","category-portada"],"jetpack_featured_media_url":"https:\/\/i0.wp.com\/cdnoticias.com\/wp-content\/uploads\/2024\/03\/apertura-sesiones-wesner-2024-56.jpg?fit=1600%2C890&ssl=1","jetpack_sharing_enabled":true,"_links":{"self":[{"href":"https:\/\/cdnoticias.com\/index.php\/wp-json\/wp\/v2\/posts\/165305","targetHints":{"allow":["GET"]}}],"collection":[{"href":"https:\/\/cdnoticias.com\/index.php\/wp-json\/wp\/v2\/posts"}],"about":[{"href":"https:\/\/cdnoticias.com\/index.php\/wp-json\/wp\/v2\/types\/post"}],"author":[{"embeddable":true,"href":"https:\/\/cdnoticias.com\/index.php\/wp-json\/wp\/v2\/users\/4"}],"replies":[{"embeddable":true,"href":"https:\/\/cdnoticias.com\/index.php\/wp-json\/wp\/v2\/comments?post=165305"}],"version-history":[{"count":0,"href":"https:\/\/cdnoticias.com\/index.php\/wp-json\/wp\/v2\/posts\/165305\/revisions"}],"wp:featuredmedia":[{"embeddable":true,"href":"https:\/\/cdnoticias.com\/index.php\/wp-json\/wp\/v2\/media\/110423"}],"wp:attachment":[{"href":"https:\/\/cdnoticias.com\/index.php\/wp-json\/wp\/v2\/media?parent=165305"}],"wp:term":[{"taxonomy":"category","embeddable":true,"href":"https:\/\/cdnoticias.com\/index.php\/wp-json\/wp\/v2\/categories?post=165305"},{"taxonomy":"post_tag","embeddable":true,"href":"https:\/\/cdnoticias.com\/index.php\/wp-json\/wp\/v2\/tags?post=165305"}],"curies":[{"name":"wp","href":"https:\/\/api.w.org\/{rel}","templated":true}]}}