{"id":165273,"date":"2025-02-27T08:53:08","date_gmt":"2025-02-27T11:53:08","guid":{"rendered":"https:\/\/cdnoticias.com\/?p=165273"},"modified":"2025-02-27T13:05:55","modified_gmt":"2025-02-27T16:05:55","slug":"un-camion-de-una-empresa-de-olavarria-choco-contra-otro-en-ruta-51","status":"publish","type":"post","link":"https:\/\/cdnoticias.com\/index.php\/2025\/02\/27\/un-camion-de-una-empresa-de-olavarria-choco-contra-otro-en-ruta-51\/","title":{"rendered":"Un cami\u00f3n de una empresa de Olavarr\u00eda choc\u00f3 contra otro en ruta 51"},"content":{"rendered":"\n<p>Ocurri\u00f3 el mi\u00e9rcoles en jurisdicci\u00f3n de Azul. Uno de los veh\u00edculos termin\u00f3 volcado. A pesar de la violencia del impacto los choferes no sufrieron lesiones.<\/p>\n\n\n\n<hr class=\"wp-block-separator has-alpha-channel-opacity\"\/>\n\n\n\n<p>Un <strong>violento accidente entre dos camiones<\/strong> se produjo durante la jornada del mi\u00e9rcoles en jurisdicci\u00f3n del Partido de Azul. Se produjo<strong> a la altura del kil\u00f3metro 417 de la ruta 51, en cercan\u00edas a la rotonda que une a esa ruta con la Autov\u00eda de la 226.<\/strong><\/p>\n\n\n\n<p><\/p>\n\n\n\n<p>Desde la Estaci\u00f3n de Polic\u00eda Departamental de Seguridad local se inform\u00f3 que los conductores de los rodados de carga, a pesar de la violencia del impacto entre los camiones que manejaban, <strong>no resultaron con lesiones.<\/strong><\/p>\n\n\n\n<p><\/p>\n\n\n\n<p>M\u00e1s all\u00e1 de eso, <strong>uno de los transportistas tuvo que ser trasladado al Hospital Pintos, donde despu\u00e9s de permanecer internado durante algunas horas fue dado de alta.<\/strong><\/p>\n\n\n\n<p><\/p>\n\n\n\n<p>Respectivamente, los choferes protagonistas de este siniestro vial fueron identificados como <strong>Fernando Malvido, de 42 a\u00f1os de edad y con actual domicilio en la ciudad de Z\u00e1rate, y Juan Pablo Centineo, de 37 a\u00f1os.<\/strong><\/p>\n\n\n\n<p><\/p>\n\n\n\n<blockquote class=\"wp-block-quote is-layout-flow wp-block-quote-is-layout-flow\">\n<p>El primero de los conductores mencionados guiaba un cami\u00f3n Mercedes Benz cargado con neum\u00e1ticos y el otro, un rodado de la misma marca que remolcaba un acoplado y pertenece a una empresa de Olavarr\u00eda.<\/p>\n<\/blockquote>\n\n\n\n<p><\/p>\n\n\n\n<figure class=\"wp-block-image size-full\"><img data-recalc-dims=\"1\" loading=\"lazy\" decoding=\"async\" width=\"800\" height=\"445\" src=\"https:\/\/i0.wp.com\/cdnoticias.com\/wp-content\/uploads\/2025\/02\/camion-choque-azul-02.jpeg?resize=800%2C445&#038;ssl=1\" alt=\"\" class=\"wp-image-165276\" srcset=\"https:\/\/i0.wp.com\/cdnoticias.com\/wp-content\/uploads\/2025\/02\/camion-choque-azul-02.jpeg?w=800&amp;ssl=1 800w, https:\/\/i0.wp.com\/cdnoticias.com\/wp-content\/uploads\/2025\/02\/camion-choque-azul-02.jpeg?resize=300%2C167&amp;ssl=1 300w, https:\/\/i0.wp.com\/cdnoticias.com\/wp-content\/uploads\/2025\/02\/camion-choque-azul-02.jpeg?resize=768%2C427&amp;ssl=1 768w\" sizes=\"auto, (max-width: 800px) 100vw, 800px\" \/><\/figure>\n\n\n\n<p><\/p>\n\n\n\n<p>No bien registrada la colisi\u00f3n, efectivos policiales del Destacamento Balneario y de la Polic\u00eda Cient\u00edfica fueron llamados para intervenir en lo ocurrido. Y tambi\u00e9n fue convocado personal m\u00e9dico para trasladar a uno de los transportistas -el que guiaba el Mercedes cargado con neum\u00e1ticos que tras el choque volc\u00f3- al Hospital Pintos.<\/p>\n\n\n\n<p><\/p>\n\n\n\n<p>A causa de lo sucedido se iniciaron desde la Polic\u00eda actuaciones penales, a trav\u00e9s de un sumario caratulado como<strong> &#8220;lesiones culposas&#8221;<\/strong> que despu\u00e9s iba a quedar radicado en la UFI 6, la Fiscal\u00eda con asiento en el Palacio de Justicia de Azul a cargo de Paula Serrano.<\/p>\n\n\n\n<p><\/p>\n\n\n\n<p><em>Fuente: Diario El Tiempo de Azul.<\/em><\/p>\n","protected":false},"excerpt":{"rendered":"<p>Ocurri\u00f3 el mi\u00e9rcoles en jurisdicci\u00f3n de Azul. Uno de los veh\u00edculos termin\u00f3 volcado. A pesar de la violencia del impacto<\/p>\n","protected":false},"author":5,"featured_media":165275,"comment_status":"closed","ping_status":"closed","sticky":false,"template":"","format":"standard","meta":{"_jetpack_memberships_contains_paid_content":false,"footnotes":""},"categories":[14,1],"tags":[],"class_list":["post-165273","post","type-post","status-publish","format-standard","has-post-thumbnail","hentry","category-policiales","category-portada"],"jetpack_featured_media_url":"https:\/\/i0.wp.com\/cdnoticias.com\/wp-content\/uploads\/2025\/02\/camion-choque-azul.jpeg?fit=800%2C445&ssl=1","jetpack_sharing_enabled":true,"_links":{"self":[{"href":"https:\/\/cdnoticias.com\/index.php\/wp-json\/wp\/v2\/posts\/165273","targetHints":{"allow":["GET"]}}],"collection":[{"href":"https:\/\/cdnoticias.com\/index.php\/wp-json\/wp\/v2\/posts"}],"about":[{"href":"https:\/\/cdnoticias.com\/index.php\/wp-json\/wp\/v2\/types\/post"}],"author":[{"embeddable":true,"href":"https:\/\/cdnoticias.com\/index.php\/wp-json\/wp\/v2\/users\/5"}],"replies":[{"embeddable":true,"href":"https:\/\/cdnoticias.com\/index.php\/wp-json\/wp\/v2\/comments?post=165273"}],"version-history":[{"count":0,"href":"https:\/\/cdnoticias.com\/index.php\/wp-json\/wp\/v2\/posts\/165273\/revisions"}],"wp:featuredmedia":[{"embeddable":true,"href":"https:\/\/cdnoticias.com\/index.php\/wp-json\/wp\/v2\/media\/165275"}],"wp:attachment":[{"href":"https:\/\/cdnoticias.com\/index.php\/wp-json\/wp\/v2\/media?parent=165273"}],"wp:term":[{"taxonomy":"category","embeddable":true,"href":"https:\/\/cdnoticias.com\/index.php\/wp-json\/wp\/v2\/categories?post=165273"},{"taxonomy":"post_tag","embeddable":true,"href":"https:\/\/cdnoticias.com\/index.php\/wp-json\/wp\/v2\/tags?post=165273"}],"curies":[{"name":"wp","href":"https:\/\/api.w.org\/{rel}","templated":true}]}}