{"id":165156,"date":"2025-02-25T17:00:51","date_gmt":"2025-02-25T20:00:51","guid":{"rendered":"https:\/\/cdnoticias.com\/?p=165156"},"modified":"2025-02-25T18:38:34","modified_gmt":"2025-02-25T21:38:34","slug":"tras-una-pelea-aprehendieron-a-un-joven-de-24-anos-con-una-sierra-de-hoja-dentada","status":"publish","type":"post","link":"https:\/\/cdnoticias.com\/index.php\/2025\/02\/25\/tras-una-pelea-aprehendieron-a-un-joven-de-24-anos-con-una-sierra-de-hoja-dentada\/","title":{"rendered":"Tras una pelea, aprehendieron a un joven de 24 a\u00f1os con una sierra de hoja dentada"},"content":{"rendered":"\n<p>Fue este martes, en Grimaldi y Ayacucho. En presencia de personal policial, el apresado hab\u00eda amenazado de muerte a otro hombre.<\/p>\n\n\n\n<hr class=\"wp-block-separator aligncenter has-alpha-channel-opacity\"\/>\n\n\n\n<p>Este martes, <strong>personal de Comando de Patrullas aprehendi\u00f3 a un joven de 24 a\u00f1os tras una confrontaci\u00f3n y posterior amenaza de muerte a otra persona.<\/strong><\/p>\n\n\n\n<p>El hecho se registr\u00f3 en <strong>Grimaldi y Ayacucho. <\/strong>El personal policial acudi\u00f3 por una confrontaci\u00f3n, y <strong>tras separar el joven de 24 a\u00f1os, con un elemento corto punzante en la mano, amenaz\u00f3 de muerte a otro hombre.<\/strong><\/p>\n\n\n\n<p>All\u00ed fue inmediatamente fue atrapado por los efectivos<strong>, se secuestr\u00f3 una sierra de hoja dentada y trasladado a la Comisar\u00eda Primera, donde qued\u00f3 a disposici\u00f3n de la fiscal Mar\u00eda Paula Serrano (UFI N\u00b04).<\/strong><\/p>\n\n\n\n<p>La causa fue caratulada como <strong>Amenazas agravadas infraganti delito.<\/strong><\/p>\n","protected":false},"excerpt":{"rendered":"<p>Fue este martes, en Grimaldi y Ayacucho. En presencia de personal policial, el apresado hab\u00eda amenazado de muerte a otro<\/p>\n","protected":false},"author":2,"featured_media":165157,"comment_status":"closed","ping_status":"closed","sticky":false,"template":"","format":"standard","meta":{"_jetpack_memberships_contains_paid_content":false,"footnotes":""},"categories":[14,1],"tags":[],"class_list":["post-165156","post","type-post","status-publish","format-standard","has-post-thumbnail","hentry","category-policiales","category-portada"],"jetpack_featured_media_url":"https:\/\/i0.wp.com\/cdnoticias.com\/wp-content\/uploads\/2025\/02\/WhatsApp-Image-2025-02-25-at-16.00.11.jpeg?fit=1361%2C776&ssl=1","jetpack_sharing_enabled":true,"_links":{"self":[{"href":"https:\/\/cdnoticias.com\/index.php\/wp-json\/wp\/v2\/posts\/165156","targetHints":{"allow":["GET"]}}],"collection":[{"href":"https:\/\/cdnoticias.com\/index.php\/wp-json\/wp\/v2\/posts"}],"about":[{"href":"https:\/\/cdnoticias.com\/index.php\/wp-json\/wp\/v2\/types\/post"}],"author":[{"embeddable":true,"href":"https:\/\/cdnoticias.com\/index.php\/wp-json\/wp\/v2\/users\/2"}],"replies":[{"embeddable":true,"href":"https:\/\/cdnoticias.com\/index.php\/wp-json\/wp\/v2\/comments?post=165156"}],"version-history":[{"count":0,"href":"https:\/\/cdnoticias.com\/index.php\/wp-json\/wp\/v2\/posts\/165156\/revisions"}],"wp:featuredmedia":[{"embeddable":true,"href":"https:\/\/cdnoticias.com\/index.php\/wp-json\/wp\/v2\/media\/165157"}],"wp:attachment":[{"href":"https:\/\/cdnoticias.com\/index.php\/wp-json\/wp\/v2\/media?parent=165156"}],"wp:term":[{"taxonomy":"category","embeddable":true,"href":"https:\/\/cdnoticias.com\/index.php\/wp-json\/wp\/v2\/categories?post=165156"},{"taxonomy":"post_tag","embeddable":true,"href":"https:\/\/cdnoticias.com\/index.php\/wp-json\/wp\/v2\/tags?post=165156"}],"curies":[{"name":"wp","href":"https:\/\/api.w.org\/{rel}","templated":true}]}}