{"id":165152,"date":"2025-02-25T20:49:52","date_gmt":"2025-02-25T23:49:52","guid":{"rendered":"https:\/\/cdnoticias.com\/?p=165152"},"modified":"2025-02-26T09:34:40","modified_gmt":"2025-02-26T12:34:40","slug":"la-fanfarria-del-capitan-por-primera-vez-en-olavarria-los-suenos-siguen-intactos","status":"publish","type":"post","link":"https:\/\/cdnoticias.com\/index.php\/2025\/02\/25\/la-fanfarria-del-capitan-por-primera-vez-en-olavarria-los-suenos-siguen-intactos\/","title":{"rendered":"La Fanfarria del Capit\u00e1n por primera vez en Olavarr\u00eda: \u201clos sue\u00f1os siguen intactos\u201d"},"content":{"rendered":"\n<p>La banda argentina que desde hace 20 a\u00f1os recorre escenarios en todo el mundo se presentar\u00e1 este viernes en nuestra ciudad. La b\u00fasqueda est\u00e9tica, el mix de sonidos y la emoci\u00f3n como premisa.<\/p>\n\n\n\n<hr class=\"wp-block-separator has-alpha-channel-opacity\"\/>\n\n\n\n<p>La banda argentina que gira por el mundo estar\u00e1 por primera vez en Olavarr\u00eda. Se trata de<strong> La Fanfarria del Capit\u00e1n<\/strong>, una propuesta musical y art\u00edstica que se encuentra celebrando sus <strong>20 a\u00f1os de formaci\u00f3n.<\/strong> Se presentar\u00e1n <strong>este viernes 28 de febrero o a partir de las 22:00 en KUK (Coronel Su\u00e1rez 1935).<\/strong> Contar\u00e1n con el acompa\u00f1amiento local de <strong>Johnny Boy and the Dancing Crickets, como banda invitada.<\/strong><\/p>\n\n\n\n<p><\/p>\n\n\n\n<p>La Fanfarria del Capit\u00e1n tiene much\u00edsimas particularidades. Un sonido atrapante que <strong>combina rock, cumbia, ska, ritmos balc\u00e1nicos y latinos,<\/strong> un <strong>recorrido firme por distintos pa\u00edses<\/strong>, la <strong>participaci\u00f3n en una de las series m\u00e1s exitosas de todos los tiempos de Netflix<\/strong> y la b\u00fasqueda de una<strong> identidad propia nutrida por el cine y las letras.<\/strong><\/p>\n\n\n\n<p><\/p>\n\n\n\n<p>En di\u00e1logo con<em> Central de Noticias<\/em>,<strong> Jer\u00f3nimo Cassagne<\/strong>, uno de los impulsores de la banda formada en 2004 habl\u00f3 de las expectativas del show en Olavarr\u00eda. \u201cEstamos muy contentos porque es la primera vez que tocamos en Olavarr\u00eda. Nos han escrito muchos amigos y seguidores de all\u00e1. Vamos a estar con un show potente, divertido, un fiest\u00f3n. Hay acorde\u00f3n, trompeta, guitarra, bajo, bater\u00eda\u201d, describi\u00f3.<\/p>\n\n\n\n<p><\/p>\n\n\n\n<p>La propuesta atrapa desde el primer instante y nos invita a una fusi\u00f3n de ritmos que ha conquistado distintos escenarios a lo largo de dos d\u00e9cadas.<strong> \u201cEstamos con ganas de celebrar todo este recorrido, con muchos proyectos. Tenemos una gira muy fuerte por Europa y por primera vez vamos a ir a M\u00e9xico. Hay un disco en vivo que se viene, muchas colaboraciones y sorpresas\u201d<\/strong>, resalt\u00f3 Jer\u00f3nimo.<\/p>\n\n\n\n<p><\/p>\n\n\n\n<blockquote class=\"wp-block-quote is-layout-flow wp-block-quote-is-layout-flow\">\n<p>\u201cLos sue\u00f1os siguen intactos y las b\u00fasquedas tambi\u00e9n. La creaci\u00f3n a flor de piel, siempre so\u00f1ando detr\u00e1s de alg\u00fan proyecto\u201d, asegur\u00f3.<\/p>\n<\/blockquote>\n\n\n\n<p><\/p>\n\n\n\n<p>Si de sue\u00f1os y colaboraciones se trata, recientemente realizaron una<a href=\"https:\/\/www.youtube.com\/watch?v=YBsAD-PvnHs\" data-type=\"link\" data-id=\"https:\/\/www.youtube.com\/watch?v=YBsAD-PvnHs\"> versi\u00f3n de la canci\u00f3n \u201cCompa\u00f1eros\u201d junto a Donald.<\/a> Un homenaje que une lo cl\u00e1sico y lo moderno, acompa\u00f1ado de un videoclip que retrata una reuni\u00f3n familiar con referencias a la pel\u00edcula cl\u00e1sica \u201cZorba el griego\u201d.<\/p>\n\n\n\n<p><\/p>\n\n\n\n<figure class=\"wp-block-embed is-type-video is-provider-youtube wp-block-embed-youtube wp-embed-aspect-16-9 wp-has-aspect-ratio\"><div class=\"wp-block-embed__wrapper\">\n<iframe loading=\"lazy\" title=\"SIEMPRE FUIMOS COMPA\u00d1EROS - Donald &amp; La Fanfarria del Capit\u00e1n\" width=\"800\" height=\"450\" src=\"https:\/\/www.youtube.com\/embed\/YBsAD-PvnHs?feature=oembed\" frameborder=\"0\" allow=\"accelerometer; autoplay; clipboard-write; encrypted-media; gyroscope; picture-in-picture; web-share\" referrerpolicy=\"strict-origin-when-cross-origin\" allowfullscreen><\/iframe>\n<\/div><\/figure>\n\n\n\n<p><\/p>\n\n\n\n<p><strong>No solo hay una mixtura de ritmos sino de texturas, de inspiraci\u00f3n, de sentido. <\/strong>Hay algo para decir. Eso se refleja en cada propuesta e invita a participar del show sumergido en una experiencia completa.<\/p>\n\n\n\n<p><\/p>\n\n\n\n<p>La banda vivi\u00f3 una explosi\u00f3n medi\u00e1tica en Espa\u00f1a a partir de la participaci\u00f3n en la<strong> tercera temporada de La Casa de Papel (Netflix)<\/strong> con una versi\u00f3n exquisita de Bella Ciao, la canci\u00f3n de resistencia antifascista italiana.<\/p>\n\n\n\n<p><\/p>\n\n\n\n<p>Sin embargo, <strong>ya pisaban fuerte en escenarios de distintos pa\u00edses. <\/strong>\u201cYa ven\u00edamos con un recorrido muy fuerte con presencia en casi todo el mundo. Ven\u00edamos de unos 10 a\u00f1os de girar infinito por todos lados. Cuando sale lo de La Casa de Papel, la banda cobra una popularidad m\u00e1s masiva llegando a otras audiencias, a otra gente que capaz no nos segu\u00eda y que nos fue descubriendo y nos sigue descubriendo porque durante 7 a\u00f1os fue la serie m\u00e1s vista del mundo\u201d.<\/p>\n\n\n\n<p><\/p>\n\n\n\n<figure class=\"wp-block-embed is-type-video is-provider-youtube wp-block-embed-youtube wp-embed-aspect-16-9 wp-has-aspect-ratio\"><div class=\"wp-block-embed__wrapper\">\n<iframe loading=\"lazy\" title=\"BELLA CIAO - LA FANFARRIA DEL CAPITAN - Videoclip (Amsterdam)\" width=\"800\" height=\"450\" src=\"https:\/\/www.youtube.com\/embed\/GribZtF-pBo?feature=oembed\" frameborder=\"0\" allow=\"accelerometer; autoplay; clipboard-write; encrypted-media; gyroscope; picture-in-picture; web-share\" referrerpolicy=\"strict-origin-when-cross-origin\" allowfullscreen><\/iframe>\n<\/div><\/figure>\n\n\n\n<p><\/p>\n\n\n\n<p><strong>De Argentina a Kasajist\u00e1n<\/strong><\/p>\n\n\n\n<p><\/p>\n\n\n\n<p>Tocar en escenarios de<strong> Rusia, China, Jap\u00f3n, Kasajist\u00e1n o Kosovo<\/strong> es una de las particularidades de esta banda. \u201cEs muy loco. Durante el momento que uno est\u00e1 tocando est\u00e1 refugiado en su equipo, muchos giramos en familia tambi\u00e9n, con hijos.<strong> Fueron a\u00f1os y a\u00f1os de ruta, de tocar en todos lados hasta que los festivales m\u00e1s grandes empezaron a poner el ojo en nosotros, a convocarnos<\/strong>\u201d, cont\u00f3 Jer\u00f3nimo.<\/p>\n\n\n\n<p><\/p>\n\n\n\n<p>\u201cEs una emoci\u00f3n enorme, la gente que conoce Argentina y te dice \u201cMessi\u201d o \u201cMaradona\u201d, se te acercan con mucho cari\u00f1o, con intriga y muy abiertos a propuestas nuevas\u201d, asegur\u00f3 y agreg\u00f3: <strong>\u201cnos reciben siempre muy bien y despu\u00e9s es muy emocionante que te escriban, que te manden mensajes diciendo que se engancharon con tal canci\u00f3n\u201d.<\/strong><\/p>\n\n\n\n<p><\/p>\n\n\n\n<figure class=\"wp-block-embed is-type-video is-provider-youtube wp-block-embed-youtube wp-embed-aspect-16-9 wp-has-aspect-ratio\"><div class=\"wp-block-embed__wrapper\">\n<iframe loading=\"lazy\" title=\"SCHAUMAMOI - La Fanfarria del Capit\u00e1n &amp; Lenze (Bavaria)\" width=\"800\" height=\"450\" src=\"https:\/\/www.youtube.com\/embed\/1ELXXbiw1d0?feature=oembed\" frameborder=\"0\" allow=\"accelerometer; autoplay; clipboard-write; encrypted-media; gyroscope; picture-in-picture; web-share\" referrerpolicy=\"strict-origin-when-cross-origin\" allowfullscreen><\/iframe>\n<\/div><\/figure>\n\n\n\n<p><\/p>\n\n\n\n<p>Cada viaje es aprovechado en su m\u00e1xima expresi\u00f3n y eso se ve plasmado en el <a href=\"https:\/\/www.youtube.com\/channel\/UCSl8g5jL6pBC4D3UrFtzuFA\" data-type=\"link\" data-id=\"https:\/\/www.youtube.com\/channel\/UCSl8g5jL6pBC4D3UrFtzuFA\">mundo audiovisual de la banda. <\/a>\u201cTenemos videoclips en \u00c1msterdam, B\u00e9lgica, Rusia, China, Jap\u00f3n, Alemania, Argentina\u2026 hay como una propuesta visual que trata de <strong>retratar un poco los lugares donde viajamos con alguna historia<\/strong>\u201d, indic\u00f3.<\/p>\n\n\n\n<p><\/p>\n\n\n\n<p>De m\u00e1s est\u00e1 decir que la <strong>referencia al cine<\/strong> est\u00e1 presente. \u201c<strong>Full Kusturica y full todo. La literatura tambi\u00e9n. Vicky (Cornejo) es una poeta incre\u00edble y le presta atenci\u00f3n a las letras<\/strong>, si se meten en ese mundo es muy alucinante, tiene una profundidad tremenda. Autores como Cort\u00e1zar, Yourcenar, Atahualpa\u2026 todos los g\u00e9neros. El arte siempre es nuestra estrella, la emoci\u00f3n de alguna manera\u201d, concluy\u00f3 Jer\u00f3nimo.<\/p>\n","protected":false},"excerpt":{"rendered":"<p>La banda argentina que desde hace 20 a\u00f1os recorre escenarios en todo el mundo se presentar\u00e1 este viernes en nuestra<\/p>\n","protected":false},"author":5,"featured_media":165154,"comment_status":"closed","ping_status":"closed","sticky":false,"template":"","format":"standard","meta":{"_jetpack_memberships_contains_paid_content":false,"footnotes":""},"categories":[9,1],"tags":[],"class_list":["post-165152","post","type-post","status-publish","format-standard","has-post-thumbnail","hentry","category-cultura","category-portada"],"jetpack_featured_media_url":"https:\/\/i0.wp.com\/cdnoticias.com\/wp-content\/uploads\/2025\/02\/WhatsApp-Image-2025-02-25-at-10.29.03-AM.jpeg?fit=800%2C449&ssl=1","jetpack_sharing_enabled":true,"_links":{"self":[{"href":"https:\/\/cdnoticias.com\/index.php\/wp-json\/wp\/v2\/posts\/165152","targetHints":{"allow":["GET"]}}],"collection":[{"href":"https:\/\/cdnoticias.com\/index.php\/wp-json\/wp\/v2\/posts"}],"about":[{"href":"https:\/\/cdnoticias.com\/index.php\/wp-json\/wp\/v2\/types\/post"}],"author":[{"embeddable":true,"href":"https:\/\/cdnoticias.com\/index.php\/wp-json\/wp\/v2\/users\/5"}],"replies":[{"embeddable":true,"href":"https:\/\/cdnoticias.com\/index.php\/wp-json\/wp\/v2\/comments?post=165152"}],"version-history":[{"count":0,"href":"https:\/\/cdnoticias.com\/index.php\/wp-json\/wp\/v2\/posts\/165152\/revisions"}],"wp:featuredmedia":[{"embeddable":true,"href":"https:\/\/cdnoticias.com\/index.php\/wp-json\/wp\/v2\/media\/165154"}],"wp:attachment":[{"href":"https:\/\/cdnoticias.com\/index.php\/wp-json\/wp\/v2\/media?parent=165152"}],"wp:term":[{"taxonomy":"category","embeddable":true,"href":"https:\/\/cdnoticias.com\/index.php\/wp-json\/wp\/v2\/categories?post=165152"},{"taxonomy":"post_tag","embeddable":true,"href":"https:\/\/cdnoticias.com\/index.php\/wp-json\/wp\/v2\/tags?post=165152"}],"curies":[{"name":"wp","href":"https:\/\/api.w.org\/{rel}","templated":true}]}}