{"id":165136,"date":"2025-02-25T12:06:48","date_gmt":"2025-02-25T15:06:48","guid":{"rendered":"https:\/\/cdnoticias.com\/?p=165136"},"modified":"2025-02-25T17:01:24","modified_gmt":"2025-02-25T20:01:24","slug":"entrega-absoluta-y-servicio-el-reconocimiento-en-el-aniversario-del-natalicio-de-san-martin","status":"publish","type":"post","link":"https:\/\/cdnoticias.com\/index.php\/2025\/02\/25\/entrega-absoluta-y-servicio-el-reconocimiento-en-el-aniversario-del-natalicio-de-san-martin\/","title":{"rendered":"\u201cEntrega absoluta y servicio\u201d, el reconocimiento en el aniversario del natalicio de San Mart\u00edn"},"content":{"rendered":"<p>El intendente Maximiliano Wesner encabez\u00f3 el acto protocolar por el 247\u00b0 aniversario del nacimiento del Padre de la Patria. Fue este martes en la Plaza Aguado.<!--more--><\/p>\n<hr \/>\n<p>Se llev\u00f3 a cabo<strong> este martes por la ma\u00f1ana, al pie del monumento que rinde homenaje al Padre de la Patria, en Plaza Aguado<\/strong>. Fue organizado por el Municipio de Olavarr\u00eda, junto a la Guarnici\u00f3n Ej\u00e9rcito Olavarr\u00eda y Asociaci\u00f3n Cultural Sanmartiniana.<\/p>\n<p>El <strong>intendente Maximiliano Wesner encabez\u00f3 el acto conmemorativo por el 247\u00b0 aniversario del natalicio del General Jos\u00e9 de San Mart\u00edn<\/strong>, que tuvo lugar al pie del <strong>monumento que rinde homenaje al Padre de la Patria en Plaza Aguado<\/strong>, organizado por el Municipio de Olavarr\u00eda, junto a la Guarnici\u00f3n Ej\u00e9rcito Olavarr\u00eda y Asociaci\u00f3n Cultural Sanmartiniana.<\/p>\n<blockquote><p>San Mart\u00edn es considerado uno de los principales l\u00edderes militares y patriotas de Am\u00e9rica del Sur durante las guerras de independencia en el siglo XIX. La figura del General Don Jos\u00e9 de San Mart\u00edn se realza a\u00f1o a a\u00f1o, una gesta que es reivindicada en toda Am\u00e9rica Latina e inclusive fuera de nuestro continente.<\/p><\/blockquote>\n<p><img data-recalc-dims=\"1\" loading=\"lazy\" decoding=\"async\" class=\"size-full wp-image-165141 aligncenter\" src=\"https:\/\/i0.wp.com\/cdnoticias.com\/wp-content\/uploads\/2025\/02\/acto-san-martin-00.jpeg?resize=800%2C445&#038;ssl=1\" alt=\"\" width=\"800\" height=\"445\" srcset=\"https:\/\/i0.wp.com\/cdnoticias.com\/wp-content\/uploads\/2025\/02\/acto-san-martin-00.jpeg?w=1000&amp;ssl=1 1000w, https:\/\/i0.wp.com\/cdnoticias.com\/wp-content\/uploads\/2025\/02\/acto-san-martin-00.jpeg?resize=300%2C167&amp;ssl=1 300w, https:\/\/i0.wp.com\/cdnoticias.com\/wp-content\/uploads\/2025\/02\/acto-san-martin-00.jpeg?resize=768%2C427&amp;ssl=1 768w, https:\/\/i0.wp.com\/cdnoticias.com\/wp-content\/uploads\/2025\/02\/acto-san-martin-00.jpeg?resize=800%2C445&amp;ssl=1 800w\" sizes=\"auto, (max-width: 800px) 100vw, 800px\" \/><\/p>\n<p>Su legado no se limita a los<strong> triunfos en los campos de batalla, sino tambi\u00e9n en su impronta patria<\/strong>, en la defensa de los derechos, la independencia, la soberan\u00eda, la justicia, pero m\u00e1s a\u00fan en la labor mancomunada, articulada y conjunta como base de cualquier victoria.<\/p>\n<p>El acto cont\u00f3 adem\u00e1s con la presencia de <em>la jefa de Gabinete Mercedes Land\u00edvar, el presidente del Concejo Deliberante Guillermo Santell\u00e1n, el jefe del Regimiento de Caballer\u00eda Tanques 2 Tte. Cnel. Andr\u00e9s Galv\u00e1n, el jefe del Escuadr\u00f3n de Ingenieros Blindados I Mayor Jos\u00e9 Alberto Flores Casta\u00f1eda, el presidente de la Asociaci\u00f3n Cultural Sanmartiniana, H\u00e9ctor Hoyos, funcionarios municipales, dem\u00e1s autoridades educativas y representantes de distintas agrupaciones e instituciones de la comunidad.<\/em><\/p>\n<p>La ceremonia se inici\u00f3 con la<strong> formaci\u00f3n de la Agrupaci\u00f3n Padre de la Patria<\/strong> presentada ante el<strong> Jefe del Regimiento de Caballer\u00eda Tte. Cnel Andr\u00e9s Galv\u00e1n<\/strong>, por parte del <strong>Jefe de Tropa Juan Belmar<\/strong>.<\/p>\n<p><img data-recalc-dims=\"1\" loading=\"lazy\" decoding=\"async\" class=\"size-full wp-image-165142 aligncenter\" src=\"https:\/\/i0.wp.com\/cdnoticias.com\/wp-content\/uploads\/2025\/02\/acto-san-martin-01.jpeg?resize=800%2C445&#038;ssl=1\" alt=\"\" width=\"800\" height=\"445\" srcset=\"https:\/\/i0.wp.com\/cdnoticias.com\/wp-content\/uploads\/2025\/02\/acto-san-martin-01.jpeg?w=1000&amp;ssl=1 1000w, https:\/\/i0.wp.com\/cdnoticias.com\/wp-content\/uploads\/2025\/02\/acto-san-martin-01.jpeg?resize=300%2C167&amp;ssl=1 300w, https:\/\/i0.wp.com\/cdnoticias.com\/wp-content\/uploads\/2025\/02\/acto-san-martin-01.jpeg?resize=768%2C427&amp;ssl=1 768w, https:\/\/i0.wp.com\/cdnoticias.com\/wp-content\/uploads\/2025\/02\/acto-san-martin-01.jpeg?resize=800%2C445&amp;ssl=1 800w\" sizes=\"auto, (max-width: 800px) 100vw, 800px\" \/><\/p>\n<p>Seguidamente<strong> el intendente Maximiliano Wesner realiz\u00f3 el tradicional saludo a la Agrupaci\u00f3n Padre de la Patria<\/strong>, y posteriormente se entonaron las estrofas del Himno Nacional Argentino.<\/p>\n<p>Tras ello se procedi\u00f3 a la <strong>colocaci\u00f3n de palmas<\/strong>. En primer lugar el intendente Maximiliano Wesner, junto a la Jefa de Gabinete Mercedes Land\u00edvar dejaron la ofrenda floral a los pies del monumento al Libertador, en nombre del Municipio. Luego el presidente del Concejo Deliberante Guillermo Santell\u00e1n junto a la concejal Mar\u00eda Jos\u00e9 Gonz\u00e1lez hicieron lo propio en representaci\u00f3n de toda la comunidad. Seguidamente fue el turno del jefe del Regimiento de Caballer\u00eda de Tanques 2 Teniente Coronel Andr\u00e9s Galv\u00e1n, junto al jefe del Escuadr\u00f3n de Ingenieros Blindado 1 Mayor Jos\u00e9 Alberto Flores Casta\u00f1eda, representando al Ej\u00e9rcito. Finalmente el presidente de la Asociaci\u00f3n Cultural Sanmartiniana. H\u00e9ctor Hoyos coloc\u00f3 la ofrenda junto a Osvaldo Roberto D\u00edaz.<\/p>\n<p><img data-recalc-dims=\"1\" loading=\"lazy\" decoding=\"async\" class=\"size-full wp-image-165143 aligncenter\" src=\"https:\/\/i0.wp.com\/cdnoticias.com\/wp-content\/uploads\/2025\/02\/acto-san-martin-02.jpeg?resize=800%2C446&#038;ssl=1\" alt=\"\" width=\"800\" height=\"446\" srcset=\"https:\/\/i0.wp.com\/cdnoticias.com\/wp-content\/uploads\/2025\/02\/acto-san-martin-02.jpeg?w=1000&amp;ssl=1 1000w, https:\/\/i0.wp.com\/cdnoticias.com\/wp-content\/uploads\/2025\/02\/acto-san-martin-02.jpeg?resize=300%2C167&amp;ssl=1 300w, https:\/\/i0.wp.com\/cdnoticias.com\/wp-content\/uploads\/2025\/02\/acto-san-martin-02.jpeg?resize=768%2C428&amp;ssl=1 768w, https:\/\/i0.wp.com\/cdnoticias.com\/wp-content\/uploads\/2025\/02\/acto-san-martin-02.jpeg?resize=800%2C445&amp;ssl=1 800w\" sizes=\"auto, (max-width: 800px) 100vw, 800px\" \/><\/p>\n<blockquote><p>Para referirse a esta emotiva fecha hizo uso de la palabra el Mayor Flores Casta\u00f1eda. \u201cSe puso de manifiesto el valor de llevar adelante semejante empresa de liberar no solamente a nuestro pueblo sino tambi\u00e9n Chile y Per\u00fa, demostrando en todo momento un sentido de entrega absoluta y servicio, virtud que le permiti\u00f3 lograr el reconocimiento indiscutido de todos los argentinos\u201d defini\u00f3 sobre el pr\u00f3cer.<\/p><\/blockquote>\n<p>A continuaci\u00f3n se cant\u00f3 la <strong>Marcha de San Lorenzo<\/strong> y se dio por finalizada la ceremonia.<\/p>\n<p>Por \u00faltimo cabe agregar que participaron de este breve y emotivo acto en conmemoraci\u00f3n al natalicio del Gral. Jos\u00e9 de San Mart\u00edn, en representaci\u00f3n del Ministerio P\u00fablico Fiscal Jos\u00e9 Iturralde, concejales de los distintos bloques, secretarios, subsecretarios, fuerzas de seguridad, autoridades educativas, Asociaci\u00f3n Cultural Belgraniana, Agrupaci\u00f3n Veteranos de Guerra 2 de Abril, Veteranos de Naciones Unidas, Uni\u00f3n de Soldados Continentales, Bomberos Voluntarios de Olavarr\u00eda, y familiares del Capit\u00e1n de Corbeta Diego Wagner Clar.<\/p>\n<p><img data-recalc-dims=\"1\" loading=\"lazy\" decoding=\"async\" class=\"size-full wp-image-165139 aligncenter\" src=\"https:\/\/i0.wp.com\/cdnoticias.com\/wp-content\/uploads\/2025\/02\/acto-san-martin-03.jpeg?resize=800%2C533&#038;ssl=1\" alt=\"\" width=\"800\" height=\"533\" srcset=\"https:\/\/i0.wp.com\/cdnoticias.com\/wp-content\/uploads\/2025\/02\/acto-san-martin-03.jpeg?w=1000&amp;ssl=1 1000w, https:\/\/i0.wp.com\/cdnoticias.com\/wp-content\/uploads\/2025\/02\/acto-san-martin-03.jpeg?resize=300%2C200&amp;ssl=1 300w, https:\/\/i0.wp.com\/cdnoticias.com\/wp-content\/uploads\/2025\/02\/acto-san-martin-03.jpeg?resize=768%2C511&amp;ssl=1 768w, https:\/\/i0.wp.com\/cdnoticias.com\/wp-content\/uploads\/2025\/02\/acto-san-martin-03.jpeg?resize=272%2C182&amp;ssl=1 272w\" sizes=\"auto, (max-width: 800px) 100vw, 800px\" \/><\/p>\n","protected":false},"excerpt":{"rendered":"<p>El intendente Maximiliano Wesner encabez\u00f3 el acto protocolar por el 247\u00b0 aniversario del nacimiento del Padre de la Patria. Fue<\/p>\n","protected":false},"author":4,"featured_media":165140,"comment_status":"closed","ping_status":"closed","sticky":false,"template":"","format":"standard","meta":{"_jetpack_memberships_contains_paid_content":false,"footnotes":""},"categories":[5,1],"tags":[],"class_list":["post-165136","post","type-post","status-publish","format-standard","has-post-thumbnail","hentry","category-informacion-general","category-portada"],"jetpack_featured_media_url":"https:\/\/i0.wp.com\/cdnoticias.com\/wp-content\/uploads\/2025\/02\/acto-san-martin-04.jpeg?fit=1000%2C557&ssl=1","jetpack_sharing_enabled":true,"_links":{"self":[{"href":"https:\/\/cdnoticias.com\/index.php\/wp-json\/wp\/v2\/posts\/165136","targetHints":{"allow":["GET"]}}],"collection":[{"href":"https:\/\/cdnoticias.com\/index.php\/wp-json\/wp\/v2\/posts"}],"about":[{"href":"https:\/\/cdnoticias.com\/index.php\/wp-json\/wp\/v2\/types\/post"}],"author":[{"embeddable":true,"href":"https:\/\/cdnoticias.com\/index.php\/wp-json\/wp\/v2\/users\/4"}],"replies":[{"embeddable":true,"href":"https:\/\/cdnoticias.com\/index.php\/wp-json\/wp\/v2\/comments?post=165136"}],"version-history":[{"count":0,"href":"https:\/\/cdnoticias.com\/index.php\/wp-json\/wp\/v2\/posts\/165136\/revisions"}],"wp:featuredmedia":[{"embeddable":true,"href":"https:\/\/cdnoticias.com\/index.php\/wp-json\/wp\/v2\/media\/165140"}],"wp:attachment":[{"href":"https:\/\/cdnoticias.com\/index.php\/wp-json\/wp\/v2\/media?parent=165136"}],"wp:term":[{"taxonomy":"category","embeddable":true,"href":"https:\/\/cdnoticias.com\/index.php\/wp-json\/wp\/v2\/categories?post=165136"},{"taxonomy":"post_tag","embeddable":true,"href":"https:\/\/cdnoticias.com\/index.php\/wp-json\/wp\/v2\/tags?post=165136"}],"curies":[{"name":"wp","href":"https:\/\/api.w.org\/{rel}","templated":true}]}}