{"id":165134,"date":"2025-03-02T11:32:52","date_gmt":"2025-03-02T14:32:52","guid":{"rendered":"https:\/\/cdnoticias.com\/?p=165134"},"modified":"2025-03-02T11:32:56","modified_gmt":"2025-03-02T14:32:56","slug":"curso-de-lengua-de-senas-con-puntaje-docente","status":"publish","type":"post","link":"https:\/\/cdnoticias.com\/index.php\/2025\/03\/02\/curso-de-lengua-de-senas-con-puntaje-docente\/","title":{"rendered":"Curso de Lengua de Se\u00f1as con puntaje docente"},"content":{"rendered":"\n<p>Es dictado por el Laboratorio de Idiomas de la Facultad de Ciencias Sociales. La cursada ser\u00e1 los s\u00e1bados desde el 15 de marzo, con encuentros presenciales quincenales.<\/p>\n\n\n\n<hr class=\"wp-block-separator has-alpha-channel-opacity\"\/>\n\n\n\n<p>Desde el 15 de marzo el <strong>Laboratorio de Idiomas de la Facultad de Ciencias Sociales (UNICEN) <\/strong>ofrecer\u00e1 el curso de <strong>Lengua de Se\u00f1as nivel principiante<\/strong>, una propuesta formativa destinada al fortalecimiento de nuevas formas y abordajes para ense\u00f1ar y comunicar, facilitar el desarrollo de una Competencia Comunicativa en LSA (Lengua de Se\u00f1as Argentina) y promover la apropiaci\u00f3n cr\u00edtica de los elementos te\u00f3ricos-metodol\u00f3gicos de la misma.<\/p>\n\n\n\n<p><\/p>\n\n\n\n<p>El curso brinda <strong>herramientas de comunicaci\u00f3n b\u00e1sicas,<\/strong> en base al m\u00e1ximo respeto hacia la cultura e identidad sorda.<\/p>\n\n\n\n<p><\/p>\n\n\n\n<p>La propuesta fue aprobada por la Direcci\u00f3n General de Cultura y Educaci\u00f3n de la provincia de Buenos Aires y est\u00e1 <strong>destinada a docentes de Educaci\u00f3n Inicial, Primaria, Secundaria, Superior, Especial, Media, Adultos, Art\u00edstica y F\u00edsica, as\u00ed como a p\u00fablico en general.<\/strong><\/p>\n\n\n\n<p><\/p>\n\n\n\n<blockquote class=\"wp-block-quote is-layout-flow wp-block-quote-is-layout-flow\">\n<p>El curso otorga un puntaje de 0,24 y la carga horaria es de 42 horas reloj distribuidas en 17 encuentros. El mismo cuenta con cupos limitados y estar\u00e1 a cargo de la docente Noelia Diaz y el instructor sordo Agust\u00edn Vitale.<\/p>\n<\/blockquote>\n\n\n\n<p><\/p>\n\n\n\n<p>La propuesta<strong> se dictar\u00e1 los d\u00edas s\u00e1bado desde el 15 de marzo,<\/strong> con encuentros presenciales quincenales en el Edificio de Aulas Comunes del Complejo Universitario de Olavarr\u00eda, avenida Del Valle 5737. <strong>Se abrir\u00e1n dos comisiones: una de 12 a 14 y la restante de 14.30 a 16.30.<\/strong><\/p>\n\n\n\n<p><\/p>\n\n\n\n<p>Para inscribirte deb\u00e9s acceder al <a href=\"https:\/\/docs.google.com\/forms\/d\/e\/1FAIpQLScjcB68_YEQK03SKMhRSuTKVhqozxosNluxBwyk9I5nN4eopw\/viewform\" data-type=\"link\" data-id=\"https:\/\/docs.google.com\/forms\/d\/e\/1FAIpQLScjcB68_YEQK03SKMhRSuTKVhqozxosNluxBwyk9I5nN4eopw\/viewform\">formulario.<\/a><\/p>\n\n\n\n<p><\/p>\n\n\n\n<p>Para conocer m\u00e1s es posible ingresar <a href=\"http:\/\/chrome-extension:\/\/efaidnbmnnnibpcajpcglclefindmkaj\/https:\/\/www.soc.unicen.edu.ar\/images\/M_images\/2025\/PDF\/Idiomas\/Lengua_de_Senas._Principiante.pdf\" data-type=\"link\" data-id=\"chrome-extension:\/\/efaidnbmnnnibpcajpcglclefindmkaj\/https:\/\/www.soc.unicen.edu.ar\/images\/M_images\/2025\/PDF\/Idiomas\/Lengua_de_Senas._Principiante.pdf\">aqu\u00ed.<\/a><\/p>\n\n\n\n<p><\/p>\n\n\n\n<p>Para m\u00e1s informaci\u00f3n sobre la <strong>propuesta y aranceles<\/strong>, contactarse al correo <strong>idiomas@soc.unicen.edu.ar.<\/strong><\/p>\n\n\n\n<p><\/p>\n","protected":false},"excerpt":{"rendered":"<p>Es dictado por el Laboratorio de Idiomas de la Facultad de Ciencias Sociales. La cursada ser\u00e1 los s\u00e1bados desde el<\/p>\n","protected":false},"author":5,"featured_media":83263,"comment_status":"closed","ping_status":"closed","sticky":false,"template":"","format":"standard","meta":{"_jetpack_memberships_contains_paid_content":false,"footnotes":""},"categories":[5,1],"tags":[],"class_list":["post-165134","post","type-post","status-publish","format-standard","has-post-thumbnail","hentry","category-informacion-general","category-portada"],"jetpack_featured_media_url":"https:\/\/i0.wp.com\/cdnoticias.com\/wp-content\/uploads\/2023\/04\/Facultad-de-Ciencias-Sociales-1.jpg?fit=2000%2C1159&ssl=1","jetpack_sharing_enabled":true,"_links":{"self":[{"href":"https:\/\/cdnoticias.com\/index.php\/wp-json\/wp\/v2\/posts\/165134","targetHints":{"allow":["GET"]}}],"collection":[{"href":"https:\/\/cdnoticias.com\/index.php\/wp-json\/wp\/v2\/posts"}],"about":[{"href":"https:\/\/cdnoticias.com\/index.php\/wp-json\/wp\/v2\/types\/post"}],"author":[{"embeddable":true,"href":"https:\/\/cdnoticias.com\/index.php\/wp-json\/wp\/v2\/users\/5"}],"replies":[{"embeddable":true,"href":"https:\/\/cdnoticias.com\/index.php\/wp-json\/wp\/v2\/comments?post=165134"}],"version-history":[{"count":0,"href":"https:\/\/cdnoticias.com\/index.php\/wp-json\/wp\/v2\/posts\/165134\/revisions"}],"wp:featuredmedia":[{"embeddable":true,"href":"https:\/\/cdnoticias.com\/index.php\/wp-json\/wp\/v2\/media\/83263"}],"wp:attachment":[{"href":"https:\/\/cdnoticias.com\/index.php\/wp-json\/wp\/v2\/media?parent=165134"}],"wp:term":[{"taxonomy":"category","embeddable":true,"href":"https:\/\/cdnoticias.com\/index.php\/wp-json\/wp\/v2\/categories?post=165134"},{"taxonomy":"post_tag","embeddable":true,"href":"https:\/\/cdnoticias.com\/index.php\/wp-json\/wp\/v2\/tags?post=165134"}],"curies":[{"name":"wp","href":"https:\/\/api.w.org\/{rel}","templated":true}]}}