{"id":165122,"date":"2025-02-25T10:08:05","date_gmt":"2025-02-25T13:08:05","guid":{"rendered":"https:\/\/cdnoticias.com\/?p=165122"},"modified":"2025-02-25T12:28:58","modified_gmt":"2025-02-25T15:28:58","slug":"mataron-a-dos-gallinetas-en-la-maxima-y-piden-preservar-la-diversidad-del-lugar","status":"publish","type":"post","link":"https:\/\/cdnoticias.com\/index.php\/2025\/02\/25\/mataron-a-dos-gallinetas-en-la-maxima-y-piden-preservar-la-diversidad-del-lugar\/","title":{"rendered":"Mataron a dos gallinetas en La M\u00e1xima y piden preservar la diversidad del lugar"},"content":{"rendered":"\n<p>Fueron golpeadas con piedras lanzadas por \u201chondas\u201d. Desde el Bioparque Municipal se apel\u00f3 a la reflexi\u00f3n y cuidado de las especies.<\/p>\n\n\n\n<hr class=\"wp-block-separator has-alpha-channel-opacity\"\/>\n\n\n\n<p>El Municipio de Olavarr\u00eda inform\u00f3 que <strong>en la jornada de este lunes se debi\u00f3 lamentar en el Bioparque Municipal \u201cLa M\u00e1xima\u201d la p\u00e9rdida de dos gallinetas,<\/strong> aves que fueron muertas tras haber sido<strong> golpeadas con piedras lanzadas por \u201chondas\u201d u \u201chonderas\u201d<\/strong>, como se las suele denominar en el uso cotidiano.<\/p>\n\n\n\n<p><\/p>\n\n\n\n<p>Desde la Direcci\u00f3n del lugar<strong> se iniciaron las actuaciones pertinentes para comunicar lo sucedido al \u00e1rea de Fauna de la Provincia de Buenos Aires,<\/strong> ente regulador en la materia. Adem\u00e1s, se pide a todas las personas que visiten al predio <strong>preservar y valorar las especies que all\u00ed se encuentran.<\/strong><\/p>\n\n\n\n<p><\/p>\n\n\n\n<p>El episodio sucedi\u00f3 en las \u00faltimas horas y fue detectado gracias al<strong> personal de guardia del lugar, con la colaboraci\u00f3n del Centro de Monitoreo Municipal,<\/strong> desde donde<strong> se convoc\u00f3 la presencia de efectivos policiales a partir de las llamadas de emergencias de vecinos del sector, quienes alertaron acerca de la presencia y movimientos de dos chicos.<\/strong><\/p>\n\n\n\n<p><\/p>\n\n\n\n<blockquote class=\"wp-block-quote is-layout-flow wp-block-quote-is-layout-flow\">\n<p>En una primera oportunidad <strong>se los advirti\u00f3 de que estaba prohibido la utilizaci\u00f3n de este tipo de elementos en el interior del predio.<\/strong> Sin embargo, <strong>minutos m\u00e1s tarde se dar\u00eda el descubrimiento de dos gallinetas muertas,<\/strong> una especie que por sus caracter\u00edsticas habitan de manera libre el lugar.<\/p>\n<\/blockquote>\n\n\n\n<p><\/p>\n\n\n\n<p>Desde la Direcci\u00f3n del Bioparque<strong> se lament\u00f3 lo sucedido y se apel\u00f3 a la reflexi\u00f3n, a la racionabilidad de las personas que visitan el lugar<\/strong> para que no se repitan este tipo de episodios. En esa misma l\u00ednea se invita a la comunidad a que conozcan y recorran el lugar para<strong> poner en valor la diversidad de especies con las que all\u00ed se cuentan, como as\u00ed tambi\u00e9n los programas de preservaci\u00f3n, actividades y propuestas<\/strong> que se brindan a lo largo de todo el a\u00f1o.<\/p>\n","protected":false},"excerpt":{"rendered":"<p>Fueron golpeadas con piedras lanzadas por \u201chondas\u201d. Desde el Bioparque Municipal se apel\u00f3 a la reflexi\u00f3n y cuidado de las<\/p>\n","protected":false},"author":5,"featured_media":126069,"comment_status":"closed","ping_status":"closed","sticky":false,"template":"","format":"standard","meta":{"_jetpack_memberships_contains_paid_content":false,"footnotes":""},"categories":[5,1],"tags":[],"class_list":["post-165122","post","type-post","status-publish","format-standard","has-post-thumbnail","hentry","category-informacion-general","category-portada"],"jetpack_featured_media_url":"https:\/\/i0.wp.com\/cdnoticias.com\/wp-content\/uploads\/2024\/09\/casona-doctor-carlos-romero-bioparque-maxima.png?fit=880%2C515&ssl=1","jetpack_sharing_enabled":true,"_links":{"self":[{"href":"https:\/\/cdnoticias.com\/index.php\/wp-json\/wp\/v2\/posts\/165122","targetHints":{"allow":["GET"]}}],"collection":[{"href":"https:\/\/cdnoticias.com\/index.php\/wp-json\/wp\/v2\/posts"}],"about":[{"href":"https:\/\/cdnoticias.com\/index.php\/wp-json\/wp\/v2\/types\/post"}],"author":[{"embeddable":true,"href":"https:\/\/cdnoticias.com\/index.php\/wp-json\/wp\/v2\/users\/5"}],"replies":[{"embeddable":true,"href":"https:\/\/cdnoticias.com\/index.php\/wp-json\/wp\/v2\/comments?post=165122"}],"version-history":[{"count":0,"href":"https:\/\/cdnoticias.com\/index.php\/wp-json\/wp\/v2\/posts\/165122\/revisions"}],"wp:featuredmedia":[{"embeddable":true,"href":"https:\/\/cdnoticias.com\/index.php\/wp-json\/wp\/v2\/media\/126069"}],"wp:attachment":[{"href":"https:\/\/cdnoticias.com\/index.php\/wp-json\/wp\/v2\/media?parent=165122"}],"wp:term":[{"taxonomy":"category","embeddable":true,"href":"https:\/\/cdnoticias.com\/index.php\/wp-json\/wp\/v2\/categories?post=165122"},{"taxonomy":"post_tag","embeddable":true,"href":"https:\/\/cdnoticias.com\/index.php\/wp-json\/wp\/v2\/tags?post=165122"}],"curies":[{"name":"wp","href":"https:\/\/api.w.org\/{rel}","templated":true}]}}