{"id":165114,"date":"2025-02-27T11:29:53","date_gmt":"2025-02-27T14:29:53","guid":{"rendered":"https:\/\/cdnoticias.com\/?p=165114"},"modified":"2025-02-27T11:29:57","modified_gmt":"2025-02-27T14:29:57","slug":"casa-pueblo-impulsa-una-colecta-de-utiles-escolares","status":"publish","type":"post","link":"https:\/\/cdnoticias.com\/index.php\/2025\/02\/27\/casa-pueblo-impulsa-una-colecta-de-utiles-escolares\/","title":{"rendered":"Casa Pueblo impulsa una colecta de \u00fatiles escolares"},"content":{"rendered":"\n<p>El espacio de acompa\u00f1amiento comunitario anunci\u00f3 la campa\u00f1a solidaria. Las donaciones son recibidas en Merlo 3898.<\/p>\n\n\n\n<hr class=\"wp-block-separator has-alpha-channel-opacity\"\/>\n\n\n\n<p>La casa de acompa\u00f1amiento comunitario invita a la comunidad a sumarse a la<strong> campa\u00f1a solidaria de donaci\u00f3n de \u00fatiles escolares y guardapolvos para estudiantes de diferentes niveles<\/strong>, y de esta manera garantizar que los y las estudiantes cuenten con todo lo necesario para este ciclo escolar.<\/p>\n\n\n\n<p><\/p>\n\n\n\n<p>Desde Casa Pueblo aseguraron con preocupaci\u00f3n que \u201cla crisis econ\u00f3mica que estamos atravesando empieza a agudizarse y sabemos que a quienes m\u00e1s afecta es a los sectores populares y si a eso le sumamos la perspectiva de g\u00e9nero es a\u00fan m\u00e1s fuerte el impacto. <strong>Hace 4 meses empezamos con una olla para los vecinos que se hace todos los jueves y por estos d\u00edas la demanda es de \u00fatiles escolares para los pibes y pibas<\/strong>\u201d.<\/p>\n\n\n\n<p><\/p>\n\n\n\n<p><strong>\u00bfQue\u0301 se recibe?<\/strong><\/p>\n\n\n\n<p><\/p>\n\n\n\n<p>Guardapolvos de escuela y jardi\u0301n<\/p>\n\n\n\n<p><br>Mochilas<\/p>\n\n\n\n<p><br>Cartucheras<\/p>\n\n\n\n<p><br>\u00datiles en general (l\u00e1pices, cuadernos, reglas, crayones, etc.)<\/p>\n\n\n\n<p><br>Calzado e indumentaria de diferentes talles y en buen estado<\/p>\n\n\n\n<p><\/p>\n\n\n\n<p>Las donaciones pueden entregarse en <strong>Merlo 3898, esquina De\u00e1n Funes.<\/strong> Tambi\u00e9n pueden comunicarse al<strong> 2284-725617<\/strong> para coordinar la entrega.<\/p>\n","protected":false},"excerpt":{"rendered":"<p>El espacio de acompa\u00f1amiento comunitario anunci\u00f3 la campa\u00f1a solidaria. Las donaciones son recibidas en Merlo 3898. La casa de acompa\u00f1amiento<\/p>\n","protected":false},"author":5,"featured_media":164518,"comment_status":"closed","ping_status":"closed","sticky":false,"template":"","format":"standard","meta":{"_jetpack_memberships_contains_paid_content":false,"footnotes":""},"categories":[5,1],"tags":[],"class_list":["post-165114","post","type-post","status-publish","format-standard","has-post-thumbnail","hentry","category-informacion-general","category-portada"],"jetpack_featured_media_url":"https:\/\/i0.wp.com\/cdnoticias.com\/wp-content\/uploads\/2025\/02\/canasta-escolar-utiles-libreria-00.jpg?fit=1000%2C556&ssl=1","jetpack_sharing_enabled":true,"_links":{"self":[{"href":"https:\/\/cdnoticias.com\/index.php\/wp-json\/wp\/v2\/posts\/165114","targetHints":{"allow":["GET"]}}],"collection":[{"href":"https:\/\/cdnoticias.com\/index.php\/wp-json\/wp\/v2\/posts"}],"about":[{"href":"https:\/\/cdnoticias.com\/index.php\/wp-json\/wp\/v2\/types\/post"}],"author":[{"embeddable":true,"href":"https:\/\/cdnoticias.com\/index.php\/wp-json\/wp\/v2\/users\/5"}],"replies":[{"embeddable":true,"href":"https:\/\/cdnoticias.com\/index.php\/wp-json\/wp\/v2\/comments?post=165114"}],"version-history":[{"count":0,"href":"https:\/\/cdnoticias.com\/index.php\/wp-json\/wp\/v2\/posts\/165114\/revisions"}],"wp:featuredmedia":[{"embeddable":true,"href":"https:\/\/cdnoticias.com\/index.php\/wp-json\/wp\/v2\/media\/164518"}],"wp:attachment":[{"href":"https:\/\/cdnoticias.com\/index.php\/wp-json\/wp\/v2\/media?parent=165114"}],"wp:term":[{"taxonomy":"category","embeddable":true,"href":"https:\/\/cdnoticias.com\/index.php\/wp-json\/wp\/v2\/categories?post=165114"},{"taxonomy":"post_tag","embeddable":true,"href":"https:\/\/cdnoticias.com\/index.php\/wp-json\/wp\/v2\/tags?post=165114"}],"curies":[{"name":"wp","href":"https:\/\/api.w.org\/{rel}","templated":true}]}}