{"id":165045,"date":"2025-02-24T09:30:02","date_gmt":"2025-02-24T12:30:02","guid":{"rendered":"https:\/\/cdnoticias.com\/?p=165045"},"modified":"2025-02-24T12:15:02","modified_gmt":"2025-02-24T15:15:02","slug":"wesner-estamos-en-la-calle-con-todos-los-funcionarios-trabajadores-municipales-e-instituciones","status":"publish","type":"post","link":"https:\/\/cdnoticias.com\/index.php\/2025\/02\/24\/wesner-estamos-en-la-calle-con-todos-los-funcionarios-trabajadores-municipales-e-instituciones\/","title":{"rendered":"Wesner: \u201cEstamos en la calle con todos los funcionarios, trabajadores municipales, e instituciones\u201d"},"content":{"rendered":"\n<p>El Intendente Municipal hizo referencia a los temporales que azotaron la ciudad durante el domingo: hubo 6 familias evacuadas en barrio Los Sauces. Un repaso por los da\u00f1os y los trabajos de la comuna.<\/p>\n\n\n\n<hr class=\"wp-block-separator aligncenter has-alpha-channel-opacity\"\/>\n\n\n\n<p>Este lunes, <strong>horas despu\u00e9s de los temporales que azotaron a la ciudad y las localidades, el intendente Maximiliano Wesner hizo referencia a lo sucedido, a las familias evacuadas y los importantes da\u00f1os materiales<\/strong>. Afortunadamente no hubo personas heridas, pero los trabajos contin\u00faan hasta estas horas.<\/p>\n\n\n\n<p>En di\u00e1logo con el equipo de<strong> Levantate por FM Sapiens<\/strong>, el jefe comunal dijo qu<em>e \u201cpareciera que no nos da tregua el clima y nos hace trabajar en la emergencia de manera constante\u201d.<\/em><\/p>\n\n\n\n<p>Detall\u00f3 que el primer temporal, el m\u00e1s fuerte de los dos, fue \u201csectorizado\u201d<em><strong>: \u201cse desataron fuertes r\u00e1fagas de viento que afectaron algunas viviendas del Barrio CECO, del Nicol\u00e1s Avellaneda, Villa Mail\u00edn y Provincias Unidas. Fue como una l\u00ednea digamos\u201d<\/strong><\/em>. Posteriormente, alrededor de las 17:00 horas del domingo<em> &#8220;se vieron afectadas algunas viviendas y<strong> fueron afectados vecinos de Villa Aurora, Los Sauces y AOMA.<\/strong> Hubo ca\u00edda de algunos \u00e1rboles encima de los techos de las casas, la ca\u00edda de postes de tendido el\u00e9ctrico por ello estamos sin energ\u00eda el\u00e9ctrica en algunos sectores de la ciudad y del Partido de Olavarr\u00eda porque tenemos la zona de Santa Luisa sin energ\u00eda el\u00e9ctrica\u201d.<\/em><\/p>\n\n\n\n<p>Se\u00f1al\u00f3 que si bien <strong>hubo una importante cantidad de personas asistidas<\/strong>,<em> \u201cen su mayor\u00eda siguen permaneciendo en sus domicilios. Tenemos seis familias evacuadas, familias con ni\u00f1os y ni\u00f1as que pudimos abordarlas y evacuarlas. Son familias de la zona de Los Sauces y pudimos trasladarlas a la Sociedad de Fomento del barrio AOMA, donde reci\u00e9n le acabamos de llevar el desayuno, luego le llevaremos el almuerzo y estamos en permanente contacto con ellos\u201d.<\/em><\/p>\n\n\n\n<figure class=\"wp-block-image size-full\"><img data-recalc-dims=\"1\" loading=\"lazy\" decoding=\"async\" width=\"800\" height=\"445\" src=\"https:\/\/i0.wp.com\/cdnoticias.com\/wp-content\/uploads\/2025\/01\/Wesner-Guevara-Ferreira.jpg?resize=800%2C445&#038;ssl=1\" alt=\"\" class=\"wp-image-134751\" srcset=\"https:\/\/i0.wp.com\/cdnoticias.com\/wp-content\/uploads\/2025\/01\/Wesner-Guevara-Ferreira.jpg?w=800&amp;ssl=1 800w, https:\/\/i0.wp.com\/cdnoticias.com\/wp-content\/uploads\/2025\/01\/Wesner-Guevara-Ferreira.jpg?resize=300%2C167&amp;ssl=1 300w, https:\/\/i0.wp.com\/cdnoticias.com\/wp-content\/uploads\/2025\/01\/Wesner-Guevara-Ferreira.jpg?resize=768%2C427&amp;ssl=1 768w\" sizes=\"auto, (max-width: 800px) 100vw, 800px\" \/><\/figure>\n\n\n\n<p>Entre los da\u00f1os relevados, encontraron<em><strong> \u201crotura de cargas, voladura de techos, ca\u00edda de algunos \u00e1rboles en paredores de medianeras, lo que mayormente fueron voladuras de techos de chapa\u201d.<\/strong><\/em> Hubo casos puntuales como en<em> \u201cPueyrred\u00f3n y La Rioja que tir\u00f3 un tanque de agua y una pared medianera que cay\u00f3 encima del auto de una familia que ten\u00eda estacionado en la entrada de su garaje. En Villa Mail\u00edn tuvimos varios casos relevados y que pudimos asistir de manera conjunta desde el Municipio una articulaci\u00f3n que estamos haciendo con todo el equipo, con todas las \u00e1reas del gabinete\u201d.<\/em><\/p>\n\n\n\n<blockquote class=\"wp-block-quote is-layout-flow wp-block-quote-is-layout-flow\">\n<p>\u201cYa est\u00e1n los chicos desde temprano en la calle, en un trabajo articulado con la Provincia tambi\u00e9n, porque estamos esperando un cami\u00f3n de materiales que hemos solicitado. Bueno, ahora estamos abordando con materiales que tenemos en dep\u00f3sito, m\u00e1s otros que estamos iniciando un proceso de compra pero la alerta contin\u00faa y estamos expectantes y trabajando de manera constante y cercana a la familia\u201d indic\u00f3 Wesner.<\/p>\n<\/blockquote>\n\n\n\n<p>En ese sentido, dijo que <strong>no hubo heridos<\/strong> y que los da\u00f1os <em>\u201cpor ahora son netamente materiales: adem\u00e1s todo eso ocasiona que se mojen los colchones, bolsones de pa\u00f1ales mojados. Y estamos desde la Subsecretar\u00eda de Desarrollo Social a la Familia con colchones, con bidones de agua, con frazadas, velas y pa\u00f1ales\u201d.<\/em><\/p>\n\n\n\n<p>Indic\u00f3<strong> por ahora que no fue suspendida la firma de escrituras del mediod\u00eda <\/strong>(s\u00ed se suspendi\u00f3 el Quir\u00f3fano Veterinario M\u00f3vil)<em> \u201cpero estamos expectantes de lo que ocurra con el clima\u201d.<\/em><\/p>\n\n\n\n<blockquote class=\"wp-block-quote is-layout-flow wp-block-quote-is-layout-flow\">\n<p>\u201cEstamos en la calle con todos los funcionarios, con trabajadores municipales, con algunas instituciones que se han sumado y que han sido muy colaborativas para el caso nuevamente\u201d. Record\u00f3 los temporales de diciembre de 2023 \u2013justo al momento de su asunci\u00f3n- \u201cdonde pudimos dar una respuesta contundente y de manera integral y ya estamos en la calle relevando\u201d.<\/p>\n<\/blockquote>\n\n\n\n<p>Expres\u00f3 que, en este sentido,<em> \u201canoche en un momento no se ve\u00eda nada y no se pod\u00eda trabajar en la oscuridad por eso se evacuaron seis familias, algunos decidieron quedarse en sus casas por el cuidado de sus pertenencias as\u00ed que ahora ya est\u00e1 la cuadrilla de guardia urbana en la calle y el equipo de obras p\u00fablicas tambi\u00e9n para poder colaborar con el clavado de chapas con hacer nuevamente las cargas y dem\u00e1s\u201d.<\/em><\/p>\n\n\n\n<p>Para cerrar, dijo que el <strong>147 <em>\u201ces el tel\u00e9fono que mejor recuerdan y la v\u00eda de acceso m\u00e1s r\u00e1pida y m\u00e1s \u00e1gil para con nosotros pero tambi\u00e9n pueden llamar al 100 de Bomberos al 107 del Hospital al 103 de Defensa Civil pero la v\u00eda de conexi\u00f3n m\u00e1s r\u00e1pida con el municipio es el 147\u201d<\/em><\/strong> cerr\u00f3.<\/p>\n","protected":false},"excerpt":{"rendered":"<p>El Intendente Municipal hizo referencia a los temporales que azotaron la ciudad durante el domingo: hubo 6 familias evacuadas en<\/p>\n","protected":false},"author":2,"featured_media":164890,"comment_status":"closed","ping_status":"closed","sticky":false,"template":"","format":"standard","meta":{"_jetpack_memberships_contains_paid_content":false,"footnotes":""},"categories":[5,1],"tags":[],"class_list":["post-165045","post","type-post","status-publish","format-standard","has-post-thumbnail","hentry","category-informacion-general","category-portada"],"jetpack_featured_media_url":"https:\/\/i0.wp.com\/cdnoticias.com\/wp-content\/uploads\/2025\/02\/tormenta-danos-wesner-sociedad-de-fomento-villa-mailin.jpg?fit=1000%2C556&ssl=1","jetpack_sharing_enabled":true,"_links":{"self":[{"href":"https:\/\/cdnoticias.com\/index.php\/wp-json\/wp\/v2\/posts\/165045","targetHints":{"allow":["GET"]}}],"collection":[{"href":"https:\/\/cdnoticias.com\/index.php\/wp-json\/wp\/v2\/posts"}],"about":[{"href":"https:\/\/cdnoticias.com\/index.php\/wp-json\/wp\/v2\/types\/post"}],"author":[{"embeddable":true,"href":"https:\/\/cdnoticias.com\/index.php\/wp-json\/wp\/v2\/users\/2"}],"replies":[{"embeddable":true,"href":"https:\/\/cdnoticias.com\/index.php\/wp-json\/wp\/v2\/comments?post=165045"}],"version-history":[{"count":0,"href":"https:\/\/cdnoticias.com\/index.php\/wp-json\/wp\/v2\/posts\/165045\/revisions"}],"wp:featuredmedia":[{"embeddable":true,"href":"https:\/\/cdnoticias.com\/index.php\/wp-json\/wp\/v2\/media\/164890"}],"wp:attachment":[{"href":"https:\/\/cdnoticias.com\/index.php\/wp-json\/wp\/v2\/media?parent=165045"}],"wp:term":[{"taxonomy":"category","embeddable":true,"href":"https:\/\/cdnoticias.com\/index.php\/wp-json\/wp\/v2\/categories?post=165045"},{"taxonomy":"post_tag","embeddable":true,"href":"https:\/\/cdnoticias.com\/index.php\/wp-json\/wp\/v2\/tags?post=165045"}],"curies":[{"name":"wp","href":"https:\/\/api.w.org\/{rel}","templated":true}]}}