{"id":164923,"date":"2025-02-23T19:13:22","date_gmt":"2025-02-23T22:13:22","guid":{"rendered":"https:\/\/cdnoticias.com\/?p=164923"},"modified":"2025-02-24T08:44:44","modified_gmt":"2025-02-24T11:44:44","slug":"un-segundo-temporal-genero-destrozos-en-villa-aurora-los-sauces-y-aoma","status":"publish","type":"post","link":"https:\/\/cdnoticias.com\/index.php\/2025\/02\/23\/un-segundo-temporal-genero-destrozos-en-villa-aurora-los-sauces-y-aoma\/","title":{"rendered":"Un segundo temporal gener\u00f3 destrozos en Villa Aurora, Los Sauces y AOMA"},"content":{"rendered":"\n<p>Fue en la tarde de este domingo. Defensa Civil, Bomberos y el Municipio, entre otras fuerzas, trabajan en la zona con los damnificados. C\u00f3mo contactarse por reclamos o pedidos de ayuda.<\/p>\n\n\n\n<hr class=\"wp-block-separator aligncenter has-alpha-channel-opacity\"\/>\n\n\n\n<p>En la tarde de este domingo,<strong> un segundo temporal de lluvia y viento gener\u00f3 nuevos destrozos y damnificados en tres barrios de la ciudad: en este caso, los hechos sucedieron en la zona de Villa Aurora, Los Sauces y AOMA.<\/strong><\/p>\n\n\n\n<p>Las fuertes lluvias y vientos generaron<strong> voladuras de techos, postes de luz y \u00e1rboles en toda esa zona.<\/strong> Central de Noticias logr\u00f3 saber, adem\u00e1s, <strong>varios \u00e1rboles ca\u00eddos en la localidad de Loma Negra y los relevamientos contin\u00faan.<\/strong><\/p>\n\n\n\n<figure class=\"wp-block-image size-large\"><img data-recalc-dims=\"1\" loading=\"lazy\" decoding=\"async\" width=\"800\" height=\"450\" src=\"https:\/\/i0.wp.com\/cdnoticias.com\/wp-content\/uploads\/2025\/02\/WhatsApp-Image-2025-02-23-at-19.04.08.jpeg?resize=800%2C450&#038;ssl=1\" alt=\"\" class=\"wp-image-164924\" srcset=\"https:\/\/i0.wp.com\/cdnoticias.com\/wp-content\/uploads\/2025\/02\/WhatsApp-Image-2025-02-23-at-19.04.08.jpeg?resize=1024%2C576&amp;ssl=1 1024w, https:\/\/i0.wp.com\/cdnoticias.com\/wp-content\/uploads\/2025\/02\/WhatsApp-Image-2025-02-23-at-19.04.08.jpeg?resize=300%2C169&amp;ssl=1 300w, https:\/\/i0.wp.com\/cdnoticias.com\/wp-content\/uploads\/2025\/02\/WhatsApp-Image-2025-02-23-at-19.04.08.jpeg?resize=768%2C432&amp;ssl=1 768w, https:\/\/i0.wp.com\/cdnoticias.com\/wp-content\/uploads\/2025\/02\/WhatsApp-Image-2025-02-23-at-19.04.08.jpeg?resize=1536%2C864&amp;ssl=1 1536w, https:\/\/i0.wp.com\/cdnoticias.com\/wp-content\/uploads\/2025\/02\/WhatsApp-Image-2025-02-23-at-19.04.08.jpeg?w=1600&amp;ssl=1 1600w\" sizes=\"auto, (max-width: 800px) 100vw, 800px\" \/><\/figure>\n\n\n\n<p>Personal policial, de Bomberos Voluntarios, de Defensa Civil y el Municipio contin\u00faan trabajando no s\u00f3lo en la limpieza de lugares, arreglo de cableados y da\u00f1os en los servicios p\u00fablicos, <strong>sino tambi\u00e9n en relevamiento de da\u00f1os y acompa\u00f1amiento a las familias damnificadas.<\/strong><\/p>\n\n\n\n<p>Por cualquier eventualidad<strong>, se pide tener presente y a disposici\u00f3n los siguientes n\u00fameros:<\/strong><\/p>\n\n\n\n<p>911 Polic\u00eda<\/p>\n\n\n\n<p>100 Bomberos<\/p>\n\n\n\n<p>107 Emergencias Medicas<\/p>\n\n\n\n<p>2284544817 VER (WhatsApp mensajes texto, voz, imagen, video)<\/p>\n\n\n\n<p>419016\/017 Centro de Monitoreo.<\/p>\n","protected":false},"excerpt":{"rendered":"<p>Fue en la tarde de este domingo. Defensa Civil, Bomberos y el Municipio, entre otras fuerzas, trabajan en la zona<\/p>\n","protected":false},"author":2,"featured_media":164925,"comment_status":"closed","ping_status":"closed","sticky":false,"template":"","format":"standard","meta":{"_jetpack_memberships_contains_paid_content":false,"footnotes":""},"categories":[5,1],"tags":[],"class_list":["post-164923","post","type-post","status-publish","format-standard","has-post-thumbnail","hentry","category-informacion-general","category-portada"],"jetpack_featured_media_url":"https:\/\/i0.wp.com\/cdnoticias.com\/wp-content\/uploads\/2025\/02\/WhatsApp-Image-2025-02-23-at-19.04.00.jpeg?fit=1600%2C1200&ssl=1","jetpack_sharing_enabled":true,"_links":{"self":[{"href":"https:\/\/cdnoticias.com\/index.php\/wp-json\/wp\/v2\/posts\/164923","targetHints":{"allow":["GET"]}}],"collection":[{"href":"https:\/\/cdnoticias.com\/index.php\/wp-json\/wp\/v2\/posts"}],"about":[{"href":"https:\/\/cdnoticias.com\/index.php\/wp-json\/wp\/v2\/types\/post"}],"author":[{"embeddable":true,"href":"https:\/\/cdnoticias.com\/index.php\/wp-json\/wp\/v2\/users\/2"}],"replies":[{"embeddable":true,"href":"https:\/\/cdnoticias.com\/index.php\/wp-json\/wp\/v2\/comments?post=164923"}],"version-history":[{"count":0,"href":"https:\/\/cdnoticias.com\/index.php\/wp-json\/wp\/v2\/posts\/164923\/revisions"}],"wp:featuredmedia":[{"embeddable":true,"href":"https:\/\/cdnoticias.com\/index.php\/wp-json\/wp\/v2\/media\/164925"}],"wp:attachment":[{"href":"https:\/\/cdnoticias.com\/index.php\/wp-json\/wp\/v2\/media?parent=164923"}],"wp:term":[{"taxonomy":"category","embeddable":true,"href":"https:\/\/cdnoticias.com\/index.php\/wp-json\/wp\/v2\/categories?post=164923"},{"taxonomy":"post_tag","embeddable":true,"href":"https:\/\/cdnoticias.com\/index.php\/wp-json\/wp\/v2\/tags?post=164923"}],"curies":[{"name":"wp","href":"https:\/\/api.w.org\/{rel}","templated":true}]}}