{"id":164911,"date":"2025-02-24T10:19:38","date_gmt":"2025-02-24T13:19:38","guid":{"rendered":"https:\/\/cdnoticias.com\/?p=164911"},"modified":"2025-02-24T10:19:42","modified_gmt":"2025-02-24T13:19:42","slug":"comienza-una-campana-de-salud-cardiovascular-en-sierra-chica-este-lunes","status":"publish","type":"post","link":"https:\/\/cdnoticias.com\/index.php\/2025\/02\/24\/comienza-una-campana-de-salud-cardiovascular-en-sierra-chica-este-lunes\/","title":{"rendered":"Comienza una campa\u00f1a de salud cardiovascular en Sierra Chica este lunes"},"content":{"rendered":"<p>La iniciativa tendr\u00e1 lugar en el CAPS N\u00b0 4 del lunes al jueves de 8 a 12 horas, previa reserva de turnos.<!--more--><\/p>\n<hr \/>\n<p>El Municipio, a trav\u00e9s de la <strong>subsecretar\u00eda de Atenci\u00f3n Primaria de la Salud, en conjunto con la Delegaci\u00f3n de Sierra Chica<\/strong>, llevar\u00e1 adelante una <strong>campa\u00f1a de prevenci\u00f3n y promoci\u00f3n de la salud cardiovascular<\/strong>, con sede en dicha localidad.<\/p>\n<blockquote><p>La iniciativa tendr\u00e1 lugar en el CAPS N\u00b0 4, los d\u00edas lunes 24\/02, martes 25\/02 y jueves 27\/02, en el horario de 8 a 12 horas, previa reserva de turnos.<\/p><\/blockquote>\n<p>Por un lado, la campa\u00f1a comprende <strong>charlas informativas sobre dieta saludable, actividad f\u00edsica y consumo de tabaco<\/strong>, las cuales se desarrollar\u00e1n en la sala de espera del CAPS durante los d\u00edas del transcurso de campa\u00f1a, las cuales estar\u00e1n a cargo de residentes de la Facultad de Ciencias de la Salud (UNICEN).<\/p>\n<p>Por otro lado, se llevar\u00e1n a cabo <strong>controles como ECG, \u00f3rdenes de realizaci\u00f3n de an\u00e1lisis de laboratorio<\/strong>, etc. Esto \u00faltimo ser\u00e1 coordinado por el Dr. Facundo Zurita con el acompa\u00f1amiento de residentes.<\/p>\n<p>Para ello, las personas interesadas <strong>deber\u00e1n solicitar turno al cel. 2284-536661<\/strong> (s\u00f3lo llamadas) a partir de las 8:00 horas.<\/p>\n","protected":false},"excerpt":{"rendered":"<p>La iniciativa tendr\u00e1 lugar en el CAPS N\u00b0 4 del lunes al jueves de 8 a 12 horas, previa reserva<\/p>\n","protected":false},"author":4,"featured_media":29891,"comment_status":"closed","ping_status":"closed","sticky":false,"template":"","format":"standard","meta":{"_jetpack_memberships_contains_paid_content":false,"footnotes":""},"categories":[5,1],"tags":[],"class_list":["post-164911","post","type-post","status-publish","format-standard","has-post-thumbnail","hentry","category-informacion-general","category-portada"],"jetpack_featured_media_url":"https:\/\/i0.wp.com\/cdnoticias.com\/wp-content\/uploads\/2021\/08\/sierra-chica-00.jpg?fit=800%2C445&ssl=1","jetpack_sharing_enabled":true,"_links":{"self":[{"href":"https:\/\/cdnoticias.com\/index.php\/wp-json\/wp\/v2\/posts\/164911","targetHints":{"allow":["GET"]}}],"collection":[{"href":"https:\/\/cdnoticias.com\/index.php\/wp-json\/wp\/v2\/posts"}],"about":[{"href":"https:\/\/cdnoticias.com\/index.php\/wp-json\/wp\/v2\/types\/post"}],"author":[{"embeddable":true,"href":"https:\/\/cdnoticias.com\/index.php\/wp-json\/wp\/v2\/users\/4"}],"replies":[{"embeddable":true,"href":"https:\/\/cdnoticias.com\/index.php\/wp-json\/wp\/v2\/comments?post=164911"}],"version-history":[{"count":0,"href":"https:\/\/cdnoticias.com\/index.php\/wp-json\/wp\/v2\/posts\/164911\/revisions"}],"wp:featuredmedia":[{"embeddable":true,"href":"https:\/\/cdnoticias.com\/index.php\/wp-json\/wp\/v2\/media\/29891"}],"wp:attachment":[{"href":"https:\/\/cdnoticias.com\/index.php\/wp-json\/wp\/v2\/media?parent=164911"}],"wp:term":[{"taxonomy":"category","embeddable":true,"href":"https:\/\/cdnoticias.com\/index.php\/wp-json\/wp\/v2\/categories?post=164911"},{"taxonomy":"post_tag","embeddable":true,"href":"https:\/\/cdnoticias.com\/index.php\/wp-json\/wp\/v2\/tags?post=164911"}],"curies":[{"name":"wp","href":"https:\/\/api.w.org\/{rel}","templated":true}]}}