{"id":164909,"date":"2025-02-24T08:23:52","date_gmt":"2025-02-24T11:23:52","guid":{"rendered":"https:\/\/cdnoticias.com\/?p=164909"},"modified":"2025-02-24T09:10:44","modified_gmt":"2025-02-24T12:10:44","slug":"este-lunes-se-llevara-a-cabo-un-nuevo-acto-de-firma-de-escrituras-sociales","status":"publish","type":"post","link":"https:\/\/cdnoticias.com\/index.php\/2025\/02\/24\/este-lunes-se-llevara-a-cabo-un-nuevo-acto-de-firma-de-escrituras-sociales\/","title":{"rendered":"Este lunes se llevar\u00e1 a cabo un nuevo acto de firma de escrituras sociales"},"content":{"rendered":"<p>Ser\u00e1 a partir de las 12:30 horas, en el Sal\u00f3n Rivadavia. Detalle de las personas citadas.<!--more--><\/p>\n<hr \/>\n<p>La <strong>Municipalidad de Olavarr\u00eda<\/strong>, junto a Escriban\u00eda General de Gobierno y el Instituto de la Vivienda de la Provincia de Buenos Aires, contin\u00faan trabajando para que m\u00e1s familias firmen la escritura de su vivienda.\u00a0<a href=\"https:\/\/cdnoticias.com\/index.php\/2025\/02\/19\/en-un-acto-en-el-salon-rivadavia-se-firmaran-132-escrituras-sociales\/\" target=\"_blank\" rel=\"noopener\">Tal como se hab\u00eda informado<\/a>, <strong>este lunes 24 de febrero se llevar\u00e1 a cabo un nuevo acto de firma de escrituras<\/strong> a las 12.30 horas en el Sal\u00f3n Rivadavia, Rivadavia N\u00b0 2871.<\/p>\n<p>Se espera la <strong>presencia del intendente Maximiliano Wesner<\/strong>, la jefa de Gabinete Mercedes Land\u00edvar, el director de Casa de Tierras y Regularizaci\u00f3n Dominial Juan S\u00e1nchez, funcionarios provinciales de la Escriban\u00eda General de Gobierno, Funcionarios del gabinete municipal y concejales.<\/p>\n<p>En esta oportunidad <strong>se firmar\u00e1n 132 escrituras<\/strong>, de las cuales 70 corresponden a la Ley 10.830 y 62 a la operatoria del Instituto de la Vivienda.<\/p>\n<p>Desde la <strong>Direcci\u00f3n de Casa de Tierras y Regularizaci\u00f3n Dominial<\/strong>, se informa que las <strong>personas citadas<\/strong> en el listado que se adjunta, deber\u00e1n concurrir con media hora de antelaci\u00f3n para su acreditaci\u00f3n, siendo importante en esta oportunidad presentarse con:<\/p>\n<p>\u2013 DNI original y fotocopia.<\/p>\n<p>\u2013 Constancias de CUIL o CUIT.<\/p>\n<p>\u2013 En caso de estar divorciados copia simple de la sentencia de divorcio.<\/p>\n<p>\u2013 En caso de presentarse en car\u00e1cter de apoderado\/a deber\u00e1 presentar el poder original.<\/p>\n<h3>TITULARES<\/h3>\n<p>Acevedo, Natalia Soledad \u2013 Marchionni, Enrique Javier \/\/ Acosta, Rogelio Anibal \u2013 Rodriguez Kain, Natalia \/\/ Amundarain, Ver\u00f3nica Andrea \u2013 Pereiro, V\u00edctor Manuel \/\/ Ancel, Silvina Soledad \u2013 Diez Salguero, Franco Dami\u00e1n \/\/ Antista, Mar\u00eda Laura \u2013 Manzanos, David Rafael \/\/ Azuaga, Mar\u00eda de la Paz \u2013 Trebucq, Ignacio Jos\u00e9 \/\/ Barrag\u00e1n, Marcos \u2013 Vallejo, Miguel \u00c1ngel \u2013 Wesner, Mariana Soledad \/\/ Blasina, Mariano Emilio \u2013 Pellejero, Carlos Horacio \u2013 Pellejero, Estela Patricia \/\/ Cahp, Carlos Oscar \/\/ Cervino, Romina Soledad \/\/ De Prado, Hugo Nicol\u00e1s \u2013 Oliva, Sof\u00eda Micaela \/\/ Di Matteo, M\u00f3nica Daniela \/\/ Errobidart, Dora Adela \u2013 Takieldin, Gabriela Andrea \/\/ Galan, Marcelo Alberto \/\/ G\u00f3mez, Mat\u00edas Javier \u2013 Nahuelquir, Gloria Florentina \/\/ Grisolia, Valeria Alejandra \u2013 Landaburu, Jorge Leonardo \/\/ Herlein, Gast\u00f3n Martin \u2013 Larregina, Daniela Gisela Elizabeth \/\/ Jara, Pablo Sebasti\u00e1n \u2013 Vallejos Paso, Mar\u00eda Mercedes \/\/ Kolarz, Carlos Jos\u00e9 \/\/ Kolman, Silvia Marina \/\/ Larraz, Barbara \u2013 Steinbach, Rosa Estela \u2013 Waimann, Juli\u00e1n \/\/ Le\u00f3n, Joaqu\u00edn Niyen \u2013 Pasquini, Adolfo Antonio \/\/ Loza Bustos, Giovana Elizabeth \u2013 Dume, Abraham Jes\u00fas \/\/ Maletti, Mariano Ricardo \u2013 Vicente, Mar\u00eda Eugenia \/\/ Martinefsky, Gabriel Emilio \u2013 Menon, Elina \/\/ Mart\u00ednez, Andrea Soledad \/\/ Mayorano, Jaquelina Susana \u2013 Mc Donald, Jorge Marcelo \/\/ Miglierina, Ivana Andrea \/\/ Montero, Emiliano Jes\u00fas Esteban \u2013 Montero, Rito \/\/ Nuestro Hogar Asociaci\u00f3n Civil \/\/ Osamiz, Paola Alejandra \u2013 L\u00f3pez, Cristian Alejandro \/\/ Paz, Mar\u00eda Laura \/\/ Pereyra, Marisol Lujan \/\/ Ponce, B\u00e1rbara Isabel \u2013 Toledo, Hugo Ezequiel \/\/ Revainera, Ceferino Daniel \u2013 Trancho, Carolina Alejandra \/\/ Rodr\u00edguez, \u00c1ngel Gabriel \u2013 Verna, Lucrecia Noemi \/\/ Sancin, Erica Itati \/\/ Seitz, Norma Anal\u00eda \/\/ Schmal, Eduardo Mauricio \/\/ Silva, Demetrio Emilio \/\/ Sosa, Roberto Jos\u00e9 \u2013 Leal, Carmen Alejandra \/\/ Sotelo, Alfredo Ram\u00f3n \/\/ Suhurt, Tamara \/\/ Valencia, Ra\u00fal Octavio \u2013 Villarroel, Daniela Marieta \/\/ Volonte, Gustavo Fernando \/\/ Z\u00fcrcher, Erich Konrad.<\/p>\n<p>Se informa a toda aquella persona que cuenta con un tr\u00e1mite de escrituraci\u00f3n social iniciado en la mencionada Direcci\u00f3n, que no est\u00e1 citada en esta oportunidad por Escriban\u00eda General de Gobierno, que todos los expedientes contin\u00faan su curso y pr\u00f3ximamente ser\u00e1n convocados.<\/p>\n<h3>M\u00e1s informaci\u00f3n<\/h3>\n<p>Para consultas dirigirse a la Direcci\u00f3n de Casa de Tierras y Regularizaci\u00f3n Dominial, Rivadavia N\u00b0 2861, o comunicarse al Tel 440442 int, 1750-1753 de lunes a viernes de 7.00 a 13.00 horas.<\/p>\n","protected":false},"excerpt":{"rendered":"<p>Ser\u00e1 a partir de las 12:30 horas, en el Sal\u00f3n Rivadavia. Detalle de las personas citadas.<\/p>\n","protected":false},"author":4,"featured_media":104844,"comment_status":"closed","ping_status":"closed","sticky":false,"template":"","format":"standard","meta":{"_jetpack_memberships_contains_paid_content":false,"footnotes":""},"categories":[5,1],"tags":[],"class_list":["post-164909","post","type-post","status-publish","format-standard","has-post-thumbnail","hentry","category-informacion-general","category-portada"],"jetpack_featured_media_url":"https:\/\/i0.wp.com\/cdnoticias.com\/wp-content\/uploads\/2023\/12\/escrituras-03.jpg?fit=800%2C450&ssl=1","jetpack_sharing_enabled":true,"_links":{"self":[{"href":"https:\/\/cdnoticias.com\/index.php\/wp-json\/wp\/v2\/posts\/164909","targetHints":{"allow":["GET"]}}],"collection":[{"href":"https:\/\/cdnoticias.com\/index.php\/wp-json\/wp\/v2\/posts"}],"about":[{"href":"https:\/\/cdnoticias.com\/index.php\/wp-json\/wp\/v2\/types\/post"}],"author":[{"embeddable":true,"href":"https:\/\/cdnoticias.com\/index.php\/wp-json\/wp\/v2\/users\/4"}],"replies":[{"embeddable":true,"href":"https:\/\/cdnoticias.com\/index.php\/wp-json\/wp\/v2\/comments?post=164909"}],"version-history":[{"count":0,"href":"https:\/\/cdnoticias.com\/index.php\/wp-json\/wp\/v2\/posts\/164909\/revisions"}],"wp:featuredmedia":[{"embeddable":true,"href":"https:\/\/cdnoticias.com\/index.php\/wp-json\/wp\/v2\/media\/104844"}],"wp:attachment":[{"href":"https:\/\/cdnoticias.com\/index.php\/wp-json\/wp\/v2\/media?parent=164909"}],"wp:term":[{"taxonomy":"category","embeddable":true,"href":"https:\/\/cdnoticias.com\/index.php\/wp-json\/wp\/v2\/categories?post=164909"},{"taxonomy":"post_tag","embeddable":true,"href":"https:\/\/cdnoticias.com\/index.php\/wp-json\/wp\/v2\/tags?post=164909"}],"curies":[{"name":"wp","href":"https:\/\/api.w.org\/{rel}","templated":true}]}}