{"id":164901,"date":"2025-02-23T12:32:32","date_gmt":"2025-02-23T15:32:32","guid":{"rendered":"https:\/\/cdnoticias.com\/?p=164901"},"modified":"2025-02-23T17:09:57","modified_gmt":"2025-02-23T20:09:57","slug":"el-viento-alcanzo-a-55-km-h-con-la-tormenta-de-la-madrugada-del-domingo","status":"publish","type":"post","link":"https:\/\/cdnoticias.com\/index.php\/2025\/02\/23\/el-viento-alcanzo-a-55-km-h-con-la-tormenta-de-la-madrugada-del-domingo\/","title":{"rendered":"El viento alcanz\u00f3 a 55 km\/h con la tormenta de la madrugada del domingo"},"content":{"rendered":"<p>Es la informaci\u00f3n aportada por la Unidad Meteorol\u00f3gica de Olavarr\u00eda que registr\u00f3 casi 12 mm de agua ca\u00edda.<!--more--><\/p>\n<hr \/>\n<p>La <strong>Unidad Meteorol\u00f3gica de Olavarr\u00eda<\/strong> dio a conocer los<strong> registros del tiempo con la tormenta<\/strong> de la madrugada de este domingo.<\/p>\n<p>Cabe se\u00f1alar que <strong>el reporte se emiti\u00f3 p\u00fablicamente reci\u00e9n a las 12<\/strong> puesto que el sector del aer\u00f3dromo, donde se ubica la Unidad, estuvo sin suministro el\u00e9ctrico hasta ese horario.<\/p>\n<blockquote><p>Desde Defensa Civil municipal se inform\u00f3 a <strong>Central de Noticias<\/strong> que la lluvia ca\u00edda fue de 11.9 mm mientras que la r\u00e1faga m\u00e1s fuerte de viento alcanz\u00f3 a 55 km\/h.<\/p><\/blockquote>\n<p>El registro de las 12 horas indica que la temperatura es de 25.2\u00b0C y la humedad es de 72%. El viento sopla del norte a 23 km\/hr. El cielo se mantiene nublado con visibilidad total, a 15 km. La temperatura m\u00ednima fue de 19.9\u00b0C y se marc\u00f3 a las 7:10 de este domingo.<\/p>\n<p>Cabe destacar que persiste <strong>el pron\u00f3stico de tormenta para toda la jornada y tambi\u00e9n para el lunes<\/strong> con la emisi\u00f3n de <strong>alerta meteorol\u00f3gico de nivel amarillo<\/strong>. En ese sentido, <a href=\"https:\/\/cdnoticias.com\/index.php\/2025\/02\/23\/el-municipio-reitero-las-recomendaciones-ante-el-alerta-por-tormenta\/\" target=\"_blank\" rel=\"noopener\">desde la Municipalidad se subray\u00f3 la importancia de mantener las medidas de prevenci\u00f3n<\/a>.<\/p>\n","protected":false},"excerpt":{"rendered":"<p>Es la informaci\u00f3n aportada por la Unidad Meteorol\u00f3gica de Olavarr\u00eda que registr\u00f3 casi 12 mm de agua ca\u00edda.<\/p>\n","protected":false},"author":4,"featured_media":164903,"comment_status":"closed","ping_status":"closed","sticky":false,"template":"","format":"standard","meta":{"_jetpack_memberships_contains_paid_content":false,"footnotes":""},"categories":[5,1],"tags":[],"class_list":["post-164901","post","type-post","status-publish","format-standard","has-post-thumbnail","hentry","category-informacion-general","category-portada"],"jetpack_featured_media_url":"https:\/\/i0.wp.com\/cdnoticias.com\/wp-content\/uploads\/2025\/02\/tormenta-parque-eva-peron-00.jpg?fit=1000%2C556&ssl=1","jetpack_sharing_enabled":true,"_links":{"self":[{"href":"https:\/\/cdnoticias.com\/index.php\/wp-json\/wp\/v2\/posts\/164901","targetHints":{"allow":["GET"]}}],"collection":[{"href":"https:\/\/cdnoticias.com\/index.php\/wp-json\/wp\/v2\/posts"}],"about":[{"href":"https:\/\/cdnoticias.com\/index.php\/wp-json\/wp\/v2\/types\/post"}],"author":[{"embeddable":true,"href":"https:\/\/cdnoticias.com\/index.php\/wp-json\/wp\/v2\/users\/4"}],"replies":[{"embeddable":true,"href":"https:\/\/cdnoticias.com\/index.php\/wp-json\/wp\/v2\/comments?post=164901"}],"version-history":[{"count":0,"href":"https:\/\/cdnoticias.com\/index.php\/wp-json\/wp\/v2\/posts\/164901\/revisions"}],"wp:featuredmedia":[{"embeddable":true,"href":"https:\/\/cdnoticias.com\/index.php\/wp-json\/wp\/v2\/media\/164903"}],"wp:attachment":[{"href":"https:\/\/cdnoticias.com\/index.php\/wp-json\/wp\/v2\/media?parent=164901"}],"wp:term":[{"taxonomy":"category","embeddable":true,"href":"https:\/\/cdnoticias.com\/index.php\/wp-json\/wp\/v2\/categories?post=164901"},{"taxonomy":"post_tag","embeddable":true,"href":"https:\/\/cdnoticias.com\/index.php\/wp-json\/wp\/v2\/tags?post=164901"}],"curies":[{"name":"wp","href":"https:\/\/api.w.org\/{rel}","templated":true}]}}