{"id":164865,"date":"2025-02-22T20:52:55","date_gmt":"2025-02-22T23:52:55","guid":{"rendered":"https:\/\/cdnoticias.com\/?p=164865"},"modified":"2025-02-23T10:21:56","modified_gmt":"2025-02-23T13:21:56","slug":"tras-superar-los-41o-de-sensacion-termica-alerta-por-tormenta-hasta-el-lunes","status":"publish","type":"post","link":"https:\/\/cdnoticias.com\/index.php\/2025\/02\/22\/tras-superar-los-41o-de-sensacion-termica-alerta-por-tormenta-hasta-el-lunes\/","title":{"rendered":"Tras superar los 41\u00ba de sensaci\u00f3n t\u00e9rmica, alerta por tormenta hasta el lunes"},"content":{"rendered":"<p>El s\u00e1bado fue sofocante en Olavarr\u00eda. El SMN emiti\u00f3 alerta amarillo: se prev\u00e9n valores de precipitaci\u00f3n acumulada entre 20 y 65 mm.<!--more--><\/p>\n<hr \/>\n<p>El<strong> s\u00e1bado fue sofocante en Olavarr\u00eda<\/strong> con marcas t\u00e9rmicas que llegaron a <strong>36,2\u00ba a las 17<\/strong> aunque <strong>la sensaci\u00f3n t\u00e9rmica fue superior: lleg\u00f3 a los 41,1\u00ba a las 16<\/strong> tal como inform\u00f3 la Unidad Meteorol\u00f3gica local.<\/p>\n<p>\u00a0<\/p>\n<blockquote>\n<p>En tanto, el Servicio Meteorol\u00f3gico Nacional (SMN) indic\u00f3 que para la noche de este s\u00e1bado se esperan tormentas fuertes y se emiti\u00f3 un alerta meteorol\u00f3gico de nivel amarillo por el fen\u00f3meno. La advertencia es continuada hasta el lunes.<\/p>\n<\/blockquote>\n<p>\u00a0<\/p>\n<p>Adem\u00e1s, para <strong>este domingo se espera una baja de la temperatura<\/strong> ya que la m\u00e1xima prevista es de 30\u00ba y se pronostican<strong> tormentas fuertes para toda la jornada<\/strong> con altas probabilidades.<\/p>\n<p>\u00a0<\/p>\n<p>Adem\u00e1s, para el <strong>lunes la m\u00e1xima prevista es de 31\u00ba<\/strong> y continua el anuncio de <strong>tormentas fuertes<\/strong>.<\/p>\n<p>\u00a0<\/p>\n<p><img data-recalc-dims=\"1\" loading=\"lazy\" decoding=\"async\" class=\"size-full wp-image-143944 aligncenter\" src=\"https:\/\/i0.wp.com\/cdnoticias.com\/wp-content\/uploads\/2025\/01\/escuelas-abiertas-en-verano-pileta-la-maxima-calor-02.jpg?resize=800%2C445&#038;ssl=1\" alt=\"\" width=\"800\" height=\"445\" srcset=\"https:\/\/i0.wp.com\/cdnoticias.com\/wp-content\/uploads\/2025\/01\/escuelas-abiertas-en-verano-pileta-la-maxima-calor-02.jpg?w=1000&amp;ssl=1 1000w, https:\/\/i0.wp.com\/cdnoticias.com\/wp-content\/uploads\/2025\/01\/escuelas-abiertas-en-verano-pileta-la-maxima-calor-02.jpg?resize=300%2C167&amp;ssl=1 300w, https:\/\/i0.wp.com\/cdnoticias.com\/wp-content\/uploads\/2025\/01\/escuelas-abiertas-en-verano-pileta-la-maxima-calor-02.jpg?resize=768%2C427&amp;ssl=1 768w, https:\/\/i0.wp.com\/cdnoticias.com\/wp-content\/uploads\/2025\/01\/escuelas-abiertas-en-verano-pileta-la-maxima-calor-02.jpg?resize=800%2C445&amp;ssl=1 800w\" sizes=\"auto, (max-width: 800px) 100vw, 800px\" \/><\/p>\n<p>\u00a0<\/p>\n<blockquote>\n<p>En cuanto al alerta de nivel amarillo el SMN indic\u00f3 para Olavarr\u00eda, Laprida y La Madrid que \u201cel \u00e1rea ser\u00e1 afectada por tormentas aisladas, algunas localmente fuertes. Las mismas pueden estar acompa\u00f1adas por abundante ca\u00edda de agua en cortos per\u00edodos, fuerte actividad el\u00e9ctrica, ocasional granizo y r\u00e1fagas de entre 60 y 80 km\/h. Se prev\u00e9n valores de precipitaci\u00f3n acumulada entre 20 y 65 mm, pudiendo ser superados en forma puntual\u201d.<\/p>\n<\/blockquote>\n<p>\u00a0<\/p>\n<p>El <strong>alerta amarillo comienza en la noche de este s\u00e1bado<\/strong>, se extiende para <strong>toda la jornada del domingo<\/strong> y sigue para la <strong>madrugada del lunes<\/strong> adem\u00e1s de reiterarse para la <strong>tarde del lunes<\/strong>.<\/p>\n<p>\u00a0<\/p>\n<p>En el pron\u00f3stico extendido que emite el SMN tambi\u00e9n <strong>se prev\u00e9n tormentas en Olavarr\u00eda durante el martes y mi\u00e9rcoles<\/strong>.<\/p>\n\n\n<p><\/p>\n","protected":false},"excerpt":{"rendered":"<p>El s\u00e1bado fue sofocante en Olavarr\u00eda. El SMN emiti\u00f3 alerta amarillo: se prev\u00e9n valores de precipitaci\u00f3n acumulada entre 20 y<\/p>\n","protected":false},"author":4,"featured_media":164866,"comment_status":"closed","ping_status":"closed","sticky":false,"template":"","format":"standard","meta":{"_jetpack_memberships_contains_paid_content":false,"footnotes":""},"categories":[5,1],"tags":[],"class_list":["post-164865","post","type-post","status-publish","format-standard","has-post-thumbnail","hentry","category-informacion-general","category-portada"],"jetpack_featured_media_url":"https:\/\/i0.wp.com\/cdnoticias.com\/wp-content\/uploads\/2025\/02\/alerta-tormenta-sabado-domingo-lunes.jpg?fit=1000%2C563&ssl=1","jetpack_sharing_enabled":true,"_links":{"self":[{"href":"https:\/\/cdnoticias.com\/index.php\/wp-json\/wp\/v2\/posts\/164865","targetHints":{"allow":["GET"]}}],"collection":[{"href":"https:\/\/cdnoticias.com\/index.php\/wp-json\/wp\/v2\/posts"}],"about":[{"href":"https:\/\/cdnoticias.com\/index.php\/wp-json\/wp\/v2\/types\/post"}],"author":[{"embeddable":true,"href":"https:\/\/cdnoticias.com\/index.php\/wp-json\/wp\/v2\/users\/4"}],"replies":[{"embeddable":true,"href":"https:\/\/cdnoticias.com\/index.php\/wp-json\/wp\/v2\/comments?post=164865"}],"version-history":[{"count":0,"href":"https:\/\/cdnoticias.com\/index.php\/wp-json\/wp\/v2\/posts\/164865\/revisions"}],"wp:featuredmedia":[{"embeddable":true,"href":"https:\/\/cdnoticias.com\/index.php\/wp-json\/wp\/v2\/media\/164866"}],"wp:attachment":[{"href":"https:\/\/cdnoticias.com\/index.php\/wp-json\/wp\/v2\/media?parent=164865"}],"wp:term":[{"taxonomy":"category","embeddable":true,"href":"https:\/\/cdnoticias.com\/index.php\/wp-json\/wp\/v2\/categories?post=164865"},{"taxonomy":"post_tag","embeddable":true,"href":"https:\/\/cdnoticias.com\/index.php\/wp-json\/wp\/v2\/tags?post=164865"}],"curies":[{"name":"wp","href":"https:\/\/api.w.org\/{rel}","templated":true}]}}