{"id":164759,"date":"2025-02-21T19:25:15","date_gmt":"2025-02-21T22:25:15","guid":{"rendered":"https:\/\/cdnoticias.com\/?p=164759"},"modified":"2025-02-22T09:07:06","modified_gmt":"2025-02-22T12:07:06","slug":"ezequiel-galli-la-gestion-wesner-es-la-estafa-electoral-mas-grande-desde-la-vuelta-de-la-democracia-en-olavarria","status":"publish","type":"post","link":"https:\/\/cdnoticias.com\/index.php\/2025\/02\/21\/ezequiel-galli-la-gestion-wesner-es-la-estafa-electoral-mas-grande-desde-la-vuelta-de-la-democracia-en-olavarria\/","title":{"rendered":"Ezequiel Galli: la gesti\u00f3n Wesner \u201ces la estafa electoral m\u00e1s grande desde la vuelta de la democracia en Olavarr\u00eda\u201d"},"content":{"rendered":"\n<p>El ex intendente habl\u00f3 tras varios meses sin aparecer p\u00fablicamente: respondi\u00f3 puntos de la auditor\u00eda y defendi\u00f3 al presidente Milei. El di\u00e1logo con Celeste Arouxet y \u00bfcandidato? \u201cFalta mucho todav\u00eda\u201d.<\/p>\n\n\n\n<hr class=\"wp-block-separator aligncenter has-alpha-channel-opacity\"\/>\n\n\n\n<p>Tras varios meses de silencio, <strong>el ex intendente y referente del PRO local, Ezequiel Galli, habl\u00f3 p\u00fablicamente sobre varios temas de agenda:<\/strong> critic\u00f3 con dureza a la gesti\u00f3n Wesner, dijo que es \u201cla estafa electoral m\u00e1s grande desde la vuelta de la democracia en Olavarr\u00eda\u201d, defendi\u00f3 al presidente Milei en la acusaci\u00f3n de estafas con criptomonedas, defendi\u00f3 su gesti\u00f3n tras la auditor\u00eda y habl\u00f3 del plano pol\u00edtico y electoral, que lo tiene protagonista junto a Celeste Arouxet.<\/p>\n\n\n\n<figure class=\"wp-block-embed is-type-rich is-provider-instagram wp-block-embed-instagram\"><div class=\"wp-block-embed__wrapper\">\n<blockquote class=\"instagram-media\" data-instgrm-captioned data-instgrm-permalink=\"https:\/\/www.instagram.com\/reel\/DGVZaxzO6AL\/?utm_source=ig_embed&amp;utm_campaign=loading\" data-instgrm-version=\"14\" style=\" background:#FFF; border:0; border-radius:3px; box-shadow:0 0 1px 0 rgba(0,0,0,0.5),0 1px 10px 0 rgba(0,0,0,0.15); margin: 1px; max-width:658px; min-width:326px; padding:0; width:99.375%; width:-webkit-calc(100% - 2px); width:calc(100% - 2px);\"><div style=\"padding:16px;\"> <a href=\"https:\/\/www.instagram.com\/reel\/DGVZaxzO6AL\/?utm_source=ig_embed&amp;utm_campaign=loading\" style=\" background:#FFFFFF; line-height:0; padding:0 0; text-align:center; text-decoration:none; width:100%;\" target=\"_blank\"> <div style=\" display: flex; flex-direction: row; align-items: center;\"> <div style=\"background-color: #F4F4F4; border-radius: 50%; flex-grow: 0; height: 40px; margin-right: 14px; width: 40px;\"><\/div> <div style=\"display: flex; flex-direction: column; flex-grow: 1; justify-content: center;\"> <div style=\" background-color: #F4F4F4; border-radius: 4px; flex-grow: 0; height: 14px; margin-bottom: 6px; width: 100px;\"><\/div> <div style=\" background-color: #F4F4F4; border-radius: 4px; flex-grow: 0; height: 14px; width: 60px;\"><\/div><\/div><\/div><div style=\"padding: 19% 0;\"><\/div> <div style=\"display:block; height:50px; margin:0 auto 12px; width:50px;\"><svg width=\"50px\" height=\"50px\" viewBox=\"0 0 60 60\" version=\"1.1\" xmlns=\"https:\/\/www.w3.org\/2000\/svg\" xmlns:xlink=\"https:\/\/www.w3.org\/1999\/xlink\"><g stroke=\"none\" stroke-width=\"1\" fill=\"none\" fill-rule=\"evenodd\"><g transform=\"translate(-511.000000, -20.000000)\" fill=\"#000000\"><g><path d=\"M556.869,30.41 C554.814,30.41 553.148,32.076 553.148,34.131 C553.148,36.186 554.814,37.852 556.869,37.852 C558.924,37.852 560.59,36.186 560.59,34.131 C560.59,32.076 558.924,30.41 556.869,30.41 M541,60.657 C535.114,60.657 530.342,55.887 530.342,50 C530.342,44.114 535.114,39.342 541,39.342 C546.887,39.342 551.658,44.114 551.658,50 C551.658,55.887 546.887,60.657 541,60.657 M541,33.886 C532.1,33.886 524.886,41.1 524.886,50 C524.886,58.899 532.1,66.113 541,66.113 C549.9,66.113 557.115,58.899 557.115,50 C557.115,41.1 549.9,33.886 541,33.886 M565.378,62.101 C565.244,65.022 564.756,66.606 564.346,67.663 C563.803,69.06 563.154,70.057 562.106,71.106 C561.058,72.155 560.06,72.803 558.662,73.347 C557.607,73.757 556.021,74.244 553.102,74.378 C549.944,74.521 548.997,74.552 541,74.552 C533.003,74.552 532.056,74.521 528.898,74.378 C525.979,74.244 524.393,73.757 523.338,73.347 C521.94,72.803 520.942,72.155 519.894,71.106 C518.846,70.057 518.197,69.06 517.654,67.663 C517.244,66.606 516.755,65.022 516.623,62.101 C516.479,58.943 516.448,57.996 516.448,50 C516.448,42.003 516.479,41.056 516.623,37.899 C516.755,34.978 517.244,33.391 517.654,32.338 C518.197,30.938 518.846,29.942 519.894,28.894 C520.942,27.846 521.94,27.196 523.338,26.654 C524.393,26.244 525.979,25.756 528.898,25.623 C532.057,25.479 533.004,25.448 541,25.448 C548.997,25.448 549.943,25.479 553.102,25.623 C556.021,25.756 557.607,26.244 558.662,26.654 C560.06,27.196 561.058,27.846 562.106,28.894 C563.154,29.942 563.803,30.938 564.346,32.338 C564.756,33.391 565.244,34.978 565.378,37.899 C565.522,41.056 565.552,42.003 565.552,50 C565.552,57.996 565.522,58.943 565.378,62.101 M570.82,37.631 C570.674,34.438 570.167,32.258 569.425,30.349 C568.659,28.377 567.633,26.702 565.965,25.035 C564.297,23.368 562.623,22.342 560.652,21.575 C558.743,20.834 556.562,20.326 553.369,20.18 C550.169,20.033 549.148,20 541,20 C532.853,20 531.831,20.033 528.631,20.18 C525.438,20.326 523.257,20.834 521.349,21.575 C519.376,22.342 517.703,23.368 516.035,25.035 C514.368,26.702 513.342,28.377 512.574,30.349 C511.834,32.258 511.326,34.438 511.181,37.631 C511.035,40.831 511,41.851 511,50 C511,58.147 511.035,59.17 511.181,62.369 C511.326,65.562 511.834,67.743 512.574,69.651 C513.342,71.625 514.368,73.296 516.035,74.965 C517.703,76.634 519.376,77.658 521.349,78.425 C523.257,79.167 525.438,79.673 528.631,79.82 C531.831,79.965 532.853,80.001 541,80.001 C549.148,80.001 550.169,79.965 553.369,79.82 C556.562,79.673 558.743,79.167 560.652,78.425 C562.623,77.658 564.297,76.634 565.965,74.965 C567.633,73.296 568.659,71.625 569.425,69.651 C570.167,67.743 570.674,65.562 570.82,62.369 C570.966,59.17 571,58.147 571,50 C571,41.851 570.966,40.831 570.82,37.631\"><\/path><\/g><\/g><\/g><\/svg><\/div><div style=\"padding-top: 8px;\"> <div style=\" color:#3897f0; font-family:Arial,sans-serif; font-size:14px; font-style:normal; font-weight:550; line-height:18px;\">View this post on Instagram<\/div><\/div><div style=\"padding: 12.5% 0;\"><\/div> <div style=\"display: flex; flex-direction: row; margin-bottom: 14px; align-items: center;\"><div> <div style=\"background-color: #F4F4F4; border-radius: 50%; height: 12.5px; width: 12.5px; transform: translateX(0px) translateY(7px);\"><\/div> <div style=\"background-color: #F4F4F4; height: 12.5px; transform: rotate(-45deg) translateX(3px) translateY(1px); width: 12.5px; flex-grow: 0; margin-right: 14px; margin-left: 2px;\"><\/div> <div style=\"background-color: #F4F4F4; border-radius: 50%; height: 12.5px; width: 12.5px; transform: translateX(9px) translateY(-18px);\"><\/div><\/div><div style=\"margin-left: 8px;\"> <div style=\" background-color: #F4F4F4; border-radius: 50%; flex-grow: 0; height: 20px; width: 20px;\"><\/div> <div style=\" width: 0; height: 0; border-top: 2px solid transparent; border-left: 6px solid #f4f4f4; border-bottom: 2px solid transparent; transform: translateX(16px) translateY(-4px) rotate(30deg)\"><\/div><\/div><div style=\"margin-left: auto;\"> <div style=\" width: 0px; border-top: 8px solid #F4F4F4; border-right: 8px solid transparent; transform: translateY(16px);\"><\/div> <div style=\" background-color: #F4F4F4; flex-grow: 0; height: 12px; width: 16px; transform: translateY(-4px);\"><\/div> <div style=\" width: 0; height: 0; border-top: 8px solid #F4F4F4; border-left: 8px solid transparent; transform: translateY(-4px) translateX(8px);\"><\/div><\/div><\/div> <div style=\"display: flex; flex-direction: column; flex-grow: 1; justify-content: center; margin-bottom: 24px;\"> <div style=\" background-color: #F4F4F4; border-radius: 4px; flex-grow: 0; height: 14px; margin-bottom: 6px; width: 224px;\"><\/div> <div style=\" background-color: #F4F4F4; border-radius: 4px; flex-grow: 0; height: 14px; width: 144px;\"><\/div><\/div><\/a><p style=\" color:#c9c8cd; font-family:Arial,sans-serif; font-size:14px; line-height:17px; margin-bottom:0; margin-top:8px; overflow:hidden; padding:8px 0 7px; text-align:center; text-overflow:ellipsis; white-space:nowrap;\"><a href=\"https:\/\/www.instagram.com\/reel\/DGVZaxzO6AL\/?utm_source=ig_embed&amp;utm_campaign=loading\" style=\" color:#c9c8cd; font-family:Arial,sans-serif; font-size:14px; font-style:normal; font-weight:normal; line-height:17px; text-decoration:none;\" target=\"_blank\">A post shared by Claudia Bilbao \u2615 (@desayunoconnoticias)<\/a><\/p><\/div><\/blockquote><script async src=\"\/\/platform.instagram.com\/en_US\/embeds.js\"><\/script>\n<\/div><\/figure>\n\n\n\n<p>En primera instancia y en di\u00e1logo con Claudia Bilbao de Desayuno con Noticias (Radio M) <strong>valor\u00f3 la aprobaci\u00f3n de la Rendici\u00f3n de Cuentas 2023<\/strong>: <em>\u201ces una tranquilidad, porque tambi\u00e9n habla de que se hicieron las cosas bien, y que tuvimos una gesti\u00f3n ordenada, y que se cometieron errores, s\u00ed, como todos, pero no hubo, como se dice, o como intenta instalar el kirchnerismo en Olavarr\u00eda, con esta auditor\u00eda, que nadie sabe qui\u00e9n la hizo, c\u00f3mo se hizo. Uno puede marcar errores, como se hace en la pol\u00edtica, pero esto demuestra, y creo que es una gran muestra para nosotros, de que el Tribunal de Cuentas dijo que la gesti\u00f3n est\u00e1 aprobada\u201d.<\/em><\/p>\n\n\n\n<p>Aprovech\u00f3 para se\u00f1alar que la auditor\u00eda fue hecha<em><strong> \u201cpor un equipo de trabajo que hoy est\u00e1 al frente de la Municipalidad, que fue elegido por los vecinos\u201d <\/strong><\/em>pero acus\u00f3 a la gesti\u00f3n Wesner de ser <em><strong>\u201cla estafa electoral m\u00e1s grande desde la vuelta de la democracia en Olavarr\u00eda\u201d.<\/strong><\/em><\/p>\n\n\n\n<figure class=\"wp-block-image size-large\"><img data-recalc-dims=\"1\" loading=\"lazy\" decoding=\"async\" width=\"800\" height=\"602\" src=\"https:\/\/i0.wp.com\/cdnoticias.com\/wp-content\/uploads\/2025\/02\/wesner-galli.jpeg?resize=800%2C602&#038;ssl=1\" alt=\"\" class=\"wp-image-164760\" srcset=\"https:\/\/i0.wp.com\/cdnoticias.com\/wp-content\/uploads\/2025\/02\/wesner-galli.jpeg?resize=1024%2C771&amp;ssl=1 1024w, https:\/\/i0.wp.com\/cdnoticias.com\/wp-content\/uploads\/2025\/02\/wesner-galli.jpeg?resize=300%2C226&amp;ssl=1 300w, https:\/\/i0.wp.com\/cdnoticias.com\/wp-content\/uploads\/2025\/02\/wesner-galli.jpeg?resize=768%2C578&amp;ssl=1 768w, https:\/\/i0.wp.com\/cdnoticias.com\/wp-content\/uploads\/2025\/02\/wesner-galli.jpeg?w=1400&amp;ssl=1 1400w\" sizes=\"auto, (max-width: 800px) 100vw, 800px\" \/><\/figure>\n\n\n\n<p>Intent\u00f3 justificar esa premisa al se\u00f1alar que<em> \u201cprometieron obras y obras y cantidades de viviendas, y hoy lo \u00fanico que tienen para vanagloriarse es del Polo Judicial, porque no se ven obras en Olavarr\u00eda, no se ve inversi\u00f3n\u201d<\/em>. En este punto, defendi\u00f3 el d\u00e9ficit que dej\u00f3 al cerrar su gesti\u00f3n dado que <em><strong>\u201cfue por la fuerte inversi\u00f3n que hicimos, y tambi\u00e9n por la quita de la coparticipaci\u00f3n de los miles de millones de pesos que el gobernador Kicillof no envi\u00f3 a Olavarr\u00eda durante el 2023. Por lo cual, nosotros vemos con mucha preocupaci\u00f3n la falta de inversi\u00f3n en Olavarr\u00eda, y realmente eso es algo que lo estamos viendo, lo estamos notando, lo ve la gente\u201d.<\/strong><\/em><\/p>\n\n\n\n<p>En otro de los puntos de la auditor\u00eda,<strong> defendi\u00f3 el trabajo realizado junto al Sindicato de Trabajadores Municipales de Olavarr\u00eda <\/strong>en la quinta que tienen los trabajadores en el camino de los peregrinos: <em>\u201chab\u00eda gente trabajando en la quinta, s\u00ed, es cierto, pero yo invito a la gente de Olavarr\u00eda que vayan a ver lo que se hizo y lo que se logr\u00f3 en la quinta, que es una quinta que tiene un fuerte trabajo social tambi\u00e9n. Hay cientos de chicos que van a la colonia de vacaciones, que son chicos que no pueden pagar una colonia de vacaciones\u201d.<\/em><\/p>\n\n\n\n<figure class=\"wp-block-image size-large\"><img data-recalc-dims=\"1\" loading=\"lazy\" decoding=\"async\" width=\"800\" height=\"534\" src=\"https:\/\/i0.wp.com\/cdnoticias.com\/wp-content\/uploads\/2022\/06\/galli-stuppia.jpg?resize=800%2C534&#038;ssl=1\" alt=\"\" class=\"wp-image-58872\" srcset=\"https:\/\/i0.wp.com\/cdnoticias.com\/wp-content\/uploads\/2022\/06\/galli-stuppia.jpg?resize=1024%2C684&amp;ssl=1 1024w, https:\/\/i0.wp.com\/cdnoticias.com\/wp-content\/uploads\/2022\/06\/galli-stuppia.jpg?resize=300%2C200&amp;ssl=1 300w, https:\/\/i0.wp.com\/cdnoticias.com\/wp-content\/uploads\/2022\/06\/galli-stuppia.jpg?resize=768%2C513&amp;ssl=1 768w, https:\/\/i0.wp.com\/cdnoticias.com\/wp-content\/uploads\/2022\/06\/galli-stuppia.jpg?resize=272%2C182&amp;ssl=1 272w, https:\/\/i0.wp.com\/cdnoticias.com\/wp-content\/uploads\/2022\/06\/galli-stuppia.jpg?w=1280&amp;ssl=1 1280w\" sizes=\"auto, (max-width: 800px) 100vw, 800px\" \/><\/figure>\n\n\n\n<p>\u201cEntiendo las cr\u00edticas, es parte del juego, es parte de la pol\u00edtica\u201d dijo y agreg\u00f3:<em> \u201cNosotros tuvimos una relaci\u00f3n con el Sindicato que fue siempre muy tensa, muy tirante, qued\u00f3 a las claras durante los \u00faltimos a\u00f1os donde hubo fuertes medidas gremiales que afectaron a la salud de los olavarrienses y que realmente nosotros siempre estuvimos en desacuerdo. Pero esto va por otro lado\u201d.<\/em><\/p>\n\n\n\n<p>Explic\u00f3, en materia de salud, que hubo varias inversiones que no se pudieron realizar <em>\u201cporque no ten\u00edamos oferta por parte de los proveedores porque ten\u00edamos una inflaci\u00f3n galopante que el presidente Massa (ironiz\u00f3 sobre el Ministro de Econom\u00eda) nos llev\u00f3 a tener una inflaci\u00f3n en que no sab\u00edamos de cu\u00e1nto iba a ser al mes siguiente. Y digo el presidente Massa porque era quien tomaba las decisiones, algo similar a lo que est\u00e1 pasando hoy en el Olavarr\u00eda\u201d <\/em>y volvi\u00f3 a la acusaci\u00f3n local sobre<em> \u201cqui\u00e9n toma las decisiones\u201d: \u201cNo sabemos si es Wesner, si es Valicenti o si es Land\u00edvar\u201d.<\/em><\/p>\n\n\n\n<p class=\"has-medium-font-size\">Sobre Milei y el freno a la obra p\u00fablica<\/p>\n\n\n\n<figure class=\"wp-block-image size-full\"><img data-recalc-dims=\"1\" loading=\"lazy\" decoding=\"async\" width=\"800\" height=\"445\" src=\"https:\/\/i0.wp.com\/cdnoticias.com\/wp-content\/uploads\/2024\/12\/ezequiel-galli-carrancio-calvella.jpg?resize=800%2C445&#038;ssl=1\" alt=\"\" class=\"wp-image-132560\" srcset=\"https:\/\/i0.wp.com\/cdnoticias.com\/wp-content\/uploads\/2024\/12\/ezequiel-galli-carrancio-calvella.jpg?w=1000&amp;ssl=1 1000w, https:\/\/i0.wp.com\/cdnoticias.com\/wp-content\/uploads\/2024\/12\/ezequiel-galli-carrancio-calvella.jpg?resize=300%2C167&amp;ssl=1 300w, https:\/\/i0.wp.com\/cdnoticias.com\/wp-content\/uploads\/2024\/12\/ezequiel-galli-carrancio-calvella.jpg?resize=768%2C427&amp;ssl=1 768w, https:\/\/i0.wp.com\/cdnoticias.com\/wp-content\/uploads\/2024\/12\/ezequiel-galli-carrancio-calvella.jpg?resize=800%2C445&amp;ssl=1 800w\" sizes=\"auto, (max-width: 800px) 100vw, 800px\" \/><\/figure>\n\n\n\n<p>En este punto, <strong>el ex mandatario local dijo que el freno a la obra p\u00fablica<em> \u201cfue algo que dijo en la campa\u00f1a y realmente est\u00e1 cumpliendo con lo que dijo. Y la gente lo acompa\u00f1\u00f3 y lo vot\u00f3, diciendo eso. Y estamos en un proceso donde la econom\u00eda hab\u00eda que tomar decisiones dif\u00edciles para acomodarlas por todo esto que te contaba\u201d.<\/em><\/strong><\/p>\n\n\n\n<p>Y ejemplific\u00f3 sobre la gesti\u00f3n nacional anterior: <em>\u201cel jubilado iba con su jubilaci\u00f3n que hist\u00f3ricamente fue realmente una miseria a la verduler\u00eda y compraba dos tomates y al otro d\u00eda, con la misma plata, compraba uno\u201d.<\/em><\/p>\n\n\n\n<p>Dijo sobre los rumores que lo vinculan con La Libertad Avanza que<em> \u201csiempre voy a estar del otro lado de los que quieren una Argentina populista y berreta\u201d <\/em>y volvi\u00f3 a mencionar al kirchnerismo, que catalog\u00f3 como <em>\u201cel tren fantasma, los que hoy piden juicio pol\u00edtico al Presidente por un error que reconoci\u00f3 que sali\u00f3 a reconocer\u201d <\/em>sobre la estafa a 70 mil usuarios por una \u201cmoneda meme\u201d que difundi\u00f3 en redes sociales. <em><strong>\u201cEstuvo mal y \u00e9l lo reconoci\u00f3\u201d<\/strong><\/em> ratific\u00f3, ante la consulta de Claudia Bilbao.<\/p>\n\n\n\n<p>De la situaci\u00f3n nacional \u201cpivote\u00f3\u201d a la local con lo sucedido en el barrio Pickelado, por la reuni\u00f3n por seguridad: <em>\u201chabl\u00e9 con algunos vecinos de ese barrio, por Dios, hay gente que est\u00e1 durmiendo en el cami\u00f3n para que no le roben malos materiales. A una familia le robaron seis veces los materiales de la casa para construir. Y estamos mirando para otro lado\u201d.<\/em><\/p>\n\n\n\n<p class=\"has-medium-font-size\">La relaci\u00f3n con Celeste Arouxet<\/p>\n\n\n\n<figure class=\"wp-block-image size-full\"><img data-recalc-dims=\"1\" loading=\"lazy\" decoding=\"async\" width=\"800\" height=\"531\" src=\"https:\/\/i0.wp.com\/cdnoticias.com\/wp-content\/uploads\/2023\/10\/DebateFIO2023-69.jpg?resize=800%2C531&#038;ssl=1\" alt=\"\" class=\"wp-image-98764\" srcset=\"https:\/\/i0.wp.com\/cdnoticias.com\/wp-content\/uploads\/2023\/10\/DebateFIO2023-69.jpg?w=1024&amp;ssl=1 1024w, https:\/\/i0.wp.com\/cdnoticias.com\/wp-content\/uploads\/2023\/10\/DebateFIO2023-69.jpg?resize=300%2C199&amp;ssl=1 300w, https:\/\/i0.wp.com\/cdnoticias.com\/wp-content\/uploads\/2023\/10\/DebateFIO2023-69.jpg?resize=768%2C510&amp;ssl=1 768w, https:\/\/i0.wp.com\/cdnoticias.com\/wp-content\/uploads\/2023\/10\/DebateFIO2023-69.jpg?resize=272%2C182&amp;ssl=1 272w\" sizes=\"auto, (max-width: 800px) 100vw, 800px\" \/><\/figure>\n\n\n\n<p>Dijo que <em><strong>\u201cpudimos hablar todo lo que ten\u00edamos que hablar\u201d <\/strong><\/em>con la referente libertaria local y que \u201cla pol\u00edtica es esto\u201d dando por finalizadas las dur\u00edsimas acusaciones que tuvo Arouxet con Galli en la campa\u00f1a de 2023, muchas vinculadas a corrupci\u00f3n. <em>\u201cNosotros tenemos una visi\u00f3n com\u00fan con Celeste, con Guillermo Lascano y en gran parte, con todos.&nbsp; Se puede hacer una confluencia porque tenemos la misma idea. Es una cr\u00edtica fuerte a la gesti\u00f3n en los barrios. Lo que estamos viendo nos preocupa y eso es mucho m\u00e1s fuerte que cualquier diferencia personal\u201d.<\/em><\/p>\n\n\n\n<p><strong>\u00bfSer\u00e1 candidato este a\u00f1o?<\/strong><em> \u201cNo lo s\u00e9. Falta mucho todav\u00eda. Todav\u00eda no sabemos si va a estar desdoblada la elecci\u00f3n en la Provincia, si va a haber PASO en la Provincia. Y con un sistema electoral diferente. En Provincia se va a votar con la boleta papel hist\u00f3rica, vetusta, que Kicillof no quiere modernizar. Y en la Naci\u00f3n vamos a votar el 26 de octubre con una boleta \u00fanica de papel. La realidad es que no se sabe todav\u00eda qu\u00e9 va a pasar\u201d.<\/em><\/p>\n\n\n\n<p>Y volvi\u00f3 a su rol: <em>\u201csoy parte de un equipo, como te dec\u00eda, del Colo Santilli. <strong>Tengo claro d\u00f3nde quiero estar. Tengo claro que quiero que al gobierno le vaya bien. A nivel nacional estamos todos empujando para que al gobierno le vaya bien. Yo desde mi rol peque\u00f1o de gerente de una empresa del Estado, haciendo todo lo que sea posible para que la privatizaci\u00f3n sea exitosa y que podamos tener mejores rutas y todo lo que eso implica.<\/strong> Si ser\u00e9 candidato, no lo s\u00e9. Voy a hacer lo que dicte la necesidad en ese momento. Si es necesario que sea candidato, probablemente lo sea\u201d.<\/em><\/p>\n\n\n\n<figure class=\"wp-block-image size-large\"><img data-recalc-dims=\"1\" loading=\"lazy\" decoding=\"async\" width=\"800\" height=\"445\" src=\"https:\/\/i0.wp.com\/cdnoticias.com\/wp-content\/uploads\/2023\/03\/santilli-galli-1.jpg?resize=800%2C445&#038;ssl=1\" alt=\"\" class=\"wp-image-78520\" srcset=\"https:\/\/i0.wp.com\/cdnoticias.com\/wp-content\/uploads\/2023\/03\/santilli-galli-1-scaled.jpg?resize=1024%2C570&amp;ssl=1 1024w, https:\/\/i0.wp.com\/cdnoticias.com\/wp-content\/uploads\/2023\/03\/santilli-galli-1-scaled.jpg?resize=300%2C167&amp;ssl=1 300w, https:\/\/i0.wp.com\/cdnoticias.com\/wp-content\/uploads\/2023\/03\/santilli-galli-1-scaled.jpg?resize=768%2C427&amp;ssl=1 768w, https:\/\/i0.wp.com\/cdnoticias.com\/wp-content\/uploads\/2023\/03\/santilli-galli-1-scaled.jpg?resize=1536%2C854&amp;ssl=1 1536w, https:\/\/i0.wp.com\/cdnoticias.com\/wp-content\/uploads\/2023\/03\/santilli-galli-1-scaled.jpg?resize=2048%2C1139&amp;ssl=1 2048w, https:\/\/i0.wp.com\/cdnoticias.com\/wp-content\/uploads\/2023\/03\/santilli-galli-1-scaled.jpg?resize=800%2C445&amp;ssl=1 800w, https:\/\/i0.wp.com\/cdnoticias.com\/wp-content\/uploads\/2023\/03\/santilli-galli-1-scaled.jpg?w=1600&amp;ssl=1 1600w, https:\/\/i0.wp.com\/cdnoticias.com\/wp-content\/uploads\/2023\/03\/santilli-galli-1-scaled.jpg?w=2400&amp;ssl=1 2400w\" sizes=\"auto, (max-width: 800px) 100vw, 800px\" \/><\/figure>\n\n\n\n<blockquote class=\"wp-block-quote is-layout-flow wp-block-quote-is-layout-flow\">\n<p>\u201cA m\u00ed me gustar\u00eda en el 27\u2019 que volvamos a ser gobierno. Y si en esta no tengo que ser candidato para eso, no ser\u00e9. Tengo claro que quiero que Diego Santilli sea gobernador. Voy a trabajar para eso. Todo lo que tenga que hacer este a\u00f1o pensando en el 2027, lo voy a hacer. Y lo que tenga que dejar de hacer, tambi\u00e9n lo dejar\u00e9 de hacer\u201d insisti\u00f3.<\/p>\n<\/blockquote>\n\n\n\n<p>Para cerrar, <strong>volvi\u00f3 a evitar se\u00f1alar en qu\u00e9 lugar partidario nacional estar\u00e1 y se centr\u00f3<\/strong> en<em> \u201cmi espacio, mi lugar, mi centralidad pol\u00edtica est\u00e1 en Juntos por Olavarr\u00eda, que es nuestro espacio vecinalista. Yo apost\u00e9 fuertemente desde el 2016 que vengo empujando para tener un espacio vecinal. Voy a trabajar para que haya una confluencia y que podamos armar una lista que represente a todos y que podamos tener un buen resultado en las elecciones\u201d <\/em>cerr\u00f3.<\/p>\n","protected":false},"excerpt":{"rendered":"<p>El ex intendente habl\u00f3 tras varios meses sin aparecer p\u00fablicamente: respondi\u00f3 puntos de la auditor\u00eda y defendi\u00f3 al presidente Milei.<\/p>\n","protected":false},"author":2,"featured_media":102792,"comment_status":"closed","ping_status":"closed","sticky":false,"template":"","format":"standard","meta":{"_jetpack_memberships_contains_paid_content":false,"footnotes":""},"categories":[4,1],"tags":[],"class_list":["post-164759","post","type-post","status-publish","format-standard","has-post-thumbnail","hentry","category-politica","category-portada"],"jetpack_featured_media_url":"https:\/\/i0.wp.com\/cdnoticias.com\/wp-content\/uploads\/2023\/11\/ezequiel-galli4-scaled.jpg?fit=2560%2C1440&ssl=1","jetpack_sharing_enabled":true,"_links":{"self":[{"href":"https:\/\/cdnoticias.com\/index.php\/wp-json\/wp\/v2\/posts\/164759","targetHints":{"allow":["GET"]}}],"collection":[{"href":"https:\/\/cdnoticias.com\/index.php\/wp-json\/wp\/v2\/posts"}],"about":[{"href":"https:\/\/cdnoticias.com\/index.php\/wp-json\/wp\/v2\/types\/post"}],"author":[{"embeddable":true,"href":"https:\/\/cdnoticias.com\/index.php\/wp-json\/wp\/v2\/users\/2"}],"replies":[{"embeddable":true,"href":"https:\/\/cdnoticias.com\/index.php\/wp-json\/wp\/v2\/comments?post=164759"}],"version-history":[{"count":0,"href":"https:\/\/cdnoticias.com\/index.php\/wp-json\/wp\/v2\/posts\/164759\/revisions"}],"wp:featuredmedia":[{"embeddable":true,"href":"https:\/\/cdnoticias.com\/index.php\/wp-json\/wp\/v2\/media\/102792"}],"wp:attachment":[{"href":"https:\/\/cdnoticias.com\/index.php\/wp-json\/wp\/v2\/media?parent=164759"}],"wp:term":[{"taxonomy":"category","embeddable":true,"href":"https:\/\/cdnoticias.com\/index.php\/wp-json\/wp\/v2\/categories?post=164759"},{"taxonomy":"post_tag","embeddable":true,"href":"https:\/\/cdnoticias.com\/index.php\/wp-json\/wp\/v2\/tags?post=164759"}],"curies":[{"name":"wp","href":"https:\/\/api.w.org\/{rel}","templated":true}]}}