{"id":164750,"date":"2025-02-21T17:01:15","date_gmt":"2025-02-21T20:01:15","guid":{"rendered":"https:\/\/cdnoticias.com\/?p=164750"},"modified":"2025-02-21T17:01:20","modified_gmt":"2025-02-21T20:01:20","slug":"salvareschi-deja-godoy-cruz-y-jugara-en-el-futbol-de-bolivia","status":"publish","type":"post","link":"https:\/\/cdnoticias.com\/index.php\/2025\/02\/21\/salvareschi-deja-godoy-cruz-y-jugara-en-el-futbol-de-bolivia\/","title":{"rendered":"Salvareschi deja Godoy Cruz y jugar\u00e1 en el f\u00fatbol de Bolivia"},"content":{"rendered":"\n<p>Ser\u00e1 refuerzo de San Antonio de Bulo Bulo, que adem\u00e1s jugar\u00e1 la Copa Libertadores 2025. Estar\u00e1 a disposici\u00f3n de su nuevo equipo en los pr\u00f3ximos d\u00edas.<\/p>\n\n\n\n<hr class=\"wp-block-separator aligncenter has-alpha-channel-opacity\"\/>\n\n\n\n<p><strong>Braian Salvareschi continuar\u00e1 su carrera en el f\u00fatbol boliviano <\/strong>tras no ser tenido en cuenta por el cuerpo t\u00e9cnico de Godoy Cruz.<\/p>\n\n\n\n<p><strong>El defensor olavarriense se convirti\u00f3 en nuevo refuerzo de San Antonio de Bulo Bulo, equipo que milita en la Primera Divisi\u00f3n de Bolivia y que logr\u00f3 la clasificaci\u00f3n a la Copa Libertadores 2025 <\/strong>luego de una hist\u00f3rica campa\u00f1a en su temporada debut en la m\u00e1xima categor\u00eda.<\/p>\n\n\n\n<p>Surgido en El Fort\u00edn, <strong>Salvareschi ya emprendi\u00f3 viaje hacia su nuevo destino y en los pr\u00f3ximos d\u00edas se sumar\u00e1 a los entrenamientos bajo las \u00f3rdenes de Julio C\u00e9sar Valdiviezo, entrenador del conjunto boliviano.<\/strong><\/p>\n","protected":false},"excerpt":{"rendered":"<p>Ser\u00e1 refuerzo de San Antonio de Bulo Bulo, que adem\u00e1s jugar\u00e1 la Copa Libertadores 2025. Estar\u00e1 a disposici\u00f3n de su<\/p>\n","protected":false},"author":2,"featured_media":154981,"comment_status":"closed","ping_status":"closed","sticky":false,"template":"","format":"standard","meta":{"_jetpack_memberships_contains_paid_content":false,"footnotes":""},"categories":[37,1],"tags":[],"class_list":["post-164750","post","type-post","status-publish","format-standard","has-post-thumbnail","hentry","category-futbol-profesional","category-portada"],"jetpack_featured_media_url":"https:\/\/i0.wp.com\/cdnoticias.com\/wp-content\/uploads\/2023\/05\/Braian-Salvareschi-Godoy-Cruz-14%C2%B0-fecha.jpeg?fit=1456%2C819&ssl=1","jetpack_sharing_enabled":true,"_links":{"self":[{"href":"https:\/\/cdnoticias.com\/index.php\/wp-json\/wp\/v2\/posts\/164750","targetHints":{"allow":["GET"]}}],"collection":[{"href":"https:\/\/cdnoticias.com\/index.php\/wp-json\/wp\/v2\/posts"}],"about":[{"href":"https:\/\/cdnoticias.com\/index.php\/wp-json\/wp\/v2\/types\/post"}],"author":[{"embeddable":true,"href":"https:\/\/cdnoticias.com\/index.php\/wp-json\/wp\/v2\/users\/2"}],"replies":[{"embeddable":true,"href":"https:\/\/cdnoticias.com\/index.php\/wp-json\/wp\/v2\/comments?post=164750"}],"version-history":[{"count":0,"href":"https:\/\/cdnoticias.com\/index.php\/wp-json\/wp\/v2\/posts\/164750\/revisions"}],"wp:featuredmedia":[{"embeddable":true,"href":"https:\/\/cdnoticias.com\/index.php\/wp-json\/wp\/v2\/media\/154981"}],"wp:attachment":[{"href":"https:\/\/cdnoticias.com\/index.php\/wp-json\/wp\/v2\/media?parent=164750"}],"wp:term":[{"taxonomy":"category","embeddable":true,"href":"https:\/\/cdnoticias.com\/index.php\/wp-json\/wp\/v2\/categories?post=164750"},{"taxonomy":"post_tag","embeddable":true,"href":"https:\/\/cdnoticias.com\/index.php\/wp-json\/wp\/v2\/tags?post=164750"}],"curies":[{"name":"wp","href":"https:\/\/api.w.org\/{rel}","templated":true}]}}