{"id":164745,"date":"2025-02-21T16:38:32","date_gmt":"2025-02-21T19:38:32","guid":{"rendered":"https:\/\/cdnoticias.com\/?p=164745"},"modified":"2025-02-21T16:38:37","modified_gmt":"2025-02-21T19:38:37","slug":"inseguridad-en-barrio-pickelado-reclamo-de-vecinos-a-autoridades-policiales-y-municipales","status":"publish","type":"post","link":"https:\/\/cdnoticias.com\/index.php\/2025\/02\/21\/inseguridad-en-barrio-pickelado-reclamo-de-vecinos-a-autoridades-policiales-y-municipales\/","title":{"rendered":"Inseguridad en Barrio Pickelado: reclamo de vecinos a autoridades policiales y municipales"},"content":{"rendered":"\n<p>Fue una reuni\u00f3n con pasajes tensos, en los que se contaron varios hechos que \u201cson reiterados\u201d. Las autoridades policiales detallaron las acciones realizadas en los \u00faltimos d\u00edas.<\/p>\n\n\n\n<p><strong><em>Fotos e informaci\u00f3n: gentileza En L\u00ednea Noticias<\/em><\/strong><\/p>\n\n\n\n<p>Desde las 19.30 horas de este \u00faltimo jueves<strong> se realiz\u00f3 una reuni\u00f3n en Coronel Suarez y 11 Bis del Barrio Pickelado entre vecinos autoconvocados que tuvo presencia de todos los jefes de la polic\u00eda de Olavarr\u00eda y autoridades del \u00e1rea municipal, que pese a no haber sido invitados se acercaron a escuchar a los vecinos.<\/strong><\/p>\n\n\n\n<p>En la reuni\u00f3n de la que <strong>participaron unos 60 vecinos hubo cuestionamientos a la polic\u00eda, por la atenci\u00f3n en algunos casos puntuales para radicar la denuncia en sede de Comisar\u00eda Primera<\/strong>, cuestionamientos a la prevenci\u00f3n por la presencia de patrulleros, pero tambi\u00e9n desde la fuerza, se\u00f1alaron a los vecinos que no se radican denuncias.<\/p>\n\n\n\n<figure class=\"wp-block-image size-large\"><img data-recalc-dims=\"1\" loading=\"lazy\" decoding=\"async\" width=\"800\" height=\"602\" src=\"https:\/\/i0.wp.com\/cdnoticias.com\/wp-content\/uploads\/2025\/02\/WhatsApp-Image-2025-02-21-at-15.36.03.jpeg?resize=800%2C602&#038;ssl=1\" alt=\"\" class=\"wp-image-164748\" srcset=\"https:\/\/i0.wp.com\/cdnoticias.com\/wp-content\/uploads\/2025\/02\/WhatsApp-Image-2025-02-21-at-15.36.03.jpeg?resize=1024%2C771&amp;ssl=1 1024w, https:\/\/i0.wp.com\/cdnoticias.com\/wp-content\/uploads\/2025\/02\/WhatsApp-Image-2025-02-21-at-15.36.03.jpeg?resize=300%2C226&amp;ssl=1 300w, https:\/\/i0.wp.com\/cdnoticias.com\/wp-content\/uploads\/2025\/02\/WhatsApp-Image-2025-02-21-at-15.36.03.jpeg?resize=768%2C578&amp;ssl=1 768w, https:\/\/i0.wp.com\/cdnoticias.com\/wp-content\/uploads\/2025\/02\/WhatsApp-Image-2025-02-21-at-15.36.03.jpeg?resize=1536%2C1156&amp;ssl=1 1536w, https:\/\/i0.wp.com\/cdnoticias.com\/wp-content\/uploads\/2025\/02\/WhatsApp-Image-2025-02-21-at-15.36.03.jpeg?w=1600&amp;ssl=1 1600w\" sizes=\"auto, (max-width: 800px) 100vw, 800px\" \/><\/figure>\n\n\n\n<p>De la reuni\u00f3n que participaron<strong> los vecinos, por fuera de la institucionalidad del barrio, es decir no hubo presencia de la Junta Vecinal, estuvieron por el municipio La Jefa de gabinete Mercedes Land\u00edvar, el Subsecretario de Seguridad, El\u00edas Quintas junto a dem\u00e1s funcionarios del \u00e1rea y el concejal Federico Aguilera. Por otro lado, la polic\u00eda estuvo representada por los jefes del Comando de Patrullas, de Jefatura Departamental, de Comisar\u00eda Primera y de Utoi.<\/strong><\/p>\n\n\n\n<p>Uno de los vecinos que inici\u00f3 la reuni\u00f3n se\u00f1al\u00f3 que los vecinos,<em> &#8220;queremos una respuesta formal del tema seguridad en el barrio&#8221;.<\/em> All\u00ed fue donde se comenzaron a <strong>enumerar varios temas que ya son reiterados cada un a\u00f1o y medio donde los vecinos viene reclamando cuestiones que tienen que ver con la inseguridad.<\/strong><\/p>\n\n\n\n<p>En la gesti\u00f3n del ex intendente Ezequiel Galli,<strong> reclamaron desde el barrio la colocaci\u00f3n de c\u00e1maras de seguridad, que se pusieron pero que<em> &#8220;nunca funcionaron, ni funcionan.&#8221;<\/em><\/strong><\/p>\n\n\n\n<figure class=\"wp-block-image size-large\"><img data-recalc-dims=\"1\" loading=\"lazy\" decoding=\"async\" width=\"800\" height=\"602\" src=\"https:\/\/i0.wp.com\/cdnoticias.com\/wp-content\/uploads\/2025\/02\/WhatsApp-Image-2025-02-21-at-15.36.07.jpeg?resize=800%2C602&#038;ssl=1\" alt=\"\" class=\"wp-image-164746\" srcset=\"https:\/\/i0.wp.com\/cdnoticias.com\/wp-content\/uploads\/2025\/02\/WhatsApp-Image-2025-02-21-at-15.36.07.jpeg?resize=1024%2C771&amp;ssl=1 1024w, https:\/\/i0.wp.com\/cdnoticias.com\/wp-content\/uploads\/2025\/02\/WhatsApp-Image-2025-02-21-at-15.36.07.jpeg?resize=300%2C226&amp;ssl=1 300w, https:\/\/i0.wp.com\/cdnoticias.com\/wp-content\/uploads\/2025\/02\/WhatsApp-Image-2025-02-21-at-15.36.07.jpeg?resize=768%2C578&amp;ssl=1 768w, https:\/\/i0.wp.com\/cdnoticias.com\/wp-content\/uploads\/2025\/02\/WhatsApp-Image-2025-02-21-at-15.36.07.jpeg?resize=1536%2C1156&amp;ssl=1 1536w, https:\/\/i0.wp.com\/cdnoticias.com\/wp-content\/uploads\/2025\/02\/WhatsApp-Image-2025-02-21-at-15.36.07.jpeg?w=1600&amp;ssl=1 1600w\" sizes=\"auto, (max-width: 800px) 100vw, 800px\" \/><\/figure>\n\n\n\n<p>Los vecinos criticaron la gesti\u00f3n de la aplicaci\u00f3n Ojos en Alerta,<em><strong> &#8220;no les pasas todos tus datos y te bloquean el WhatsApp&#8221;,<\/strong><\/em> denunciaron. Aunque tambi\u00e9n le enrostraron a la polic\u00eda que <strong>cuando se conoci\u00f3 a trav\u00e9s de los medios de comunicaci\u00f3n que iba a haber una reuni\u00f3n aparecieron los m\u00f3viles y se intensificaron los patrullajes.<\/strong><\/p>\n\n\n\n<p>Un jefe policial le dijo a los vecinos que, <em>&#8220;Olavarr\u00eda creci\u00f3 mucho y la seguridad la hacemos entre todos&#8221;,<\/em> pidiendo el compromiso de los vecinos. En ese sentido el <strong>jefe de la Comisar\u00eda Primera, que por jurisdicci\u00f3n le corresponde el sector explic\u00f3 que de los tres \u00faltimos hechos denunciados, dos est\u00e1n probados y los autores identificados, solo esperan acciones de la justicia.<\/strong><\/p>\n\n\n\n<p>Por otro lado, otro jefe policial remarc\u00f3 que<strong> hay falta de recursos, pero que se necesita que los vecinos denuncien los hechos que ocurren.<\/strong><\/p>\n\n\n\n<p>Por \u00faltimo, le reclamaron a la polic\u00eda, que los vecinos del barrio, <em><strong>&#8220;no quieren que los m\u00f3viles pasen dos d\u00edas y despu\u00e9s desaparezcan&#8221;,<\/strong><\/em> afirmaron<em> &#8220;los queremos todos los d\u00edas.&#8221;<\/em><\/p>\n\n\n\n<p><strong>Los vecinos firmaron un petitorio y lo entregaron a las autoridades policiales y pol\u00edticas.<\/strong><\/p>\n\n\n\n<p><\/p>\n","protected":false},"excerpt":{"rendered":"<p>Fue una reuni\u00f3n con pasajes tensos, en los que se contaron varios hechos que \u201cson reiterados\u201d. Las autoridades policiales detallaron<\/p>\n","protected":false},"author":2,"featured_media":164747,"comment_status":"closed","ping_status":"closed","sticky":false,"template":"","format":"standard","meta":{"_jetpack_memberships_contains_paid_content":false,"footnotes":""},"categories":[14,1],"tags":[],"class_list":["post-164745","post","type-post","status-publish","format-standard","has-post-thumbnail","hentry","category-policiales","category-portada"],"jetpack_featured_media_url":"https:\/\/i0.wp.com\/cdnoticias.com\/wp-content\/uploads\/2025\/02\/WhatsApp-Image-2025-02-21-at-15.36.05.jpeg?fit=1600%2C1204&ssl=1","jetpack_sharing_enabled":true,"_links":{"self":[{"href":"https:\/\/cdnoticias.com\/index.php\/wp-json\/wp\/v2\/posts\/164745","targetHints":{"allow":["GET"]}}],"collection":[{"href":"https:\/\/cdnoticias.com\/index.php\/wp-json\/wp\/v2\/posts"}],"about":[{"href":"https:\/\/cdnoticias.com\/index.php\/wp-json\/wp\/v2\/types\/post"}],"author":[{"embeddable":true,"href":"https:\/\/cdnoticias.com\/index.php\/wp-json\/wp\/v2\/users\/2"}],"replies":[{"embeddable":true,"href":"https:\/\/cdnoticias.com\/index.php\/wp-json\/wp\/v2\/comments?post=164745"}],"version-history":[{"count":0,"href":"https:\/\/cdnoticias.com\/index.php\/wp-json\/wp\/v2\/posts\/164745\/revisions"}],"wp:featuredmedia":[{"embeddable":true,"href":"https:\/\/cdnoticias.com\/index.php\/wp-json\/wp\/v2\/media\/164747"}],"wp:attachment":[{"href":"https:\/\/cdnoticias.com\/index.php\/wp-json\/wp\/v2\/media?parent=164745"}],"wp:term":[{"taxonomy":"category","embeddable":true,"href":"https:\/\/cdnoticias.com\/index.php\/wp-json\/wp\/v2\/categories?post=164745"},{"taxonomy":"post_tag","embeddable":true,"href":"https:\/\/cdnoticias.com\/index.php\/wp-json\/wp\/v2\/tags?post=164745"}],"curies":[{"name":"wp","href":"https:\/\/api.w.org\/{rel}","templated":true}]}}