{"id":164736,"date":"2025-02-22T09:31:22","date_gmt":"2025-02-22T12:31:22","guid":{"rendered":"https:\/\/cdnoticias.com\/?p=164736"},"modified":"2025-02-22T09:31:26","modified_gmt":"2025-02-22T12:31:26","slug":"concejal-de-ucr-se-reunio-con-la-agrupacion-de-veteranos-de-guerra-2-de-abril","status":"publish","type":"post","link":"https:\/\/cdnoticias.com\/index.php\/2025\/02\/22\/concejal-de-ucr-se-reunio-con-la-agrupacion-de-veteranos-de-guerra-2-de-abril\/","title":{"rendered":"Concejal de UCR se reuni\u00f3 con la Agrupaci\u00f3n de Veteranos de Guerra \u201c2 de Abril\u201d"},"content":{"rendered":"<p>Francisco Gonz\u00e1lez mantuvo un encuentro con integrantes de la entidad en la ma\u00f1ana de este viernes. Desde hace un tiempo, vienen trabajando en diferentes tem\u00e1ticas que involucran a los ex combatientes de nuestra ciudad.<!--more--><\/p>\n<hr \/>\n<p>En la ma\u00f1ana de este viernes, el <strong>concejal de la Uni\u00f3n C\u00edvica Radical de Olavarr\u00eda Francisco Gonz\u00e1lez<\/strong> mantuvo un encuentro con <strong>Jos\u00e9 Mar\u00eda Trinch\u00edn, Haroldo Duhau y Mart\u00edn Oliveri, integrantes de la Agrupaci\u00f3n de Veteranos de Guerra \u201c2 de Abril\u201d<\/strong>.<\/p>\n<p>\u00a0<\/p>\n<p>Se inform\u00f3 desde UCR que <strong>&#8220;el objetivo de la reuni\u00f3n fue continuar trabajando<\/strong>, como lo vienen haciendo desde hace tiempo, en diferentes tem\u00e1ticas que involucran a los ex combatientes de nuestra ciudad&#8221;.<\/p>\n<p>\u00a0<\/p>\n<blockquote>\n<p>Se anunci\u00f3 que de esta manera, durante los pr\u00f3ximos d\u00edas se estar\u00e1 presentando &#8220;modificaciones a la ordenanza 1501\/92 para que no tengan que acreditar todos los a\u00f1os en el Municipio su condici\u00f3n de ex combatientes.\u00a0Tambi\u00e9n se presentar\u00e1 una resoluci\u00f3n para que se d\u00e9 cumplimiento al art\u00edculo N\u00b0 8 de la ordenanza 5.231\/23, que permite que puedan acceder a la excepci\u00f3n del pago de Tasas Municipales, tanto propietarios como inquilinos de sus domicilios particulares&#8221;.<\/p>\n<\/blockquote>\n<p>\u00a0<\/p>\n<p>Al respecto, Gonz\u00e1lez se\u00f1al\u00f3 que \u201centre otros temas, estuvimos trabajando y en los pr\u00f3ximos d\u00edas estaremos presentando modificaciones a una Ordenanza para que no tengan que acreditar todos los a\u00f1os en el Municipio su condici\u00f3n de ex combatientes. <strong>Quien estuvo en la contienda ser\u00e1 un veterano toda la vida, no cambiar\u00e1 con el paso del tiempo.<\/strong> Por lo cual, que cada a\u00f1o tengan que presentarse a realizar el tr\u00e1mite de renovaci\u00f3n es rid\u00edculo y una p\u00e9rdida de tiempo innecesaria\u201d.<\/p>\n\n\n<p><\/p>\n","protected":false},"excerpt":{"rendered":"<p>Francisco Gonz\u00e1lez mantuvo un encuentro con integrantes de la entidad en la ma\u00f1ana de este viernes. Desde hace un tiempo,<\/p>\n","protected":false},"author":4,"featured_media":164737,"comment_status":"closed","ping_status":"closed","sticky":false,"template":"","format":"standard","meta":{"_jetpack_memberships_contains_paid_content":false,"footnotes":""},"categories":[4,1],"tags":[],"class_list":["post-164736","post","type-post","status-publish","format-standard","has-post-thumbnail","hentry","category-politica","category-portada"],"jetpack_featured_media_url":"https:\/\/i0.wp.com\/cdnoticias.com\/wp-content\/uploads\/2025\/02\/HCD-pancho-gonzalez-veteranos-de-guerra-a.jpg?fit=1000%2C556&ssl=1","jetpack_sharing_enabled":true,"_links":{"self":[{"href":"https:\/\/cdnoticias.com\/index.php\/wp-json\/wp\/v2\/posts\/164736","targetHints":{"allow":["GET"]}}],"collection":[{"href":"https:\/\/cdnoticias.com\/index.php\/wp-json\/wp\/v2\/posts"}],"about":[{"href":"https:\/\/cdnoticias.com\/index.php\/wp-json\/wp\/v2\/types\/post"}],"author":[{"embeddable":true,"href":"https:\/\/cdnoticias.com\/index.php\/wp-json\/wp\/v2\/users\/4"}],"replies":[{"embeddable":true,"href":"https:\/\/cdnoticias.com\/index.php\/wp-json\/wp\/v2\/comments?post=164736"}],"version-history":[{"count":0,"href":"https:\/\/cdnoticias.com\/index.php\/wp-json\/wp\/v2\/posts\/164736\/revisions"}],"wp:featuredmedia":[{"embeddable":true,"href":"https:\/\/cdnoticias.com\/index.php\/wp-json\/wp\/v2\/media\/164737"}],"wp:attachment":[{"href":"https:\/\/cdnoticias.com\/index.php\/wp-json\/wp\/v2\/media?parent=164736"}],"wp:term":[{"taxonomy":"category","embeddable":true,"href":"https:\/\/cdnoticias.com\/index.php\/wp-json\/wp\/v2\/categories?post=164736"},{"taxonomy":"post_tag","embeddable":true,"href":"https:\/\/cdnoticias.com\/index.php\/wp-json\/wp\/v2\/tags?post=164736"}],"curies":[{"name":"wp","href":"https:\/\/api.w.org\/{rel}","templated":true}]}}