{"id":164702,"date":"2025-02-21T08:07:52","date_gmt":"2025-02-21T11:07:52","guid":{"rendered":"https:\/\/cdnoticias.com\/?p=164702"},"modified":"2025-02-21T11:32:34","modified_gmt":"2025-02-21T14:32:34","slug":"dos-alertas-meteorologicas-para-olavarria-tormentas-y-altas-temperaturas","status":"publish","type":"post","link":"https:\/\/cdnoticias.com\/index.php\/2025\/02\/21\/dos-alertas-meteorologicas-para-olavarria-tormentas-y-altas-temperaturas\/","title":{"rendered":"Dos alertas meteorol\u00f3gicas para Olavarr\u00eda: tormentas y altas temperaturas"},"content":{"rendered":"\n<p>El Servicio Meteorol\u00f3gico Nacional emiti\u00f3 las advertencias para nuestra ciudad. \u00bfC\u00f3mo estar\u00e1 el tiempo en las pr\u00f3ximas horas?<\/p>\n\n\n\n<hr class=\"wp-block-separator has-alpha-channel-opacity\"\/>\n\n\n\n<p>Este viernes el Servicio Meteorol\u00f3gico Nacional lanz\u00f3<strong> dos alertas nivel amarillo. <\/strong>Una por<strong> tormentas<\/strong> y otra por<strong> altas temperaturas <\/strong>para Olavarr\u00eda y la zona.<\/p>\n\n\n\n<p><\/p>\n\n\n\n<p>En primer lugar, cabe se\u00f1alar que <strong>la temperatura m\u00e1xima prevista para este viernes es de 35\u00b0.<\/strong> La advertencia del SMN por temperaturas extremas alcanza al norte y centro del pa\u00eds. De esta forma, se recomienda<strong> tomar precauciones para evitar un golpe de calor.<\/strong><\/p>\n\n\n\n<p><\/p>\n\n\n\n<p>Recordemos que el <strong>nivel amarillo<\/strong> indica un efecto leve a moderado en la salud, pudiendo ser de peligroso para los grupos de riesgo como ni\u00f1os, ni\u00f1as, personas mayores de 65 a\u00f1os y con enfermedades cr\u00f3nicas.<\/p>\n\n\n\n<p><\/p>\n\n\n\n<p><strong>Alerta por tormentas<\/strong><\/p>\n\n\n\n<p><\/p>\n\n\n\n<p>La otra alerta emitida por el organismo nacional es por <strong>tormentas <\/strong>para Olavarr\u00eda y la zona. <strong>Rige para la noche de este viernes y madrugada del s\u00e1bado.<\/strong><\/p>\n\n\n\n<p><\/p>\n\n\n\n<p>Se\u00f1alaron que el \u00e1rea ser\u00e1 afectada por <strong>tormentas aisladas intercaladas con periodos de mejoras temporarias.<\/strong> Estas tormentas podr\u00e1n ser localmente fuertes, acompa\u00f1adas por <strong>abundante ca\u00edda de agua en cortos per\u00edodos, fuerte actividad el\u00e9ctrica, ocasional ca\u00edda de granizo y r\u00e1fagas entre 60 y 80 km\/h.<\/strong><\/p>\n\n\n\n<p><\/p>\n\n\n\n<p>Se prev\u00e9n<strong> valores de precipitaci\u00f3n acumulada entre 20 y 50 mm,<\/strong> pudiendo ser superados en forma puntual.<\/p>\n\n\n\n<p><\/p>\n\n\n\n<p>La advertencia amarilla<strong> se sostiene tambi\u00e9n para la noche del s\u00e1bado y la tarde del domingo.<\/strong><\/p>\n\n\n\n<p><\/p>\n\n\n\n<figure class=\"wp-block-image size-full\"><img data-recalc-dims=\"1\" loading=\"lazy\" decoding=\"async\" width=\"710\" height=\"304\" src=\"https:\/\/i0.wp.com\/cdnoticias.com\/wp-content\/uploads\/2025\/02\/image.png?resize=710%2C304&#038;ssl=1\" alt=\"\" class=\"wp-image-164703\" srcset=\"https:\/\/i0.wp.com\/cdnoticias.com\/wp-content\/uploads\/2025\/02\/image.png?w=710&amp;ssl=1 710w, https:\/\/i0.wp.com\/cdnoticias.com\/wp-content\/uploads\/2025\/02\/image.png?resize=300%2C128&amp;ssl=1 300w\" sizes=\"auto, (max-width: 710px) 100vw, 710px\" \/><\/figure>\n","protected":false},"excerpt":{"rendered":"<p>El Servicio Meteorol\u00f3gico Nacional emiti\u00f3 las advertencias para nuestra ciudad. \u00bfC\u00f3mo estar\u00e1 el tiempo en las pr\u00f3ximas horas? Este viernes<\/p>\n","protected":false},"author":5,"featured_media":131111,"comment_status":"closed","ping_status":"closed","sticky":false,"template":"","format":"standard","meta":{"_jetpack_memberships_contains_paid_content":false,"footnotes":""},"categories":[5,1],"tags":[],"class_list":["post-164702","post","type-post","status-publish","format-standard","has-post-thumbnail","hentry","category-informacion-general","category-portada"],"jetpack_featured_media_url":"https:\/\/i0.wp.com\/cdnoticias.com\/wp-content\/uploads\/2024\/11\/tormenta-olavarria-lluvias1.jpg?fit=1000%2C556&ssl=1","jetpack_sharing_enabled":true,"_links":{"self":[{"href":"https:\/\/cdnoticias.com\/index.php\/wp-json\/wp\/v2\/posts\/164702","targetHints":{"allow":["GET"]}}],"collection":[{"href":"https:\/\/cdnoticias.com\/index.php\/wp-json\/wp\/v2\/posts"}],"about":[{"href":"https:\/\/cdnoticias.com\/index.php\/wp-json\/wp\/v2\/types\/post"}],"author":[{"embeddable":true,"href":"https:\/\/cdnoticias.com\/index.php\/wp-json\/wp\/v2\/users\/5"}],"replies":[{"embeddable":true,"href":"https:\/\/cdnoticias.com\/index.php\/wp-json\/wp\/v2\/comments?post=164702"}],"version-history":[{"count":0,"href":"https:\/\/cdnoticias.com\/index.php\/wp-json\/wp\/v2\/posts\/164702\/revisions"}],"wp:featuredmedia":[{"embeddable":true,"href":"https:\/\/cdnoticias.com\/index.php\/wp-json\/wp\/v2\/media\/131111"}],"wp:attachment":[{"href":"https:\/\/cdnoticias.com\/index.php\/wp-json\/wp\/v2\/media?parent=164702"}],"wp:term":[{"taxonomy":"category","embeddable":true,"href":"https:\/\/cdnoticias.com\/index.php\/wp-json\/wp\/v2\/categories?post=164702"},{"taxonomy":"post_tag","embeddable":true,"href":"https:\/\/cdnoticias.com\/index.php\/wp-json\/wp\/v2\/tags?post=164702"}],"curies":[{"name":"wp","href":"https:\/\/api.w.org\/{rel}","templated":true}]}}