{"id":164697,"date":"2025-02-20T18:43:51","date_gmt":"2025-02-20T21:43:51","guid":{"rendered":"https:\/\/cdnoticias.com\/?p=164697"},"modified":"2025-02-21T09:09:50","modified_gmt":"2025-02-21T12:09:50","slug":"jose-luis-iturralde-creemos-que-es-el-paso-previo-a-la-privatizacion","status":"publish","type":"post","link":"https:\/\/cdnoticias.com\/index.php\/2025\/02\/20\/jose-luis-iturralde-creemos-que-es-el-paso-previo-a-la-privatizacion\/","title":{"rendered":"Jos\u00e9 Luis Iturralde: \u201cCreemos que es el paso previo a la privatizaci\u00f3n\u201d"},"content":{"rendered":"\n<p>El secretario General de la Asociaci\u00f3n Bancaria de Azul opin\u00f3 acerca del decreto que impuls\u00f3 el Presidente para declarar al Banco Naci\u00f3n como sociedad an\u00f3mina. Trabajadores en estado de alerta y dijo que es para \u201ctapar\u201d el esc\u00e1ndalo de la estafa con la moneda meme.<\/p>\n\n\n\n<hr class=\"wp-block-separator aligncenter has-alpha-channel-opacity\"\/>\n\n\n\n<p>Tras la firma de un decreto de la gesti\u00f3n <strong>Milei que declara al Banco Naci\u00f3n como Sociedad An\u00f3nima, el secretario General de la Asociaci\u00f3n Bancaria regional Azul, Jos\u00e9 Luis Iturralde, dialog\u00f3 con Central de Noticias sobre los riesgos que implica esta decisi\u00f3n y la inmediatez del gremio en declararse en estado de alerta permanente para evitar una decisi\u00f3n que catalog\u00f3 de \u201cinnecesaria\u201d.<\/strong><\/p>\n\n\n\n<figure class=\"wp-block-embed is-type-wp-embed is-provider-central-de-noticias-olavarr-a wp-block-embed-central-de-noticias-olavarr-a\"><div class=\"wp-block-embed__wrapper\">\n<blockquote class=\"wp-embedded-content\" data-secret=\"kT4rJcjgy5\"><a href=\"https:\/\/cdnoticias.com\/index.php\/2025\/02\/20\/milei-firmo-el-decreto-que-transforma-al-banco-nacion-en-sociedad-anonima\/\">Milei firm\u00f3 el decreto que transforma al Banco Naci\u00f3n en Sociedad An\u00f3nima<\/a><\/blockquote><iframe loading=\"lazy\" class=\"wp-embedded-content\" sandbox=\"allow-scripts\" security=\"restricted\" style=\"position: absolute; visibility: hidden;\" title=\"&#8220;Milei firm\u00f3 el decreto que transforma al Banco Naci\u00f3n en Sociedad An\u00f3nima&#8221; &#8212; Central de Noticias | Olavarr\u00eda\" src=\"https:\/\/cdnoticias.com\/index.php\/2025\/02\/20\/milei-firmo-el-decreto-que-transforma-al-banco-nacion-en-sociedad-anonima\/embed\/#?secret=eKs3cK41Zm#?secret=kT4rJcjgy5\" data-secret=\"kT4rJcjgy5\" width=\"600\" height=\"338\" frameborder=\"0\" marginwidth=\"0\" marginheight=\"0\" scrolling=\"no\"><\/iframe>\n<\/div><\/figure>\n\n\n\n<p>Iturralde dijo, en principio, que lo hace <em>\u201csin ninguna necesidad ni urgencia. Entre las premisas del decreto dice que es para hacer eficiente el Estado\u201d<\/em> y explic\u00f3 que <em><strong>\u201cel Banco Naci\u00f3n cabe mencionar que es superavitario. Ha tenido un super\u00e1vit h\u00edper millonario, de hecho financia las arcas p\u00fablicas del Estado. Creemos que es el paso previo a la privatizaci\u00f3n y por eso seguramente con este decreto fue a Estados Unidos para conseguir los inversores respectivos que pueden ser los amigos involucrados en este \u00faltimo evento de las criptomonedas\u201d <\/strong><\/em>acus\u00f3.<\/p>\n\n\n\n<p>El secretario general de Azul del gremio que conduce Sergio Palazzo a nivel nacional detall\u00f3 adem\u00e1s que hay una cuesti\u00f3n jur\u00eddica ya que<em> \u201cel Banco es una entidad aut\u00e1rquica, hay un fallo del a\u00f1o pasado del juez federal Alejo Ramos Padilla que dicta que para modificar el status societario del Banco Naci\u00f3n se necesita el accionar del Congreso, o sea que este decreto no puede entrar vigencia hasta tanto no tenga un sustento legislativo\u201d <\/em>por lo que <strong>ser\u00eda inconstitucional.<\/strong><\/p>\n\n\n\n<blockquote class=\"wp-block-quote is-layout-flow wp-block-quote-is-layout-flow\">\n<p>\u201cTenemos dos luchas, la pol\u00edtica y la jur\u00eddica. Y la lucha gremial tambi\u00e9n. Hemos declarado la alerta, haremos las acciones correspondientes con las acciones gremiales internas del Banco Naci\u00f3n para defender el status del banco, que es eficiente, superavitario, y financia la mayor cantidad de industrias que tiene la Rep\u00fablica Argentina para el desarrollo\u201d.<\/p>\n<\/blockquote>\n\n\n\n<p>De hecho, denunci\u00f3 que la decisi\u00f3n la tom\u00f3<em><strong> \u201cen una actitud de debilidad institucional, despu\u00e9s de lo que ha pasado con la estafa en el tema de las criptomonedas, ha quedado en el ojo de la palestra, no s\u00f3lo para los argentinos que votaron o no votaron por \u00e9l, sino para las instituciones internacionales, Fondo Monetario y las democracias del mundo que quedaron azorados por esta situaci\u00f3n. Empiezan con estas clases de ardid para tapar un esc\u00e1ndalo con otro\u201d.<\/strong><\/em><\/p>\n\n\n\n<p>Para cerrar, manifest\u00f3 que el gremio se encuentra <em><strong>\u201cmuy firme, no aflojamos, listos para el debate que lo queremos dar y tenemos al mejor abanderado, Sergio Palazzo, para llevar las banderas de la lucha, integridad, dignidad y no perder derechos\u201d<\/strong><\/em> cerr\u00f3.<\/p>\n","protected":false},"excerpt":{"rendered":"<p>El secretario General de la Asociaci\u00f3n Bancaria de Azul opin\u00f3 acerca del decreto que impuls\u00f3 el Presidente para declarar al<\/p>\n","protected":false},"author":2,"featured_media":164699,"comment_status":"closed","ping_status":"closed","sticky":false,"template":"","format":"standard","meta":{"_jetpack_memberships_contains_paid_content":false,"footnotes":""},"categories":[4,1],"tags":[],"class_list":["post-164697","post","type-post","status-publish","format-standard","has-post-thumbnail","hentry","category-politica","category-portada"],"jetpack_featured_media_url":"https:\/\/i0.wp.com\/cdnoticias.com\/wp-content\/uploads\/2025\/02\/iturralde-palazzo-bancaria.jpg?fit=1280%2C671&ssl=1","jetpack_sharing_enabled":true,"_links":{"self":[{"href":"https:\/\/cdnoticias.com\/index.php\/wp-json\/wp\/v2\/posts\/164697","targetHints":{"allow":["GET"]}}],"collection":[{"href":"https:\/\/cdnoticias.com\/index.php\/wp-json\/wp\/v2\/posts"}],"about":[{"href":"https:\/\/cdnoticias.com\/index.php\/wp-json\/wp\/v2\/types\/post"}],"author":[{"embeddable":true,"href":"https:\/\/cdnoticias.com\/index.php\/wp-json\/wp\/v2\/users\/2"}],"replies":[{"embeddable":true,"href":"https:\/\/cdnoticias.com\/index.php\/wp-json\/wp\/v2\/comments?post=164697"}],"version-history":[{"count":0,"href":"https:\/\/cdnoticias.com\/index.php\/wp-json\/wp\/v2\/posts\/164697\/revisions"}],"wp:featuredmedia":[{"embeddable":true,"href":"https:\/\/cdnoticias.com\/index.php\/wp-json\/wp\/v2\/media\/164699"}],"wp:attachment":[{"href":"https:\/\/cdnoticias.com\/index.php\/wp-json\/wp\/v2\/media?parent=164697"}],"wp:term":[{"taxonomy":"category","embeddable":true,"href":"https:\/\/cdnoticias.com\/index.php\/wp-json\/wp\/v2\/categories?post=164697"},{"taxonomy":"post_tag","embeddable":true,"href":"https:\/\/cdnoticias.com\/index.php\/wp-json\/wp\/v2\/tags?post=164697"}],"curies":[{"name":"wp","href":"https:\/\/api.w.org\/{rel}","templated":true}]}}