{"id":164681,"date":"2025-02-20T18:37:48","date_gmt":"2025-02-20T21:37:48","guid":{"rendered":"https:\/\/cdnoticias.com\/?p=164681"},"modified":"2025-02-20T18:37:52","modified_gmt":"2025-02-20T21:37:52","slug":"milei-firmo-el-decreto-que-transforma-al-banco-nacion-en-sociedad-anonima","status":"publish","type":"post","link":"https:\/\/cdnoticias.com\/index.php\/2025\/02\/20\/milei-firmo-el-decreto-que-transforma-al-banco-nacion-en-sociedad-anonima\/","title":{"rendered":"Milei firm\u00f3 el decreto que transforma al Banco Naci\u00f3n en Sociedad An\u00f3nima"},"content":{"rendered":"<p>La privatizaci\u00f3n de la principal entidad financiera hab\u00eda sido propuesta por el Gobierno, pero el Congreso la rechaz\u00f3. El flamante BNA S.A. ser\u00e1 en su 99,9% propiedad del Estado y el 0,1% restante, de la Fundaci\u00f3n Banco de la Naci\u00f3n Argentina.<!--more--><\/p>\n<hr \/>\n<p>Antes de viajar a los Estados Unidos para reunirse con Elon Musk y el FMI, <strong>el presidente Javier Milei firm\u00f3 el decreto 116\/2025<\/strong> que<strong> transforma al Banco Naci\u00f3n en una sociedad an\u00f3nima<\/strong>. El <strong>Estado<\/strong> mantendr\u00e1 la titularidad del <strong>99,9% del capital social<\/strong> y el <strong>0,1%<\/strong> restante ser\u00e1 propiedad de la <strong>Fundaci\u00f3n Banco de la Naci\u00f3n Argentina<\/strong>.<\/p>\n<p>As\u00ed <strong>lo anunci\u00f3 el vocero presidencial, Manuel Adorni<\/strong>, en redes sociales, en un mensaje que complet\u00f3 con la frase \u201cDios bendiga a la Rep\u00fablica Argentina\u201d y su tradicional \u201cFin\u201d.<\/p>\n<p>El Gobierno <strong>hab\u00eda incluido al Banco Naci\u00f3n en el listado de empresas a privatizar<\/strong>, pero finalmente la entidad fue excluida por el Congreso.<\/p>\n<figure id=\"attachment_2332\" aria-describedby=\"caption-attachment-2332\" style=\"width: 800px\" class=\"wp-caption aligncenter\"><img data-recalc-dims=\"1\" loading=\"lazy\" decoding=\"async\" class=\"wp-image-2332 size-large\" src=\"https:\/\/i0.wp.com\/cdnoticias.com\/wp-content\/uploads\/2020\/09\/WhatsApp-Image-2020-09-24-at-11.22.49.jpeg?resize=800%2C600&#038;ssl=1\" alt=\"\" width=\"800\" height=\"600\" srcset=\"https:\/\/i0.wp.com\/cdnoticias.com\/wp-content\/uploads\/2020\/09\/WhatsApp-Image-2020-09-24-at-11.22.49.jpeg?resize=1024%2C768&amp;ssl=1 1024w, https:\/\/i0.wp.com\/cdnoticias.com\/wp-content\/uploads\/2020\/09\/WhatsApp-Image-2020-09-24-at-11.22.49.jpeg?resize=300%2C225&amp;ssl=1 300w, https:\/\/i0.wp.com\/cdnoticias.com\/wp-content\/uploads\/2020\/09\/WhatsApp-Image-2020-09-24-at-11.22.49.jpeg?resize=768%2C576&amp;ssl=1 768w, https:\/\/i0.wp.com\/cdnoticias.com\/wp-content\/uploads\/2020\/09\/WhatsApp-Image-2020-09-24-at-11.22.49.jpeg?w=1032&amp;ssl=1 1032w\" sizes=\"auto, (max-width: 800px) 100vw, 800px\" \/><figcaption id=\"caption-attachment-2332\" class=\"wp-caption-text\">La sede del Banco Naci\u00f3n en Olavarr\u00eda.<\/figcaption><\/figure>\n<blockquote><p>Seg\u00fan se indic\u00f3 en su momento desde el Naci\u00f3n, la transformaci\u00f3n en sociedad an\u00f3nima es \u201cimprescindible\u201d para que la entidad \u201ccontin\u00fae aumentando los pr\u00e9stamos a favor de las PyMEs y las familias\u201d.\u00a0\u201cPara sostener ese crecimiento, la instituci\u00f3n necesitar\u00e1 ampliar su fondeo, lo que podr\u00e1 hacer abriendo su capital, para lo cual es esencial que se convierta en Sociedad An\u00f3nima y que tenga la aprobaci\u00f3n del Congreso\u201d, se\u00f1alaron desde el banco.<\/p><\/blockquote>\n<blockquote class=\"twitter-tweet\">\n<p dir=\"ltr\" lang=\"es\">El Presidente de la Naci\u00f3n acaba de firmar el decreto que transforma al Banco de la Naci\u00f3n Argentina en Sociedad An\u00f3nima.<\/p>\n<p>Dios bendiga a la Rep\u00fablica Argentina.<\/p>\n<p>Fin.<\/p>\n<p>\u2014 Manuel Adorni (@madorni) <a href=\"https:\/\/twitter.com\/madorni\/status\/1892400316345131468?ref_src=twsrc%5Etfw\">February 20, 2025<\/a><\/p><\/blockquote>\n<p><script async src=\"https:\/\/platform.twitter.com\/widgets.js\" charset=\"utf-8\"><\/script><\/p>\n<h3>Argumentos<\/h3>\n<p>Entre los considerandos del decreto, se menciona que el Gobierno nacional<strong> \u201cha iniciado un proceso de evaluaci\u00f3n de la eficiencia organizacional de las estructuras de los distintos \u00f3rganos<\/strong> y organismos que conforman la Administraci\u00f3n central y descentralizada\u201d.<\/p>\n<p>As\u00ed, en el decreto 70\/2023, el conocido como Bases para la Reconstrucci\u00f3n de la Econom\u00eda Argentina, \u201cse dispuso que las sociedades o empresas con participaci\u00f3n estatal se transformar\u00e1n en sociedades an\u00f3nimas y se ajustar\u00e1n a lo dispuesto en la Ley General de Sociedades\u201d.<\/p>\n<p>Contin\u00faan: \u201cQue con fundamento en el citado decreto se procedi\u00f3 a transformar en sociedad an\u00f3nima a numerosas empresas y sociedades del Estado para mejorar la gesti\u00f3n, transparencia y el gobierno corporativo de las mismas\u201d.<\/p>\n<p><img data-recalc-dims=\"1\" loading=\"lazy\" decoding=\"async\" class=\"size-full wp-image-413 aligncenter\" src=\"https:\/\/i0.wp.com\/cdnoticias.com\/wp-content\/uploads\/2020\/09\/asdasd-1.jpg?resize=800%2C451&#038;ssl=1\" alt=\"\" width=\"800\" height=\"451\" srcset=\"https:\/\/i0.wp.com\/cdnoticias.com\/wp-content\/uploads\/2020\/09\/asdasd-1.jpg?w=1004&amp;ssl=1 1004w, https:\/\/i0.wp.com\/cdnoticias.com\/wp-content\/uploads\/2020\/09\/asdasd-1.jpg?resize=300%2C169&amp;ssl=1 300w, https:\/\/i0.wp.com\/cdnoticias.com\/wp-content\/uploads\/2020\/09\/asdasd-1.jpg?resize=768%2C433&amp;ssl=1 768w\" sizes=\"auto, (max-width: 800px) 100vw, 800px\" \/><\/p>\n<p>Se argumenta que <strong>\u201cel actual r\u00e9gimen de entidad aut\u00e1rquica limita la capacidad del BANCO DE LA NACI\u00d3N ARGENTINA para competir en igualdad de condiciones con otras entidades del sector financiero\u201d<\/strong>. Y, por lo tanto,<strong> \u201cla transformaci\u00f3n del BANCO DE LA NACI\u00d3N ARGENTINA en sociedad an\u00f3nima contribuir\u00e1 a modernizar su estructura jur\u00eddica y operativa,<\/strong> permitiendo una mayor flexibilidad en su gesti\u00f3n y adaptaci\u00f3n a las mejores pr\u00e1cticas del mercado financiero, incorporando mecanismos de gobierno corporativo m\u00e1s \u00e1giles y eficientes y una administraci\u00f3n m\u00e1s profesionalizada y alineada con est\u00e1ndares internacionales de transparencia, eficiencia y control\u201d.<\/p>\n<p>Adem\u00e1s, \u201cla transformaci\u00f3n<strong> permitir\u00e1 optimizar la asignaci\u00f3n de recursos, fortalecer su posici\u00f3n en el mercado y potenciar su capacidad de financiamiento<\/strong>, en beneficio de sus clientes y del desarrollo econ\u00f3mico en general\u201d.<\/p>\n<p>De esta manera,<strong> \u201clos accionistas del BANCO DE LA NACI\u00d3N ARGENTINA SOCIEDAD AN\u00d3NIMA (BNA S.A.) ser\u00e1n el ESTADO NACIONAL<\/strong>, quien mantendr\u00e1 la titularidad del NOVENTA Y NUEVE COMA NUEVE POR CIENTO (99,9 %) del capital social y que ejercer\u00e1 todos sus derechos a trav\u00e9s del MINISTERIO DE ECONOM\u00cdA, y la <strong>FUNDACI\u00d3N BANCO DE LA NACI\u00d3N ARGENTINA<\/strong>, quien mantendr\u00e1 la titularidad del CERO COMA UNO POR CIENTO (0,1 %) del capital social\u201d.<\/p>\n<blockquote><p>Adem\u00e1s, en el decreto se remarca que el capital social del BNA S.A. \u201cse prev\u00e9 en la suma de PESOS UN BILL\u00d3N SEISCIENTOS DOS MIL DOSCIENTOS SETENTA Y CUATRO MILLONES NOVECIENTOS SESENTA Y CINCO MIL ($1.602.274.965.000), el cual deber\u00e1 ser suscripto e integrado en su totalidad, debiendo constar ello en su Acta de Constituci\u00f3n\u201d.<\/p><\/blockquote>\n<h3>Historia<\/h3>\n<p>Como informa la entidad en su sitio web, el Banco de la Naci\u00f3n Argentina fue fundado en 1891 por iniciativa del presidente Carlos Pellegrini \u201ccomo un medio para resolver los embates de una devastadora crisis econ\u00f3mica que afectaba, en especial, al sistema bancario existente en ese momento\u201d.<\/p>\n<p>\u201cDe capital enteramente estatal, en pocos a\u00f1os abarc\u00f3 en su giro a toda la geograf\u00eda nacional y se convirti\u00f3 en el mayor banco comercial argentino\u201d, se destaca.<\/p>\n<p>Fuente: <em>Agencia DIB<\/em><\/p>\n","protected":false},"excerpt":{"rendered":"<p>La privatizaci\u00f3n de la principal entidad financiera hab\u00eda sido propuesta por el Gobierno, pero el Congreso la rechaz\u00f3. El flamante<\/p>\n","protected":false},"author":4,"featured_media":2757,"comment_status":"closed","ping_status":"closed","sticky":false,"template":"","format":"standard","meta":{"_jetpack_memberships_contains_paid_content":false,"footnotes":""},"categories":[6,1],"tags":[],"class_list":["post-164681","post","type-post","status-publish","format-standard","has-post-thumbnail","hentry","category-nacionales","category-portada"],"jetpack_featured_media_url":"https:\/\/i0.wp.com\/cdnoticias.com\/wp-content\/uploads\/2020\/09\/WhatsApp-Image-2020-09-24-at-11.22.48.jpeg?fit=1032%2C774&ssl=1","jetpack_sharing_enabled":true,"_links":{"self":[{"href":"https:\/\/cdnoticias.com\/index.php\/wp-json\/wp\/v2\/posts\/164681","targetHints":{"allow":["GET"]}}],"collection":[{"href":"https:\/\/cdnoticias.com\/index.php\/wp-json\/wp\/v2\/posts"}],"about":[{"href":"https:\/\/cdnoticias.com\/index.php\/wp-json\/wp\/v2\/types\/post"}],"author":[{"embeddable":true,"href":"https:\/\/cdnoticias.com\/index.php\/wp-json\/wp\/v2\/users\/4"}],"replies":[{"embeddable":true,"href":"https:\/\/cdnoticias.com\/index.php\/wp-json\/wp\/v2\/comments?post=164681"}],"version-history":[{"count":0,"href":"https:\/\/cdnoticias.com\/index.php\/wp-json\/wp\/v2\/posts\/164681\/revisions"}],"wp:featuredmedia":[{"embeddable":true,"href":"https:\/\/cdnoticias.com\/index.php\/wp-json\/wp\/v2\/media\/2757"}],"wp:attachment":[{"href":"https:\/\/cdnoticias.com\/index.php\/wp-json\/wp\/v2\/media?parent=164681"}],"wp:term":[{"taxonomy":"category","embeddable":true,"href":"https:\/\/cdnoticias.com\/index.php\/wp-json\/wp\/v2\/categories?post=164681"},{"taxonomy":"post_tag","embeddable":true,"href":"https:\/\/cdnoticias.com\/index.php\/wp-json\/wp\/v2\/tags?post=164681"}],"curies":[{"name":"wp","href":"https:\/\/api.w.org\/{rel}","templated":true}]}}