{"id":164667,"date":"2025-02-20T19:21:15","date_gmt":"2025-02-20T22:21:15","guid":{"rendered":"https:\/\/cdnoticias.com\/?p=164667"},"modified":"2025-02-21T09:46:18","modified_gmt":"2025-02-21T12:46:18","slug":"fue-aprehendido-un-hombre-que-era-buscado-desde-2022","status":"publish","type":"post","link":"https:\/\/cdnoticias.com\/index.php\/2025\/02\/20\/fue-aprehendido-un-hombre-que-era-buscado-desde-2022\/","title":{"rendered":"Fue aprehendido un hombre que era buscado desde 2022"},"content":{"rendered":"\n<p>Tiene 36 a\u00f1os y era buscado en el marco de una investigaci\u00f3n por \u201crobo calificado por el uso de arma\u201d.<\/p>\n\n\n\n<hr class=\"wp-block-separator has-alpha-channel-opacity\"\/>\n\n\n\n<p>En las \u00faltimas horas efectivos policiales lograron aprehender a un hombre que ten\u00eda un <strong>pedido de \u201cparadero activo\u201d.<\/strong><\/p>\n\n\n\n<p><\/p>\n\n\n\n<p>Seg\u00fan se especific\u00f3, <strong>el hombre de 36 a\u00f1os fue detenido en Las Heras al 7600.<\/strong><\/p>\n\n\n\n<p><\/p>\n\n\n\n<p><strong>Era buscado desde abril de 2022 <\/strong>en el marco de una causa por <strong>\u201crobo calificado por el uso de arma\u201d<\/strong> con intervenci\u00f3n del TOC N\u00b0 2 de Azul.<\/p>\n\n\n\n<p><\/p>\n\n\n\n<p>El detenido fue alojado en la Comisar\u00eda Segunda a disposici\u00f3n del juzgado interviniente.<\/p>\n","protected":false},"excerpt":{"rendered":"<p>Tiene 36 a\u00f1os y era buscado en el marco de una investigaci\u00f3n por \u201crobo calificado por el uso de arma\u201d.<\/p>\n","protected":false},"author":5,"featured_media":164668,"comment_status":"closed","ping_status":"closed","sticky":false,"template":"","format":"standard","meta":{"_jetpack_memberships_contains_paid_content":false,"footnotes":""},"categories":[14,1],"tags":[],"class_list":["post-164667","post","type-post","status-publish","format-standard","has-post-thumbnail","hentry","category-policiales","category-portada"],"jetpack_featured_media_url":"https:\/\/i0.wp.com\/cdnoticias.com\/wp-content\/uploads\/2025\/02\/aprehendido-paraderoactivo-robo.jpg?fit=1204%2C670&ssl=1","jetpack_sharing_enabled":true,"_links":{"self":[{"href":"https:\/\/cdnoticias.com\/index.php\/wp-json\/wp\/v2\/posts\/164667","targetHints":{"allow":["GET"]}}],"collection":[{"href":"https:\/\/cdnoticias.com\/index.php\/wp-json\/wp\/v2\/posts"}],"about":[{"href":"https:\/\/cdnoticias.com\/index.php\/wp-json\/wp\/v2\/types\/post"}],"author":[{"embeddable":true,"href":"https:\/\/cdnoticias.com\/index.php\/wp-json\/wp\/v2\/users\/5"}],"replies":[{"embeddable":true,"href":"https:\/\/cdnoticias.com\/index.php\/wp-json\/wp\/v2\/comments?post=164667"}],"version-history":[{"count":0,"href":"https:\/\/cdnoticias.com\/index.php\/wp-json\/wp\/v2\/posts\/164667\/revisions"}],"wp:featuredmedia":[{"embeddable":true,"href":"https:\/\/cdnoticias.com\/index.php\/wp-json\/wp\/v2\/media\/164668"}],"wp:attachment":[{"href":"https:\/\/cdnoticias.com\/index.php\/wp-json\/wp\/v2\/media?parent=164667"}],"wp:term":[{"taxonomy":"category","embeddable":true,"href":"https:\/\/cdnoticias.com\/index.php\/wp-json\/wp\/v2\/categories?post=164667"},{"taxonomy":"post_tag","embeddable":true,"href":"https:\/\/cdnoticias.com\/index.php\/wp-json\/wp\/v2\/tags?post=164667"}],"curies":[{"name":"wp","href":"https:\/\/api.w.org\/{rel}","templated":true}]}}