{"id":164663,"date":"2025-02-20T11:51:54","date_gmt":"2025-02-20T14:51:54","guid":{"rendered":"https:\/\/cdnoticias.com\/?p=164663"},"modified":"2025-02-20T17:36:50","modified_gmt":"2025-02-20T20:36:50","slug":"armados-robaron-un-kiosco-lograron-atrapar-a-uno-de-los-delincuentes","status":"publish","type":"post","link":"https:\/\/cdnoticias.com\/index.php\/2025\/02\/20\/armados-robaron-un-kiosco-lograron-atrapar-a-uno-de-los-delincuentes\/","title":{"rendered":"Armados robaron un kiosco: lograron atrapar a uno de los delincuentes"},"content":{"rendered":"\n<p>Dos hombres amenazaron al empleado del comercio ubicado en Col\u00f3n y Alsina. Sustrajeron dinero y mercader\u00eda. La polic\u00eda detuvo a un joven de 18 a\u00f1os por el hecho.<\/p>\n\n\n\n<hr class=\"wp-block-separator has-alpha-channel-opacity\"\/>\n\n\n\n<p>Este jueves se produjo un robo en el kiosco ubicado en avenida Col\u00f3n y Alsina. Seg\u00fan se inform\u00f3, <strong>dos hombres ingresaron al comercio con un arma blanca y sus rostros cubiertos.<\/strong><\/p>\n\n\n\n<p><\/p>\n\n\n\n<p>Luego de amenazar al empleado del kiosco, <strong>se llevaron dinero en efectivo y mercader\u00eda.<\/strong><\/p>\n\n\n\n<p><\/p>\n\n\n\n<blockquote class=\"wp-block-quote is-layout-flow wp-block-quote-is-layout-flow\">\n<p>Alertados de la situaci\u00f3n, el personal policial del Comando de Patrullas activ\u00f3 la b\u00fasqueda y <strong>logr\u00f3 dar con uno de ellos en Grimaldi al 2300. <\/strong>Se trata de un joven de 18 a\u00f1os que ten\u00eda en su mochila los elementos sustra\u00eddos instantes antes.<\/p>\n<\/blockquote>\n\n\n\n<p><\/p>\n\n\n\n<figure class=\"wp-block-image size-full\"><img data-recalc-dims=\"1\" loading=\"lazy\" decoding=\"async\" width=\"800\" height=\"445\" src=\"https:\/\/i0.wp.com\/cdnoticias.com\/wp-content\/uploads\/2025\/02\/robo-kiosco-colon-alsina-02.jpg?resize=800%2C445&#038;ssl=1\" alt=\"\" class=\"wp-image-164665\" srcset=\"https:\/\/i0.wp.com\/cdnoticias.com\/wp-content\/uploads\/2025\/02\/robo-kiosco-colon-alsina-02.jpg?w=800&amp;ssl=1 800w, https:\/\/i0.wp.com\/cdnoticias.com\/wp-content\/uploads\/2025\/02\/robo-kiosco-colon-alsina-02.jpg?resize=300%2C167&amp;ssl=1 300w, https:\/\/i0.wp.com\/cdnoticias.com\/wp-content\/uploads\/2025\/02\/robo-kiosco-colon-alsina-02.jpg?resize=768%2C427&amp;ssl=1 768w\" sizes=\"auto, (max-width: 800px) 100vw, 800px\" \/><\/figure>\n\n\n\n<p><\/p>\n\n\n\n<p>El joven fue aprehendido y trasladado a la Comisar\u00eda Primera a disposici\u00f3n de la UFI N\u00b010. La causa est\u00e1 caratulada como <strong>\u201crobo calificado\u201d.<\/strong><\/p>\n","protected":false},"excerpt":{"rendered":"<p>Dos hombres amenazaron al empleado del comercio ubicado en Col\u00f3n y Alsina. Sustrajeron dinero y mercader\u00eda. La polic\u00eda detuvo a<\/p>\n","protected":false},"author":5,"featured_media":164664,"comment_status":"closed","ping_status":"closed","sticky":false,"template":"","format":"standard","meta":{"_jetpack_memberships_contains_paid_content":false,"footnotes":""},"categories":[14,1],"tags":[],"class_list":["post-164663","post","type-post","status-publish","format-standard","has-post-thumbnail","hentry","category-policiales","category-portada"],"jetpack_featured_media_url":"https:\/\/i0.wp.com\/cdnoticias.com\/wp-content\/uploads\/2025\/02\/robo-kiosco-colon-alsina-01.jpg?fit=800%2C445&ssl=1","jetpack_sharing_enabled":true,"_links":{"self":[{"href":"https:\/\/cdnoticias.com\/index.php\/wp-json\/wp\/v2\/posts\/164663","targetHints":{"allow":["GET"]}}],"collection":[{"href":"https:\/\/cdnoticias.com\/index.php\/wp-json\/wp\/v2\/posts"}],"about":[{"href":"https:\/\/cdnoticias.com\/index.php\/wp-json\/wp\/v2\/types\/post"}],"author":[{"embeddable":true,"href":"https:\/\/cdnoticias.com\/index.php\/wp-json\/wp\/v2\/users\/5"}],"replies":[{"embeddable":true,"href":"https:\/\/cdnoticias.com\/index.php\/wp-json\/wp\/v2\/comments?post=164663"}],"version-history":[{"count":0,"href":"https:\/\/cdnoticias.com\/index.php\/wp-json\/wp\/v2\/posts\/164663\/revisions"}],"wp:featuredmedia":[{"embeddable":true,"href":"https:\/\/cdnoticias.com\/index.php\/wp-json\/wp\/v2\/media\/164664"}],"wp:attachment":[{"href":"https:\/\/cdnoticias.com\/index.php\/wp-json\/wp\/v2\/media?parent=164663"}],"wp:term":[{"taxonomy":"category","embeddable":true,"href":"https:\/\/cdnoticias.com\/index.php\/wp-json\/wp\/v2\/categories?post=164663"},{"taxonomy":"post_tag","embeddable":true,"href":"https:\/\/cdnoticias.com\/index.php\/wp-json\/wp\/v2\/tags?post=164663"}],"curies":[{"name":"wp","href":"https:\/\/api.w.org\/{rel}","templated":true}]}}