{"id":164647,"date":"2025-02-20T16:21:21","date_gmt":"2025-02-20T19:21:21","guid":{"rendered":"https:\/\/cdnoticias.com\/?p=164647"},"modified":"2025-02-20T18:45:43","modified_gmt":"2025-02-20T21:45:43","slug":"jardin-n-923-cuatro-oferentes-para-la-realizacion-de-importantes-obras","status":"publish","type":"post","link":"https:\/\/cdnoticias.com\/index.php\/2025\/02\/20\/jardin-n-923-cuatro-oferentes-para-la-realizacion-de-importantes-obras\/","title":{"rendered":"Jard\u00edn N\u00b0 923: cuatro oferentes para la realizaci\u00f3n de importantes obras"},"content":{"rendered":"\n<p>El mi\u00e9rcoles se abrieron las ofertas. El presupuesto oficial es de casi 171 millones de pesos.<\/p>\n\n\n\n<hr class=\"wp-block-separator has-alpha-channel-opacity\"\/>\n\n\n\n<p>El Municipio de Olavarr\u00eda inform\u00f3 que en la ma\u00f1ana de este mi\u00e9rcoles se llev\u00f3 a cabo el acto de apertura de la<strong> Licitaci\u00f3n P\u00fablica 3\/2025<\/strong>, para la <strong>construcci\u00f3n de un Sal\u00f3n de Usos M\u00faltiples y reformas en el Jard\u00edn de Infantes N\u00b0 923<\/strong>, que se encuentra ubicado sobre Ayacucho 2199, a la altura de la esquina con avenida Del Valle.<\/p>\n\n\n\n<p><\/p>\n\n\n\n<p>La actividad se concret\u00f3 en la oficina del a Direcci\u00f3n de Licitaciones, encabezada por el responsable de esa \u00e1rea, el contador Ezequiel Lorenzo, junto al Director de Desarrollos y Proyectos, el arquitecto Fabi\u00e1n Rubare, con la participaci\u00f3n de cuatro oferentes, que se detallan a continuaci\u00f3n:<\/p>\n\n\n\n<p><\/p>\n\n\n\n<p><strong>Proponente N\u00b0 1: <\/strong>PECMA SRL, que cotiz\u00f3 la suma de 161.340.623,86 pesos.<br><strong>Proponente N\u00b0 2: <\/strong>Visan Ingenier\u00eda, que cotiz\u00f3 la suma de 159.446.959,36 pesos.<br><strong>Proponente N\u00b0 3: <\/strong>Vilmey ARG SAS, que cotiz\u00f3 la suma de 148.615.000,00 pesos.<br><strong>Proponente N\u00b0 4:<\/strong> Jhonny Caba Lomar, que cotiz\u00f3 la suma de 190.416.343,00 pesos.<\/p>\n\n\n\n<p><\/p>\n\n\n\n<p><strong>El presupuesto oficial es de 170.918.339,20 pesos.<\/strong><\/p>\n\n\n\n<p><\/p>\n\n\n\n<figure class=\"wp-block-image size-full\"><img data-recalc-dims=\"1\" loading=\"lazy\" decoding=\"async\" width=\"800\" height=\"445\" src=\"https:\/\/i0.wp.com\/cdnoticias.com\/wp-content\/uploads\/2025\/02\/jardin-923-licitacion.jpg?resize=800%2C445&#038;ssl=1\" alt=\"\" class=\"wp-image-151006\" srcset=\"https:\/\/i0.wp.com\/cdnoticias.com\/wp-content\/uploads\/2025\/02\/jardin-923-licitacion.jpg?w=1000&amp;ssl=1 1000w, https:\/\/i0.wp.com\/cdnoticias.com\/wp-content\/uploads\/2025\/02\/jardin-923-licitacion.jpg?resize=300%2C167&amp;ssl=1 300w, https:\/\/i0.wp.com\/cdnoticias.com\/wp-content\/uploads\/2025\/02\/jardin-923-licitacion.jpg?resize=768%2C427&amp;ssl=1 768w, https:\/\/i0.wp.com\/cdnoticias.com\/wp-content\/uploads\/2025\/02\/jardin-923-licitacion.jpg?resize=800%2C445&amp;ssl=1 800w\" sizes=\"auto, (max-width: 800px) 100vw, 800px\" \/><\/figure>\n\n\n\n<p><\/p>\n\n\n\n<p><strong>Las obras<\/strong><\/p>\n\n\n\n<p><\/p>\n\n\n\n<p>Desde la Secretar\u00eda de Obras, Infraestructura y Servicios P\u00fablicos del Municipio, que fue desde donde se elabor\u00f3 el pliego, se detall\u00f3 que el proyecto consta en principio de la concreci\u00f3n de un <strong>Sal\u00f3n de Usos M\u00faltiples que se construir\u00e1 en el patio,<\/strong> el cual contar\u00e1 con una entrada independiente, puerta de emergencia y exterior rampado. A la par, tendr\u00e1 calefacci\u00f3n, aire acondicionado y su techo ser\u00e1 de chapa. Estar\u00e1 comunicado con el Jard\u00edn a trav\u00e9s de un semicubierto de chapa.<\/p>\n\n\n\n<p><\/p>\n\n\n\n<p>La licitaci\u00f3n contempla tambi\u00e9n la realizaci\u00f3n de un <strong>ba\u00f1o para personas con movilidad reducida, un ba\u00f1o simple, una preceptor\u00eda, una cocina y un dep\u00f3sito, <\/strong>adem\u00e1s de <strong>reformas en el patio, la fachada y pasillo.<\/strong><\/p>\n","protected":false},"excerpt":{"rendered":"<p>El mi\u00e9rcoles se abrieron las ofertas. El presupuesto oficial es de casi 171 millones de pesos. El Municipio de Olavarr\u00eda<\/p>\n","protected":false},"author":5,"featured_media":164649,"comment_status":"closed","ping_status":"closed","sticky":false,"template":"","format":"standard","meta":{"_jetpack_memberships_contains_paid_content":false,"footnotes":""},"categories":[5,1],"tags":[],"class_list":["post-164647","post","type-post","status-publish","format-standard","has-post-thumbnail","hentry","category-informacion-general","category-portada"],"jetpack_featured_media_url":"https:\/\/i0.wp.com\/cdnoticias.com\/wp-content\/uploads\/2025\/02\/licitacion-escuela-57-5-1024x683-1.jpg?fit=800%2C445&ssl=1","jetpack_sharing_enabled":true,"_links":{"self":[{"href":"https:\/\/cdnoticias.com\/index.php\/wp-json\/wp\/v2\/posts\/164647","targetHints":{"allow":["GET"]}}],"collection":[{"href":"https:\/\/cdnoticias.com\/index.php\/wp-json\/wp\/v2\/posts"}],"about":[{"href":"https:\/\/cdnoticias.com\/index.php\/wp-json\/wp\/v2\/types\/post"}],"author":[{"embeddable":true,"href":"https:\/\/cdnoticias.com\/index.php\/wp-json\/wp\/v2\/users\/5"}],"replies":[{"embeddable":true,"href":"https:\/\/cdnoticias.com\/index.php\/wp-json\/wp\/v2\/comments?post=164647"}],"version-history":[{"count":0,"href":"https:\/\/cdnoticias.com\/index.php\/wp-json\/wp\/v2\/posts\/164647\/revisions"}],"wp:featuredmedia":[{"embeddable":true,"href":"https:\/\/cdnoticias.com\/index.php\/wp-json\/wp\/v2\/media\/164649"}],"wp:attachment":[{"href":"https:\/\/cdnoticias.com\/index.php\/wp-json\/wp\/v2\/media?parent=164647"}],"wp:term":[{"taxonomy":"category","embeddable":true,"href":"https:\/\/cdnoticias.com\/index.php\/wp-json\/wp\/v2\/categories?post=164647"},{"taxonomy":"post_tag","embeddable":true,"href":"https:\/\/cdnoticias.com\/index.php\/wp-json\/wp\/v2\/tags?post=164647"}],"curies":[{"name":"wp","href":"https:\/\/api.w.org\/{rel}","templated":true}]}}