{"id":164637,"date":"2025-02-20T08:48:25","date_gmt":"2025-02-20T11:48:25","guid":{"rendered":"https:\/\/cdnoticias.com\/?p=164637"},"modified":"2025-02-20T10:54:32","modified_gmt":"2025-02-20T13:54:32","slug":"volvio-el-calor-alerta-por-altas-temperaturas-en-olavarria","status":"publish","type":"post","link":"https:\/\/cdnoticias.com\/index.php\/2025\/02\/20\/volvio-el-calor-alerta-por-altas-temperaturas-en-olavarria\/","title":{"rendered":"Volvi\u00f3 el calor: alerta por altas temperaturas en Olavarr\u00eda"},"content":{"rendered":"\n<p>La advertencia fue lanzada para Olavarr\u00eda y la zona. Probabilidad de tormentas aisladas hasta el pr\u00f3ximo lunes.<\/p>\n\n\n\n<hr class=\"wp-block-separator has-alpha-channel-opacity\"\/>\n\n\n\n<p>El <strong>Servicio Meteorol\u00f3gico Nacional (SMN) <\/strong>emiti\u00f3 una <strong>alerta amarilla por temperaturas extremas de calor para Olavarr\u00eda. <\/strong>La advertencia incluye a localidades cercanas como General La Madrid y Laprida.<\/p>\n\n\n\n<p><\/p>\n\n\n\n<p>Seg\u00fan explica el organismo, el nivel amarillo puede tener un<strong> \u201cefecto leve a moderado en la salud\u201d <\/strong>pudiendo ser \u201c<strong>peligrosas, sobre todo para los grupos de riesgo, <\/strong>como ni\u00f1os y ni\u00f1as, personas mayores de 65 a\u00f1os, con enfermedades cr\u00f3nicas\u201d.<\/p>\n\n\n\n<p><\/p>\n\n\n\n<blockquote class=\"wp-block-quote is-layout-flow wp-block-quote-is-layout-flow\">\n<p>La temperatura m\u00e1xima prevista para la jornada de este jueves es de 32\u00b0 con la probabilidad de tormentas para la tarde y tormentas aisladas durante la noche.<\/p>\n<\/blockquote>\n\n\n\n<p><\/p>\n\n\n\n<p>En tanto, el SMN se\u00f1al\u00f3 que el <strong>viernes<\/strong> la m\u00e1xima trepar\u00e1 a los 35\u00b0 con tormentas aisladas durante la tarde. Por otra parte, el <strong>s\u00e1bado<\/strong> la m\u00ednima estipulada es de 23\u00b0 y la m\u00e1xima de 35\u00b0 con chaparrones durante la ma\u00f1ana y tormentas aisladas durante la tarde y noche.<\/p>\n\n\n\n<p><\/p>\n\n\n\n<p>Por \u00faltimo, el <strong>domingo<\/strong> la temperatura m\u00e1xima se ubica en 31\u00b0 con tormentas durante la ma\u00f1ana y tormentas aisladas durante la tarde y noche. El <strong>lunes<\/strong>, la m\u00e1xima ser\u00e1 de 31\u00b0 tambi\u00e9n con tormentas aisladas durante todo el d\u00eda.<\/p>\n\n\n\n<p><\/p>\n\n\n\n<figure class=\"wp-block-image size-full\"><img data-recalc-dims=\"1\" loading=\"lazy\" decoding=\"async\" width=\"472\" height=\"800\" src=\"https:\/\/i0.wp.com\/cdnoticias.com\/wp-content\/uploads\/2025\/02\/mapa_temp_extremas.png?resize=472%2C800&#038;ssl=1\" alt=\"\" class=\"wp-image-164638\" srcset=\"https:\/\/i0.wp.com\/cdnoticias.com\/wp-content\/uploads\/2025\/02\/mapa_temp_extremas.png?w=472&amp;ssl=1 472w, https:\/\/i0.wp.com\/cdnoticias.com\/wp-content\/uploads\/2025\/02\/mapa_temp_extremas.png?resize=177%2C300&amp;ssl=1 177w\" sizes=\"auto, (max-width: 472px) 100vw, 472px\" \/><\/figure>\n","protected":false},"excerpt":{"rendered":"<p>La advertencia fue lanzada para Olavarr\u00eda y la zona. Probabilidad de tormentas aisladas hasta el pr\u00f3ximo lunes. El Servicio Meteorol\u00f3gico<\/p>\n","protected":false},"author":5,"featured_media":134542,"comment_status":"closed","ping_status":"closed","sticky":false,"template":"","format":"standard","meta":{"_jetpack_memberships_contains_paid_content":false,"footnotes":""},"categories":[5,1],"tags":[],"class_list":["post-164637","post","type-post","status-publish","format-standard","has-post-thumbnail","hentry","category-informacion-general","category-portada"],"jetpack_featured_media_url":"https:\/\/i0.wp.com\/cdnoticias.com\/wp-content\/uploads\/2025\/01\/ola-de-calor-olavarria-9.jpg?fit=1072%2C597&ssl=1","jetpack_sharing_enabled":true,"_links":{"self":[{"href":"https:\/\/cdnoticias.com\/index.php\/wp-json\/wp\/v2\/posts\/164637","targetHints":{"allow":["GET"]}}],"collection":[{"href":"https:\/\/cdnoticias.com\/index.php\/wp-json\/wp\/v2\/posts"}],"about":[{"href":"https:\/\/cdnoticias.com\/index.php\/wp-json\/wp\/v2\/types\/post"}],"author":[{"embeddable":true,"href":"https:\/\/cdnoticias.com\/index.php\/wp-json\/wp\/v2\/users\/5"}],"replies":[{"embeddable":true,"href":"https:\/\/cdnoticias.com\/index.php\/wp-json\/wp\/v2\/comments?post=164637"}],"version-history":[{"count":0,"href":"https:\/\/cdnoticias.com\/index.php\/wp-json\/wp\/v2\/posts\/164637\/revisions"}],"wp:featuredmedia":[{"embeddable":true,"href":"https:\/\/cdnoticias.com\/index.php\/wp-json\/wp\/v2\/media\/134542"}],"wp:attachment":[{"href":"https:\/\/cdnoticias.com\/index.php\/wp-json\/wp\/v2\/media?parent=164637"}],"wp:term":[{"taxonomy":"category","embeddable":true,"href":"https:\/\/cdnoticias.com\/index.php\/wp-json\/wp\/v2\/categories?post=164637"},{"taxonomy":"post_tag","embeddable":true,"href":"https:\/\/cdnoticias.com\/index.php\/wp-json\/wp\/v2\/tags?post=164637"}],"curies":[{"name":"wp","href":"https:\/\/api.w.org\/{rel}","templated":true}]}}