{"id":164597,"date":"2025-02-19T18:07:38","date_gmt":"2025-02-19T21:07:38","guid":{"rendered":"https:\/\/cdnoticias.com\/?p=164597"},"modified":"2025-02-19T18:07:42","modified_gmt":"2025-02-19T21:07:42","slug":"presentacion-de-fer-lopez-en-chamula-tierra-de-las-artes","status":"publish","type":"post","link":"https:\/\/cdnoticias.com\/index.php\/2025\/02\/19\/presentacion-de-fer-lopez-en-chamula-tierra-de-las-artes\/","title":{"rendered":"Presentaci\u00f3n de Fer L\u00f3pez en &#8220;Chamula, Tierra de las Artes&#8221;"},"content":{"rendered":"\n<p>Este jueves el artista invita a un viaje musical entre el rock nacional y la m\u00fasica latinoamericana.<\/p>\n\n\n\n<hr class=\"wp-block-separator has-alpha-channel-opacity\"\/>\n\n\n\n<p>Este <strong>jueves 20 de febrero a las 20:30<\/strong>, el artista local Fer L\u00f3pez se presentar\u00e1 en el ciclo<strong> Voces en Chamula (Maip\u00fa 3756).<\/strong><\/p>\n\n\n\n<p><\/p>\n\n\n\n<p>Durante el show, el p\u00fablico disfrutar\u00e1 de <strong>canciones originales que reflejan la identidad musical de Fer L\u00f3pez<\/strong>, y contar\u00e1 con la participaci\u00f3n especial de artistas invitados que enriquecer\u00e1n a\u00fan m\u00e1s la experiencia.<\/p>\n\n\n\n<p><\/p>\n\n\n\n<p>La cita es en el coraz\u00f3n de Chamula, un lugar con una fuerte conexi\u00f3n con las artes y la cultura, que ha sido testigo de grandes momentos musicales. <strong>La entrada ser\u00e1 a la gorra<\/strong>, invitando a todos a disfrutar del talento local, mientras apoyan a los artistas con una contribuci\u00f3n voluntaria.<\/p>\n\n\n\n<p><\/p>\n\n\n\n<p>Adem\u00e1s, el evento contar\u00e1 con un<strong> servicio de cantina continuo <\/strong>para hacer de la velada una experiencia completa y agradable.<\/p>\n","protected":false},"excerpt":{"rendered":"<p>Este jueves el artista invita a un viaje musical entre el rock nacional y la m\u00fasica latinoamericana. Este jueves 20<\/p>\n","protected":false},"author":5,"featured_media":164598,"comment_status":"closed","ping_status":"closed","sticky":false,"template":"","format":"standard","meta":{"_jetpack_memberships_contains_paid_content":false,"footnotes":""},"categories":[9,1],"tags":[],"class_list":["post-164597","post","type-post","status-publish","format-standard","has-post-thumbnail","hentry","category-cultura","category-portada"],"jetpack_featured_media_url":"https:\/\/i0.wp.com\/cdnoticias.com\/wp-content\/uploads\/2025\/02\/ferlopez-chamula-portada.jpg?fit=800%2C445&ssl=1","jetpack_sharing_enabled":true,"_links":{"self":[{"href":"https:\/\/cdnoticias.com\/index.php\/wp-json\/wp\/v2\/posts\/164597","targetHints":{"allow":["GET"]}}],"collection":[{"href":"https:\/\/cdnoticias.com\/index.php\/wp-json\/wp\/v2\/posts"}],"about":[{"href":"https:\/\/cdnoticias.com\/index.php\/wp-json\/wp\/v2\/types\/post"}],"author":[{"embeddable":true,"href":"https:\/\/cdnoticias.com\/index.php\/wp-json\/wp\/v2\/users\/5"}],"replies":[{"embeddable":true,"href":"https:\/\/cdnoticias.com\/index.php\/wp-json\/wp\/v2\/comments?post=164597"}],"version-history":[{"count":0,"href":"https:\/\/cdnoticias.com\/index.php\/wp-json\/wp\/v2\/posts\/164597\/revisions"}],"wp:featuredmedia":[{"embeddable":true,"href":"https:\/\/cdnoticias.com\/index.php\/wp-json\/wp\/v2\/media\/164598"}],"wp:attachment":[{"href":"https:\/\/cdnoticias.com\/index.php\/wp-json\/wp\/v2\/media?parent=164597"}],"wp:term":[{"taxonomy":"category","embeddable":true,"href":"https:\/\/cdnoticias.com\/index.php\/wp-json\/wp\/v2\/categories?post=164597"},{"taxonomy":"post_tag","embeddable":true,"href":"https:\/\/cdnoticias.com\/index.php\/wp-json\/wp\/v2\/tags?post=164597"}],"curies":[{"name":"wp","href":"https:\/\/api.w.org\/{rel}","templated":true}]}}