{"id":164562,"date":"2025-02-18T18:37:45","date_gmt":"2025-02-18T21:37:45","guid":{"rendered":"https:\/\/cdnoticias.com\/?p=164562"},"modified":"2025-02-18T18:37:49","modified_gmt":"2025-02-18T21:37:49","slug":"con-mucho-exito-culmino-la-11-edicion-de-la-copa-de-verano-cae","status":"publish","type":"post","link":"https:\/\/cdnoticias.com\/index.php\/2025\/02\/18\/con-mucho-exito-culmino-la-11-edicion-de-la-copa-de-verano-cae\/","title":{"rendered":"Con mucho \u00e9xito culmin\u00f3 la 11\u00b0 edici\u00f3n de la Copa de Verano CAE"},"content":{"rendered":"\n<p>El cierre fue en el estadio del Parque Guerrero, que estuvo colmado de familias que acompa\u00f1aron en un torneo con much\u00edsimos equipos y partidos dignos de finales. Todos los resultados.<\/p>\n\n\n\n<hr class=\"wp-block-separator aligncenter has-alpha-channel-opacity\"\/>\n\n\n\n<p>En el Estadio del Parque Guerrero,<strong> este s\u00e1bado se disputaron las finales de Oro y Plata de la Copa de Verano CAE 2025 en su und\u00e9cima edici\u00f3n.<\/strong><\/p>\n\n\n\n<p>Fueron cinco d\u00edas de excelente f\u00fatbol, camarader\u00eda y sorpresas y<strong> un d\u00eda culmine con cuatro partidos verdaderamente dignos de finales, donde tres se definieron desde el punto penal y una sola se defini\u00f3 en el tiempo reglamentario con tan s\u00f3lo un gol, por lo que el nivel del mismo estuvo m\u00e1s que a la altura.<\/strong><\/p>\n\n\n\n<figure class=\"wp-block-image size-full\"><img data-recalc-dims=\"1\" loading=\"lazy\" decoding=\"async\" width=\"800\" height=\"534\" src=\"https:\/\/i0.wp.com\/cdnoticias.com\/wp-content\/uploads\/2025\/02\/CopaCAE-08.jpg?resize=800%2C534&#038;ssl=1\" alt=\"\" class=\"wp-image-164570\" srcset=\"https:\/\/i0.wp.com\/cdnoticias.com\/wp-content\/uploads\/2025\/02\/CopaCAE-08.jpg?w=1024&amp;ssl=1 1024w, https:\/\/i0.wp.com\/cdnoticias.com\/wp-content\/uploads\/2025\/02\/CopaCAE-08.jpg?resize=300%2C200&amp;ssl=1 300w, https:\/\/i0.wp.com\/cdnoticias.com\/wp-content\/uploads\/2025\/02\/CopaCAE-08.jpg?resize=768%2C513&amp;ssl=1 768w, https:\/\/i0.wp.com\/cdnoticias.com\/wp-content\/uploads\/2025\/02\/CopaCAE-08.jpg?resize=272%2C182&amp;ssl=1 272w\" sizes=\"auto, (max-width: 800px) 100vw, 800px\" \/><\/figure>\n\n\n\n<figure class=\"wp-block-image size-full\"><img data-recalc-dims=\"1\" loading=\"lazy\" decoding=\"async\" width=\"800\" height=\"534\" src=\"https:\/\/i0.wp.com\/cdnoticias.com\/wp-content\/uploads\/2025\/02\/CopaCAE-02.jpg?resize=800%2C534&#038;ssl=1\" alt=\"\" class=\"wp-image-164564\" srcset=\"https:\/\/i0.wp.com\/cdnoticias.com\/wp-content\/uploads\/2025\/02\/CopaCAE-02.jpg?w=1024&amp;ssl=1 1024w, https:\/\/i0.wp.com\/cdnoticias.com\/wp-content\/uploads\/2025\/02\/CopaCAE-02.jpg?resize=300%2C200&amp;ssl=1 300w, https:\/\/i0.wp.com\/cdnoticias.com\/wp-content\/uploads\/2025\/02\/CopaCAE-02.jpg?resize=768%2C513&amp;ssl=1 768w, https:\/\/i0.wp.com\/cdnoticias.com\/wp-content\/uploads\/2025\/02\/CopaCAE-02.jpg?resize=272%2C182&amp;ssl=1 272w\" sizes=\"auto, (max-width: 800px) 100vw, 800px\" \/><\/figure>\n\n\n\n<p class=\"has-medium-font-size\">Posiciones finales:<\/p>\n\n\n\n<p><strong>2012:<\/strong><\/p>\n\n\n\n<p><strong>Copa de Oro:<\/strong><\/p>\n\n\n\n<p>1\u00b0: CAE Negro<\/p>\n\n\n\n<p>2\u00b0: CEO Azul<\/p>\n\n\n\n<p>Resultado de la final:<\/p>\n\n\n\n<p>CAE Negro 1 \u2013 0 CEO Azul<\/p>\n\n\n\n<p><strong>Copa de Plata:<\/strong><\/p>\n\n\n\n<p>1\u00b0: Racing<\/p>\n\n\n\n<p>2\u00b0: Ferro<\/p>\n\n\n\n<p>Resultado de la final: Racing 1 (4) \u2013 (3) 1 Ferro<\/p>\n\n\n\n<figure class=\"wp-block-image size-full\"><img data-recalc-dims=\"1\" loading=\"lazy\" decoding=\"async\" width=\"800\" height=\"534\" src=\"https:\/\/i0.wp.com\/cdnoticias.com\/wp-content\/uploads\/2025\/02\/CopaCAE-09.jpg?resize=800%2C534&#038;ssl=1\" alt=\"\" class=\"wp-image-164571\" srcset=\"https:\/\/i0.wp.com\/cdnoticias.com\/wp-content\/uploads\/2025\/02\/CopaCAE-09.jpg?w=1024&amp;ssl=1 1024w, https:\/\/i0.wp.com\/cdnoticias.com\/wp-content\/uploads\/2025\/02\/CopaCAE-09.jpg?resize=300%2C200&amp;ssl=1 300w, https:\/\/i0.wp.com\/cdnoticias.com\/wp-content\/uploads\/2025\/02\/CopaCAE-09.jpg?resize=768%2C513&amp;ssl=1 768w, https:\/\/i0.wp.com\/cdnoticias.com\/wp-content\/uploads\/2025\/02\/CopaCAE-09.jpg?resize=272%2C182&amp;ssl=1 272w\" sizes=\"auto, (max-width: 800px) 100vw, 800px\" \/><\/figure>\n\n\n\n<p><strong>2013:<\/strong><\/p>\n\n\n\n<p><strong>Copa de Oro:<\/strong><\/p>\n\n\n\n<p>1\u00b0: CEO Verde<\/p>\n\n\n\n<p>2\u00b0: Sierra Chica<\/p>\n\n\n\n<p>Resultado de la final:<\/p>\n\n\n\n<p>CEO Verde 3 (5) \u2013 (4) 3 Sierra Chica<\/p>\n\n\n\n<p><strong>Copa de Plata:<\/strong><\/p>\n\n\n\n<p>1\u00b0: CAE Negro<\/p>\n\n\n\n<p>2\u00b0: Racing<\/p>\n\n\n\n<p>Resultado de la final:<\/p>\n\n\n\n<p>CAE Negro 1 (3) \u2013 (2) 1 Racing<\/p>\n\n\n\n<figure class=\"wp-block-image size-full\"><img data-recalc-dims=\"1\" loading=\"lazy\" decoding=\"async\" width=\"800\" height=\"534\" src=\"https:\/\/i0.wp.com\/cdnoticias.com\/wp-content\/uploads\/2025\/02\/CopaCAE-12.jpg?resize=800%2C534&#038;ssl=1\" alt=\"\" class=\"wp-image-164574\" srcset=\"https:\/\/i0.wp.com\/cdnoticias.com\/wp-content\/uploads\/2025\/02\/CopaCAE-12.jpg?w=1024&amp;ssl=1 1024w, https:\/\/i0.wp.com\/cdnoticias.com\/wp-content\/uploads\/2025\/02\/CopaCAE-12.jpg?resize=300%2C200&amp;ssl=1 300w, https:\/\/i0.wp.com\/cdnoticias.com\/wp-content\/uploads\/2025\/02\/CopaCAE-12.jpg?resize=768%2C513&amp;ssl=1 768w, https:\/\/i0.wp.com\/cdnoticias.com\/wp-content\/uploads\/2025\/02\/CopaCAE-12.jpg?resize=272%2C182&amp;ssl=1 272w\" sizes=\"auto, (max-width: 800px) 100vw, 800px\" \/><\/figure>\n\n\n\n<p><em><strong>\u201cLes agradecemos a sponsors y a todos los que se han sumado, sobre a todo a las familias que se coparon cada d\u00eda y en el d\u00eda final ver el Estadio albinegro con mucha gente como hac\u00eda mucho que no se lo ve\u00eda\u201d<\/strong><\/em> indicaron desde el club.<\/p>\n\n\n\n<figure class=\"wp-block-image size-full\"><img data-recalc-dims=\"1\" loading=\"lazy\" decoding=\"async\" width=\"800\" height=\"534\" src=\"https:\/\/i0.wp.com\/cdnoticias.com\/wp-content\/uploads\/2025\/02\/CopaCAE-06.jpg?resize=800%2C534&#038;ssl=1\" alt=\"\" class=\"wp-image-164568\" srcset=\"https:\/\/i0.wp.com\/cdnoticias.com\/wp-content\/uploads\/2025\/02\/CopaCAE-06.jpg?w=1024&amp;ssl=1 1024w, https:\/\/i0.wp.com\/cdnoticias.com\/wp-content\/uploads\/2025\/02\/CopaCAE-06.jpg?resize=300%2C200&amp;ssl=1 300w, https:\/\/i0.wp.com\/cdnoticias.com\/wp-content\/uploads\/2025\/02\/CopaCAE-06.jpg?resize=768%2C513&amp;ssl=1 768w, https:\/\/i0.wp.com\/cdnoticias.com\/wp-content\/uploads\/2025\/02\/CopaCAE-06.jpg?resize=272%2C182&amp;ssl=1 272w\" sizes=\"auto, (max-width: 800px) 100vw, 800px\" \/><\/figure>\n\n\n\n<p class=\"has-medium-font-size\">Las distinciones a los jugadores<\/p>\n\n\n\n<p>Premios Individuales:<\/p>\n\n\n\n<p><strong>2012:<\/strong><\/p>\n\n\n\n<p>Goleador: Francisco Arroquy (CAE) con 9 goles.<\/p>\n\n\n\n<p>Figura final Oro: Nicol\u00e1s Vera Barros (CAE Negro).<\/p>\n\n\n\n<p>Figura final Plata: I\u00f1aki Coliman (Racing).<\/p>\n\n\n\n<p>Valla menos vencida: Martin Rizzi (CEO Azul).<\/p>\n\n\n\n<p><strong>2013:<\/strong><\/p>\n\n\n\n<p>Goleador: Salvador Casiraghi (CAE Negro) con 6 goles.<\/p>\n\n\n\n<p>Figura final Oro: Milo Tar\u00e1ntola (Sierra Chica).<\/p>\n\n\n\n<p>Figura final Plata: Thiago Silva (CAE Negro).<\/p>\n\n\n\n<p>Valla menos vencida: Benjam\u00edn Blondl (CEO Verde).<\/p>\n\n\n\n<p>Culminada la Copa,<em><strong> \u201cdestacamos el gran trabajo de los profesores del Club durante toda la semana que hicieron que salga todo de gran manera, coordinado por \u00c1ngel Bosaleh y Mauricio Peralta y toda la Subcomisi\u00f3n que aport\u00f3 su granito para que el Torneo sea un verdadero \u00e9xito con su und\u00e9cima edici\u00f3n\u201d <\/strong><\/em>cerraron.<\/p>\n","protected":false},"excerpt":{"rendered":"<p>El cierre fue en el estadio del Parque Guerrero, que estuvo colmado de familias que acompa\u00f1aron en un torneo con<\/p>\n","protected":false},"author":2,"featured_media":164572,"comment_status":"closed","ping_status":"closed","sticky":false,"template":"","format":"standard","meta":{"_jetpack_memberships_contains_paid_content":false,"footnotes":""},"categories":[40,1],"tags":[],"class_list":["post-164562","post","type-post","status-publish","format-standard","has-post-thumbnail","hentry","category-inferiores","category-portada"],"jetpack_featured_media_url":"https:\/\/i0.wp.com\/cdnoticias.com\/wp-content\/uploads\/2025\/02\/CopaCAE-10.jpg?fit=1024%2C689&ssl=1","jetpack_sharing_enabled":true,"_links":{"self":[{"href":"https:\/\/cdnoticias.com\/index.php\/wp-json\/wp\/v2\/posts\/164562","targetHints":{"allow":["GET"]}}],"collection":[{"href":"https:\/\/cdnoticias.com\/index.php\/wp-json\/wp\/v2\/posts"}],"about":[{"href":"https:\/\/cdnoticias.com\/index.php\/wp-json\/wp\/v2\/types\/post"}],"author":[{"embeddable":true,"href":"https:\/\/cdnoticias.com\/index.php\/wp-json\/wp\/v2\/users\/2"}],"replies":[{"embeddable":true,"href":"https:\/\/cdnoticias.com\/index.php\/wp-json\/wp\/v2\/comments?post=164562"}],"version-history":[{"count":0,"href":"https:\/\/cdnoticias.com\/index.php\/wp-json\/wp\/v2\/posts\/164562\/revisions"}],"wp:featuredmedia":[{"embeddable":true,"href":"https:\/\/cdnoticias.com\/index.php\/wp-json\/wp\/v2\/media\/164572"}],"wp:attachment":[{"href":"https:\/\/cdnoticias.com\/index.php\/wp-json\/wp\/v2\/media?parent=164562"}],"wp:term":[{"taxonomy":"category","embeddable":true,"href":"https:\/\/cdnoticias.com\/index.php\/wp-json\/wp\/v2\/categories?post=164562"},{"taxonomy":"post_tag","embeddable":true,"href":"https:\/\/cdnoticias.com\/index.php\/wp-json\/wp\/v2\/tags?post=164562"}],"curies":[{"name":"wp","href":"https:\/\/api.w.org\/{rel}","templated":true}]}}