{"id":164510,"date":"2025-02-18T11:25:07","date_gmt":"2025-02-18T14:25:07","guid":{"rendered":"https:\/\/cdnoticias.com\/?p=164510"},"modified":"2025-02-18T17:36:02","modified_gmt":"2025-02-18T20:36:02","slug":"violento-choque-y-vuelco-en-avenida-urquiza","status":"publish","type":"post","link":"https:\/\/cdnoticias.com\/index.php\/2025\/02\/18\/violento-choque-y-vuelco-en-avenida-urquiza\/","title":{"rendered":"Violento choque y vuelco en avenida Urquiza"},"content":{"rendered":"\n<p>Ocurri\u00f3 durante la ma\u00f1ana de este martes. Colisionaron un Peugeot 206 y un Fiat Fiorino. Ambos veh\u00edculos circulaban en la misma direcci\u00f3n.<\/p>\n\n\n\n<hr class=\"wp-block-separator has-alpha-channel-opacity\"\/>\n\n\n\n<p>Durante la ma\u00f1ana de este martes se produjo un <strong>violento accidente en avenida Urquiza al 2800.<\/strong> En el lugar chocaron un<strong> Peugeot 206 y un Fiat Fiorino.<\/strong><\/p>\n\n\n\n<p><\/p>\n\n\n\n<p>Seg\u00fan los datos recogidos por <em>Central de Noticias <\/em>en el lugar, <strong>ambos veh\u00edculos circulaban por la avenida en la misma direcci\u00f3n<\/strong> (sentido Col\u00f3n hacia San Mart\u00edn) cuando<strong> uno \u201cenganch\u00f3\u201d la parte trasera del otro, <\/strong>provocando el siniestro.<\/p>\n\n\n\n<p><\/p>\n\n\n\n<figure class=\"wp-block-image size-full\"><img data-recalc-dims=\"1\" loading=\"lazy\" decoding=\"async\" width=\"800\" height=\"450\" src=\"https:\/\/i0.wp.com\/cdnoticias.com\/wp-content\/uploads\/2025\/02\/choque-vuelco-urquiza2800-04.jpg?resize=800%2C450&#038;ssl=1\" alt=\"\" class=\"wp-image-164514\" srcset=\"https:\/\/i0.wp.com\/cdnoticias.com\/wp-content\/uploads\/2025\/02\/choque-vuelco-urquiza2800-04.jpg?w=800&amp;ssl=1 800w, https:\/\/i0.wp.com\/cdnoticias.com\/wp-content\/uploads\/2025\/02\/choque-vuelco-urquiza2800-04.jpg?resize=300%2C169&amp;ssl=1 300w, https:\/\/i0.wp.com\/cdnoticias.com\/wp-content\/uploads\/2025\/02\/choque-vuelco-urquiza2800-04.jpg?resize=768%2C432&amp;ssl=1 768w\" sizes=\"auto, (max-width: 800px) 100vw, 800px\" \/><\/figure>\n\n\n\n<figure class=\"wp-block-image size-full\"><img data-recalc-dims=\"1\" loading=\"lazy\" decoding=\"async\" width=\"800\" height=\"445\" src=\"https:\/\/i0.wp.com\/cdnoticias.com\/wp-content\/uploads\/2025\/02\/choque-vuelco-urquiza2800-01.jpg?resize=800%2C445&#038;ssl=1\" alt=\"\" class=\"wp-image-164512\" srcset=\"https:\/\/i0.wp.com\/cdnoticias.com\/wp-content\/uploads\/2025\/02\/choque-vuelco-urquiza2800-01.jpg?w=800&amp;ssl=1 800w, https:\/\/i0.wp.com\/cdnoticias.com\/wp-content\/uploads\/2025\/02\/choque-vuelco-urquiza2800-01.jpg?resize=300%2C167&amp;ssl=1 300w, https:\/\/i0.wp.com\/cdnoticias.com\/wp-content\/uploads\/2025\/02\/choque-vuelco-urquiza2800-01.jpg?resize=768%2C427&amp;ssl=1 768w\" sizes=\"auto, (max-width: 800px) 100vw, 800px\" \/><\/figure>\n\n\n\n<p><\/p>\n\n\n\n<p><strong>El Fiat Fiorino termin\u00f3 volcado sobre la avenida.<\/strong> Afortunadamente no se registraron heridos.<\/p>\n\n\n\n<p><\/p>\n\n\n\n<figure class=\"wp-block-image size-full\"><img data-recalc-dims=\"1\" loading=\"lazy\" decoding=\"async\" width=\"800\" height=\"450\" src=\"https:\/\/i0.wp.com\/cdnoticias.com\/wp-content\/uploads\/2025\/02\/choque-vuelco-urquiza2800-03.jpg?resize=800%2C450&#038;ssl=1\" alt=\"\" class=\"wp-image-164513\" srcset=\"https:\/\/i0.wp.com\/cdnoticias.com\/wp-content\/uploads\/2025\/02\/choque-vuelco-urquiza2800-03.jpg?w=800&amp;ssl=1 800w, https:\/\/i0.wp.com\/cdnoticias.com\/wp-content\/uploads\/2025\/02\/choque-vuelco-urquiza2800-03.jpg?resize=300%2C169&amp;ssl=1 300w, https:\/\/i0.wp.com\/cdnoticias.com\/wp-content\/uploads\/2025\/02\/choque-vuelco-urquiza2800-03.jpg?resize=768%2C432&amp;ssl=1 768w\" sizes=\"auto, (max-width: 800px) 100vw, 800px\" \/><\/figure>\n\n\n\n<p><\/p>\n\n\n\n<p>El tr\u00e1nsito debi\u00f3 ser<strong> interrumpido<\/strong> en el sector para poder retirar el veh\u00edculo.<\/p>\n","protected":false},"excerpt":{"rendered":"<p>Ocurri\u00f3 durante la ma\u00f1ana de este martes. Colisionaron un Peugeot 206 y un Fiat Fiorino. Ambos veh\u00edculos circulaban en la<\/p>\n","protected":false},"author":5,"featured_media":164511,"comment_status":"closed","ping_status":"closed","sticky":false,"template":"","format":"standard","meta":{"_jetpack_memberships_contains_paid_content":false,"footnotes":""},"categories":[14,1],"tags":[],"class_list":["post-164510","post","type-post","status-publish","format-standard","has-post-thumbnail","hentry","category-policiales","category-portada"],"jetpack_featured_media_url":"https:\/\/i0.wp.com\/cdnoticias.com\/wp-content\/uploads\/2025\/02\/choque-vuelco-urquiza2800-00.jpg?fit=800%2C450&ssl=1","jetpack_sharing_enabled":true,"_links":{"self":[{"href":"https:\/\/cdnoticias.com\/index.php\/wp-json\/wp\/v2\/posts\/164510","targetHints":{"allow":["GET"]}}],"collection":[{"href":"https:\/\/cdnoticias.com\/index.php\/wp-json\/wp\/v2\/posts"}],"about":[{"href":"https:\/\/cdnoticias.com\/index.php\/wp-json\/wp\/v2\/types\/post"}],"author":[{"embeddable":true,"href":"https:\/\/cdnoticias.com\/index.php\/wp-json\/wp\/v2\/users\/5"}],"replies":[{"embeddable":true,"href":"https:\/\/cdnoticias.com\/index.php\/wp-json\/wp\/v2\/comments?post=164510"}],"version-history":[{"count":0,"href":"https:\/\/cdnoticias.com\/index.php\/wp-json\/wp\/v2\/posts\/164510\/revisions"}],"wp:featuredmedia":[{"embeddable":true,"href":"https:\/\/cdnoticias.com\/index.php\/wp-json\/wp\/v2\/media\/164511"}],"wp:attachment":[{"href":"https:\/\/cdnoticias.com\/index.php\/wp-json\/wp\/v2\/media?parent=164510"}],"wp:term":[{"taxonomy":"category","embeddable":true,"href":"https:\/\/cdnoticias.com\/index.php\/wp-json\/wp\/v2\/categories?post=164510"},{"taxonomy":"post_tag","embeddable":true,"href":"https:\/\/cdnoticias.com\/index.php\/wp-json\/wp\/v2\/tags?post=164510"}],"curies":[{"name":"wp","href":"https:\/\/api.w.org\/{rel}","templated":true}]}}