{"id":16448,"date":"2021-03-17T14:25:07","date_gmt":"2021-03-17T17:25:07","guid":{"rendered":"http:\/\/www.centraldenoticias.com.ar\/?p=16448"},"modified":"2021-03-17T14:25:07","modified_gmt":"2021-03-17T17:25:07","slug":"por-un-recorte-de-horas-docentes-del-conservatorio-se-manifestaran","status":"publish","type":"post","link":"https:\/\/cdnoticias.com\/index.php\/2021\/03\/17\/por-un-recorte-de-horas-docentes-del-conservatorio-se-manifestaran\/","title":{"rendered":"Por un recorte de horas, docentes del Conservatorio se manifestar\u00e1n"},"content":{"rendered":"<p>Ser\u00e1 este jueves a las 11 horas en el Consejo Escolar. Se\u00f1alan que hubo un \u201cferoz\u201d recorte de horas de clase, y que, si bien hab\u00eda un acuerdo con el Estado, ahora se cataloga de situaci\u00f3n \u201cirregular\u201d.<!--more--><\/p>\n<hr \/>\n<p>Tras la<strong> denuncia de un \u201cferoz\u201d recorte de horas, docentes del Conservatorio se manifestar\u00e1n en las puertas del Consejo Escolar este jueves desde las 11 horas<\/strong>, con m\u00fasica y movilizaci\u00f3n por calles del centro de la ciudad.<\/p>\n<p>&nbsp;<\/p>\n<p>Seg\u00fan lo que expresan docentes de la instituci\u00f3n, <strong>se trata de aproximadamente 68 horas que se recortan y que hab\u00edan sido aprobadas <em>\u201cdesde el a\u00f1o 2012, increment\u00e1ndose en sucesivas designaciones vigentes hasta el d\u00eda de hoy, por todos nuestros inmediatos superiores (directivos, inspectores, jefes regionales y distritales) hasta llegar a la Direcci\u00f3n de Educaci\u00f3n Art\u00edstica\u201d.<\/em><\/strong><\/p>\n<p>&nbsp;<\/p>\n<blockquote><p>La pandemia hizo que las horas comiencen a recortarse y, seg\u00fan denuncian, \u201cla Provincia decide dejar sin trabajo a estos docentes y sin tiempo o posibilidades de readecuaci\u00f3n laboral\u201d.<\/p><\/blockquote>\n<p>&nbsp;<\/p>\n<p>Uno de los pedidos es que <strong>se explique porque durante todos estos a\u00f1os se \u201caval\u00f3\u201d el proyecto institucional del Conservatorio que hizo que los docentes tengan asignadas una cierta cantidad de horas<\/strong> y que hoy se catalogue exactamente la misma situaci\u00f3n como \u201cirregular\u201d.<\/p>\n<p>&nbsp;<\/p>\n<p><em>\u201cEl Estado sostuvo y aval\u00f3 durante 12 a\u00f1os lo que ahora considera una situaci\u00f3n \u201cirregular\u201d y pretende que los trabajadores sean los \u00fanicos que paguen el costo con la p\u00e9rdida de sus horas. Cada docente concurs\u00f3 sus m\u00f3dulos legalmente y releg\u00f3 otras horas y trabajos para cumplir con su tarea en el Conservatorio\u201d<\/em> indicaron en un comunicado que profundizar\u00e1n con la protesta este jueves en horas de la ma\u00f1ana.<\/p>\n","protected":false},"excerpt":{"rendered":"<p>Ser\u00e1 este jueves a las 11 horas en el Consejo Escolar. Se\u00f1alan que hubo un \u201cferoz\u201d recorte de horas de<\/p>\n","protected":false},"author":2,"featured_media":16451,"comment_status":"closed","ping_status":"closed","sticky":false,"template":"","format":"standard","meta":{"_jetpack_memberships_contains_paid_content":false,"footnotes":""},"categories":[9,1],"tags":[],"class_list":["post-16448","post","type-post","status-publish","format-standard","has-post-thumbnail","hentry","category-cultura","category-portada"],"jetpack_featured_media_url":"https:\/\/i0.wp.com\/cdnoticias.com\/wp-content\/uploads\/2021\/03\/Foto_conservatorio_nuevo.jpg?fit=4320%2C3240&ssl=1","jetpack_sharing_enabled":true,"_links":{"self":[{"href":"https:\/\/cdnoticias.com\/index.php\/wp-json\/wp\/v2\/posts\/16448","targetHints":{"allow":["GET"]}}],"collection":[{"href":"https:\/\/cdnoticias.com\/index.php\/wp-json\/wp\/v2\/posts"}],"about":[{"href":"https:\/\/cdnoticias.com\/index.php\/wp-json\/wp\/v2\/types\/post"}],"author":[{"embeddable":true,"href":"https:\/\/cdnoticias.com\/index.php\/wp-json\/wp\/v2\/users\/2"}],"replies":[{"embeddable":true,"href":"https:\/\/cdnoticias.com\/index.php\/wp-json\/wp\/v2\/comments?post=16448"}],"version-history":[{"count":0,"href":"https:\/\/cdnoticias.com\/index.php\/wp-json\/wp\/v2\/posts\/16448\/revisions"}],"wp:featuredmedia":[{"embeddable":true,"href":"https:\/\/cdnoticias.com\/index.php\/wp-json\/wp\/v2\/media\/16451"}],"wp:attachment":[{"href":"https:\/\/cdnoticias.com\/index.php\/wp-json\/wp\/v2\/media?parent=16448"}],"wp:term":[{"taxonomy":"category","embeddable":true,"href":"https:\/\/cdnoticias.com\/index.php\/wp-json\/wp\/v2\/categories?post=16448"},{"taxonomy":"post_tag","embeddable":true,"href":"https:\/\/cdnoticias.com\/index.php\/wp-json\/wp\/v2\/tags?post=16448"}],"curies":[{"name":"wp","href":"https:\/\/api.w.org\/{rel}","templated":true}]}}