{"id":164436,"date":"2025-02-17T18:08:55","date_gmt":"2025-02-17T21:08:55","guid":{"rendered":"https:\/\/cdnoticias.com\/?p=164436"},"modified":"2025-02-17T18:08:59","modified_gmt":"2025-02-17T21:08:59","slug":"corte-de-luz-programado-para-un-sector-de-olavarria-2","status":"publish","type":"post","link":"https:\/\/cdnoticias.com\/index.php\/2025\/02\/17\/corte-de-luz-programado-para-un-sector-de-olavarria-2\/","title":{"rendered":"Corte de luz programado para un sector de Olavarr\u00eda"},"content":{"rendered":"\n<p>Ser\u00e1 este martes 18 de febrero durante la ma\u00f1ana.<\/p>\n\n\n\n<hr class=\"wp-block-separator has-alpha-channel-opacity\"\/>\n\n\n\n<p>Coopelectric inform\u00f3 que este<strong> martes 18 de febrero<\/strong> se program\u00f3 un corte de luz durante la ma\u00f1ana.<\/p>\n\n\n\n<p><\/p>\n\n\n\n<blockquote class=\"wp-block-quote is-layout-flow wp-block-quote-is-layout-flow\">\n<p>Ser\u00e1 en el horario de 7:00 a 11:00 en el sector comprendido por: avenida Alberdi, Buchardo, Jun\u00edn y avenida Pueyrred\u00f3n.<\/p>\n<\/blockquote>\n\n\n\n<p><\/p>\n\n\n\n<p>El motivo es por mantenimiento y <strong>la interrupci\u00f3n puede ser reprogramada si las condiciones clim\u00e1ticas son adversas.<\/strong><\/p>\n","protected":false},"excerpt":{"rendered":"<p>Ser\u00e1 este martes 18 de febrero durante la ma\u00f1ana. Coopelectric inform\u00f3 que este martes 18 de febrero se program\u00f3 un<\/p>\n","protected":false},"author":5,"featured_media":134720,"comment_status":"closed","ping_status":"closed","sticky":false,"template":"","format":"standard","meta":{"_jetpack_memberships_contains_paid_content":false,"footnotes":""},"categories":[5,1],"tags":[],"class_list":["post-164436","post","type-post","status-publish","format-standard","has-post-thumbnail","hentry","category-informacion-general","category-portada"],"jetpack_featured_media_url":"https:\/\/i0.wp.com\/cdnoticias.com\/wp-content\/uploads\/2025\/01\/corte-programado-coopelectric4.jpg?fit=1072%2C597&ssl=1","jetpack_sharing_enabled":true,"_links":{"self":[{"href":"https:\/\/cdnoticias.com\/index.php\/wp-json\/wp\/v2\/posts\/164436","targetHints":{"allow":["GET"]}}],"collection":[{"href":"https:\/\/cdnoticias.com\/index.php\/wp-json\/wp\/v2\/posts"}],"about":[{"href":"https:\/\/cdnoticias.com\/index.php\/wp-json\/wp\/v2\/types\/post"}],"author":[{"embeddable":true,"href":"https:\/\/cdnoticias.com\/index.php\/wp-json\/wp\/v2\/users\/5"}],"replies":[{"embeddable":true,"href":"https:\/\/cdnoticias.com\/index.php\/wp-json\/wp\/v2\/comments?post=164436"}],"version-history":[{"count":0,"href":"https:\/\/cdnoticias.com\/index.php\/wp-json\/wp\/v2\/posts\/164436\/revisions"}],"wp:featuredmedia":[{"embeddable":true,"href":"https:\/\/cdnoticias.com\/index.php\/wp-json\/wp\/v2\/media\/134720"}],"wp:attachment":[{"href":"https:\/\/cdnoticias.com\/index.php\/wp-json\/wp\/v2\/media?parent=164436"}],"wp:term":[{"taxonomy":"category","embeddable":true,"href":"https:\/\/cdnoticias.com\/index.php\/wp-json\/wp\/v2\/categories?post=164436"},{"taxonomy":"post_tag","embeddable":true,"href":"https:\/\/cdnoticias.com\/index.php\/wp-json\/wp\/v2\/tags?post=164436"}],"curies":[{"name":"wp","href":"https:\/\/api.w.org\/{rel}","templated":true}]}}