{"id":164422,"date":"2025-02-17T16:44:29","date_gmt":"2025-02-17T19:44:29","guid":{"rendered":"https:\/\/cdnoticias.com\/?p=164422"},"modified":"2025-02-17T19:05:28","modified_gmt":"2025-02-17T22:05:28","slug":"unos-120-ingresantes-comenzaron-el-curso-de-ingreso-en-la-facultad-de-ciencias-sociales-de-unicen","status":"publish","type":"post","link":"https:\/\/cdnoticias.com\/index.php\/2025\/02\/17\/unos-120-ingresantes-comenzaron-el-curso-de-ingreso-en-la-facultad-de-ciencias-sociales-de-unicen\/","title":{"rendered":"Unos 120 ingresantes comenzaron el Curso de Ingreso en la Facultad de Ciencias Sociales de Unicen"},"content":{"rendered":"<p>La decana de la Facultad, Gabriela Gamberini, destac\u00f3 que \u201cse registra ingreso en todas las carreras, licenciaturas y profesorados, y es un n\u00famero semejante al que venimos manejando en el \u00faltimo tiempo\u201d.<!--more--><\/p>\n<hr \/>\n<p>Fotos:\u00a0 <em>\u00c1rea de Prensa y Comunicaci\u00f3n Institucional de FACSO &#8211; Unicen<\/em><\/p>\n<p><strong>Este lunes dio comienzo el Curso de Ingreso a la Vida Universitaria (CIVU)<\/strong> en la <strong>Facultad de Ciencias Sociales de la Unicen<\/strong> en Olavarr\u00eda. Sobre el tema habl\u00f3 la <strong>decana de la Facultad, Gabriela Gamberini<\/strong>, en el programa Levantate por FM Sapiens (102.7).<\/p>\n<p><em>\u201cLa Facultad de Ciencias Sociales vuelve a abrir las puertas a un grupo de estudiantes que eligen las carreras de las ciencias sociales para llevar adelante sus estudios universitarios\u201d<\/em> defini\u00f3.<\/p>\n<blockquote><p>La licenciada valor\u00f3 el inicio de la etapa educativa y la elecci\u00f3n del \u00e1mbito de la universidad p\u00fablica para llevarla adelante. Inform\u00f3 que \u201cla matr\u00edcula este a\u00f1o ronda los 120 anotados entre los estudiantes que tenemos de ingreso. Se registra ingreso en todas las carreras, licenciaturas y profesorados, y es un n\u00famero semejante al que venimos manejando en el \u00faltimo tiempo\u201d.<\/p><\/blockquote>\n<p><img data-recalc-dims=\"1\" loading=\"lazy\" decoding=\"async\" class=\"size-full wp-image-164423 aligncenter\" src=\"https:\/\/i0.wp.com\/cdnoticias.com\/wp-content\/uploads\/2025\/02\/FACSO-curso-de-ingreso-gabriela-gamberini-00.jpg?resize=800%2C445&#038;ssl=1\" alt=\"\" width=\"800\" height=\"445\" srcset=\"https:\/\/i0.wp.com\/cdnoticias.com\/wp-content\/uploads\/2025\/02\/FACSO-curso-de-ingreso-gabriela-gamberini-00.jpg?w=1000&amp;ssl=1 1000w, https:\/\/i0.wp.com\/cdnoticias.com\/wp-content\/uploads\/2025\/02\/FACSO-curso-de-ingreso-gabriela-gamberini-00.jpg?resize=300%2C167&amp;ssl=1 300w, https:\/\/i0.wp.com\/cdnoticias.com\/wp-content\/uploads\/2025\/02\/FACSO-curso-de-ingreso-gabriela-gamberini-00.jpg?resize=768%2C427&amp;ssl=1 768w, https:\/\/i0.wp.com\/cdnoticias.com\/wp-content\/uploads\/2025\/02\/FACSO-curso-de-ingreso-gabriela-gamberini-00.jpg?resize=800%2C445&amp;ssl=1 800w\" sizes=\"auto, (max-width: 800px) 100vw, 800px\" \/><\/p>\n<p>Las carreras que se dictan en la Facultad local son <strong>Licenciaturas en Comunicaci\u00f3n y Antropolog\u00eda, Profesorados de Comunicaci\u00f3n y Antropolog\u00eda, y Periodismo<\/strong>. Gamberini a\u00f1adi\u00f3 que la casa de estudios recibe adem\u00e1s a 90 cursantes de la <strong>Licenciatura en Psicopedagog\u00eda<\/strong> que iniciar\u00e1 su segundo a\u00f1o de dictado y la carrera de<strong> Relaciones Laborales<\/strong> en su quinta edici\u00f3n.<\/p>\n<p>M\u00e1s adelante, remarc\u00f3 que <a href=\"https:\/\/cdnoticias.com\/index.php\/2024\/12\/04\/abrio-la-inscripcion-al-doctorado-en-ciencias-sociales-de-la-unicen\/\" target=\"_blank\" rel=\"noopener\">permanece abierta la preinscripci\u00f3n para el posgrado<\/a>. <strong>\u201cEl doctorado en ciencias sociales ha sido la \u00faltima apuesta acad\u00e9mica de la facultad\u201d<\/strong> dijo.<\/p>\n<h3>Curso de Ingreso<\/h3>\n<p>La decana consider\u00f3 que el inicio de los estudios universitarios significan<strong> \u201cun momento sumamente importante\u201d<\/strong> para los estudiantes.<em> \u201cInician un nuevo periodo sobre todo en el marco de la universidad p\u00fablica\u201d.<\/em><\/p>\n<p><img data-recalc-dims=\"1\" loading=\"lazy\" decoding=\"async\" class=\"size-full wp-image-164426 aligncenter\" src=\"https:\/\/i0.wp.com\/cdnoticias.com\/wp-content\/uploads\/2025\/02\/FACSO-curso-de-ingreso-gabriela-gamberini-03.jpg?resize=800%2C446&#038;ssl=1\" alt=\"\" width=\"800\" height=\"446\" srcset=\"https:\/\/i0.wp.com\/cdnoticias.com\/wp-content\/uploads\/2025\/02\/FACSO-curso-de-ingreso-gabriela-gamberini-03.jpg?w=1000&amp;ssl=1 1000w, https:\/\/i0.wp.com\/cdnoticias.com\/wp-content\/uploads\/2025\/02\/FACSO-curso-de-ingreso-gabriela-gamberini-03.jpg?resize=300%2C167&amp;ssl=1 300w, https:\/\/i0.wp.com\/cdnoticias.com\/wp-content\/uploads\/2025\/02\/FACSO-curso-de-ingreso-gabriela-gamberini-03.jpg?resize=768%2C428&amp;ssl=1 768w, https:\/\/i0.wp.com\/cdnoticias.com\/wp-content\/uploads\/2025\/02\/FACSO-curso-de-ingreso-gabriela-gamberini-03.jpg?resize=800%2C445&amp;ssl=1 800w\" sizes=\"auto, (max-width: 800px) 100vw, 800px\" \/><\/p>\n<p>El CIVU se dicta desde hace dos a\u00f1os en forma<strong> presencial<\/strong>, \u201cen trabajo en distintas comisiones, <strong>por el t\u00e9rmino de dos meses<\/strong>. El equipo de coordinaci\u00f3n del Programa de Ingreso, Permanencia y Egreso a la Facultad viene trabajando fuertemente para fortalecer este primer proceso de trabajo en el marco de lo que es <strong>conocer las caracter\u00edsticas del campo de estudios de las ciencias sociales, fortalecer los procesos de lectura, de escritura y de comprensi\u00f3n acad\u00e9mica. Y tambi\u00e9n generar instancias de inscripci\u00f3n institucional\u201d<\/strong>.<\/p>\n<p>Se\u00f1al\u00f3 que tales objetivos buscan<em> \u201cgenerar conocimiento de los procedimientos que implican anotarse a las distintas materias, en lo que implica la socializaci\u00f3n y el conocimiento con el grupo de pares, con docentes, con no docentes\u201d<\/em>.<\/p>\n<blockquote><p>Consultada sobre el nivel educativo con que llegan los ingresantes a la Facultad, Gabriela Gamberini respondi\u00f3 que en la instituci\u00f3n \u201cse trata de revisar las estrategias de ense\u00f1anza y de aprendizaje en lo que es el primer a\u00f1o de estudios\u201d. Tuvo en cuenta que \u201chay diferentes experiencias de aprendizaje, pero puedo decir que tratamos de adecuar estas estrategias para facilitar la comprensi\u00f3n. Hay de todo, hay estudiantes que vienen con m\u00e1s herramientas y hay otros que es necesario fortalecer\u201d.<\/p><\/blockquote>\n<p><img data-recalc-dims=\"1\" loading=\"lazy\" decoding=\"async\" class=\"size-full wp-image-164427 aligncenter\" src=\"https:\/\/i0.wp.com\/cdnoticias.com\/wp-content\/uploads\/2025\/02\/FACSO-curso-de-ingreso-gabriela-gamberini-04.jpg?resize=800%2C445&#038;ssl=1\" alt=\"\" width=\"800\" height=\"445\" srcset=\"https:\/\/i0.wp.com\/cdnoticias.com\/wp-content\/uploads\/2025\/02\/FACSO-curso-de-ingreso-gabriela-gamberini-04.jpg?w=1000&amp;ssl=1 1000w, https:\/\/i0.wp.com\/cdnoticias.com\/wp-content\/uploads\/2025\/02\/FACSO-curso-de-ingreso-gabriela-gamberini-04.jpg?resize=300%2C167&amp;ssl=1 300w, https:\/\/i0.wp.com\/cdnoticias.com\/wp-content\/uploads\/2025\/02\/FACSO-curso-de-ingreso-gabriela-gamberini-04.jpg?resize=768%2C427&amp;ssl=1 768w, https:\/\/i0.wp.com\/cdnoticias.com\/wp-content\/uploads\/2025\/02\/FACSO-curso-de-ingreso-gabriela-gamberini-04.jpg?resize=800%2C445&amp;ssl=1 800w\" sizes=\"auto, (max-width: 800px) 100vw, 800px\" \/><\/p>\n<p>En ese marco, evalu\u00f3 la necesidad de<strong> \u201ctrabajar con las pautas de estudio<\/strong>. Eso es importante porque acercarse al campo de estudio de cualquier materia implica tiempo, implica lectura, res\u00famenes, toda una serie de pr\u00e1cticas que es necesario trabajar si quer\u00e9s sortear exitosamente una carrera universitaria\u201d.<\/p>\n<p>El curso se dicta en simult\u00e1neo <strong>en la sede de FACSO del campus de la Unicen<\/strong>, en Del Valle al 5200, y en las <strong>aulas universitarias de las cinco Unidades Penales de Olavarr\u00eda y de Azul<\/strong>. \u201cEn ambos casos hay equipos docentes trabajando a partir de un cuadernillo que hace el nexo de este proceso de trabajo para poder acompa\u00f1ar esta etapa\u201d explic\u00f3 la decana.<\/p>\n<p>Adem\u00e1s, indic\u00f3 que se ofrecen tambi\u00e9n <strong>variadas propuestas para facilitar el acceso a la bibliograf\u00eda<\/strong>. Entre ellas, mencion\u00f3 que \u201cse han incorporado en el \u00faltimo tiempo las aulas virtuales. El <strong>campus virtual<\/strong> opera como un complemento a esas actividades y all\u00ed se aloja bibliograf\u00eda digitalizada, gu\u00edas de lectura, se llevan adelante foros. Hay todo un trabajo que se complementa desde esta plataforma\u201d.<\/p>\n","protected":false},"excerpt":{"rendered":"<p>La decana de la Facultad, Gabriela Gamberini, destac\u00f3 que \u201cse registra ingreso en todas las carreras, licenciaturas y profesorados, y<\/p>\n","protected":false},"author":4,"featured_media":164425,"comment_status":"closed","ping_status":"closed","sticky":false,"template":"","format":"standard","meta":{"_jetpack_memberships_contains_paid_content":false,"footnotes":""},"categories":[5,1],"tags":[],"class_list":["post-164422","post","type-post","status-publish","format-standard","has-post-thumbnail","hentry","category-informacion-general","category-portada"],"jetpack_featured_media_url":"https:\/\/i0.wp.com\/cdnoticias.com\/wp-content\/uploads\/2025\/02\/FACSO-curso-de-ingreso-gabriela-gamberini-02.jpg?fit=1000%2C556&ssl=1","jetpack_sharing_enabled":true,"_links":{"self":[{"href":"https:\/\/cdnoticias.com\/index.php\/wp-json\/wp\/v2\/posts\/164422","targetHints":{"allow":["GET"]}}],"collection":[{"href":"https:\/\/cdnoticias.com\/index.php\/wp-json\/wp\/v2\/posts"}],"about":[{"href":"https:\/\/cdnoticias.com\/index.php\/wp-json\/wp\/v2\/types\/post"}],"author":[{"embeddable":true,"href":"https:\/\/cdnoticias.com\/index.php\/wp-json\/wp\/v2\/users\/4"}],"replies":[{"embeddable":true,"href":"https:\/\/cdnoticias.com\/index.php\/wp-json\/wp\/v2\/comments?post=164422"}],"version-history":[{"count":0,"href":"https:\/\/cdnoticias.com\/index.php\/wp-json\/wp\/v2\/posts\/164422\/revisions"}],"wp:featuredmedia":[{"embeddable":true,"href":"https:\/\/cdnoticias.com\/index.php\/wp-json\/wp\/v2\/media\/164425"}],"wp:attachment":[{"href":"https:\/\/cdnoticias.com\/index.php\/wp-json\/wp\/v2\/media?parent=164422"}],"wp:term":[{"taxonomy":"category","embeddable":true,"href":"https:\/\/cdnoticias.com\/index.php\/wp-json\/wp\/v2\/categories?post=164422"},{"taxonomy":"post_tag","embeddable":true,"href":"https:\/\/cdnoticias.com\/index.php\/wp-json\/wp\/v2\/tags?post=164422"}],"curies":[{"name":"wp","href":"https:\/\/api.w.org\/{rel}","templated":true}]}}